{"id":41816,"date":"2024-05-02T13:28:08","date_gmt":"2024-05-02T16:28:08","guid":{"rendered":"https:\/\/radiorevelacionfm.cl\/?p=41816"},"modified":"2024-05-02T13:28:08","modified_gmt":"2024-05-02T16:28:08","slug":"con-servicios-dependientes-y-relacionados-del-sector-realizan-gabinete-de-justicia-y-proyectos","status":"publish","type":"post","link":"https:\/\/radiorevelacionfm.cl\/?p=41816","title":{"rendered":"Con servicios dependientes y relacionados del sector: Realizan Gabinete de Justicia y Proyectos"},"content":{"rendered":"<div class=\"flex_column av_one_full  flex_column_div av-zero-column-padding first  avia-builder-el-0  el_before_av_one_full  avia-builder-el-first  \" style='border-radius:0px; '><div  class='avia-image-container  av-styling-    avia-builder-el-1  avia-builder-el-no-sibling  avia-align-center '  itemprop=\"image\" itemscope=\"itemscope\" itemtype=\"https:\/\/schema.org\/ImageObject\"  ><div class='avia-image-container-inner'><div class='avia-image-overlay-wrap'><img decoding=\"async\" class='wp-image-41817 avia-img-lazy-loading-not-41817 avia_image' src=\"https:\/\/radiorevelacionfm.cl\/wp-content\/uploads\/2024\/05\/1-98-1-3.jpg\" alt='' title='1 (98) (1) (3)' height=\"600\" width=\"800\"  itemprop=\"thumbnailUrl\" srcset=\"https:\/\/radiorevelacionfm.cl\/wp-content\/uploads\/2024\/05\/1-98-1-3.jpg 800w, https:\/\/radiorevelacionfm.cl\/wp-content\/uploads\/2024\/05\/1-98-1-3-300x225.jpg 300w, https:\/\/radiorevelacionfm.cl\/wp-content\/uploads\/2024\/05\/1-98-1-3-768x576.jpg 768w, https:\/\/radiorevelacionfm.cl\/wp-content\/uploads\/2024\/05\/1-98-1-3-705x529.jpg 705w, https:\/\/radiorevelacionfm.cl\/wp-content\/uploads\/2024\/05\/1-98-1-3-450x338.jpg 450w, https:\/\/radiorevelacionfm.cl\/wp-content\/uploads\/2024\/05\/1-98-1-3-600x450.jpg 600w\" sizes=\"(max-width: 800px) 100vw, 800px\" \/><\/div><\/div><\/div><\/div><div class=\"flex_column av_one_full  flex_column_div av-zero-column-padding first  avia-builder-el-2  el_after_av_one_full  el_before_av_one_full  column-top-margin\" style='border-radius:0px; '><section class=\"av_textblock_section \"  itemscope=\"itemscope\" itemtype=\"https:\/\/schema.org\/BlogPosting\" itemprop=\"blogPost\" ><div class='avia_textblock  '   itemprop=\"text\" ><p style=\"text-align: center;\"><span style=\"font-size: 18pt;\"><strong><em>Con servicios dependientes y relacionados del sector: <\/em><\/strong><strong>Realizan Gabinete de Justicia y Proyectos <\/strong><\/span><\/p>\n<div id=\"gtx-trans\" style=\"position: absolute; left: -50px; top: 4.31534px;\">\n<div class=\"gtx-trans-icon\"><\/div>\n<\/div>\n<\/div><\/section><\/div><div class=\"flex_column av_one_full  flex_column_div av-zero-column-padding first  avia-builder-el-4  el_after_av_one_full  el_before_av_hr  column-top-margin\" style='border-radius:0px; '><section class=\"av_textblock_section \"  itemscope=\"itemscope\" itemtype=\"https:\/\/schema.org\/BlogPosting\" itemprop=\"blogPost\" ><div class='avia_textblock  '   itemprop=\"text\" ><p style=\"text-align: justify;\">Para conocer el estado de avance de los proyectos de inversi\u00f3n y el normal funcionamiento de los distintos servicios dependientes y relacionados, se llev\u00f3 a cabo el pasado martes un nuevo Gabinete de Justicia y Proyectos, instancia encabezada por el Seremi de Justicia y Derechos Humanos Samuel Navarro y que cont\u00f3 con la participaci\u00f3n de todos los directores regionales de los servicios del sector.<\/p>\n<p style=\"text-align: justify;\">En la oportunidad, el Seremi de Justicia y Derechos Humanos Samuel Navarro Castro explic\u00f3 que \u201ccomo es regular en nuestra gesti\u00f3n, nos juntamos con todos los directores de los servicios p\u00fablicos dependientes y relacionados del sector Justicia para ver el estado de avance de los proyectos de inversi\u00f3n, de las mejoras que est\u00e1n haciendo los distintos servicios p\u00fablicos y en ese sentido tambi\u00e9n para ver el estado de trabajo o las situaciones que pudiesen estar ocurriendo al interior de esto, y aquellas situaciones que haya que intervenir o intermediar para ir ajustando la gesti\u00f3n e ir cumpliendo las metas y los compromisos que el Presidente de la Rep\u00fablica Gabriel Boric nos ha pedido en cada uno de los espacios y territorios\u201d.<\/p>\n<p style=\"text-align: justify;\">Finalmente, cabe mencionar que una vez al mes se realiza este encuentro, y que busca conocer lo que est\u00e1 ocurriendo al interior de cada uno de los servicios, as\u00ed tambi\u00e9n realizar las mejoras y brechas para ir corrigiendo algunas situaciones que se puedan ir presentando ya sea en el Servicio M\u00e9dico Legal, Gendarmer\u00eda de Chile, Defensor\u00eda Penal P\u00fablica, Corporaci\u00f3n de Asistencia Judicial, Registro Civil e Identificaci\u00f3n o el Servicio Nacional de Menores.<\/p>\n<\/div><\/section><\/div><div  style='height:50px' class='hr hr-invisible   avia-builder-el-6  el_after_av_one_full  el_before_av_social_share '><span class='hr-inner ' ><span class='hr-inner-style'><\/span><\/span><\/div><\/p>\n<div  class='av-social-sharing-box  avia-builder-el-7  el_after_av_hr  el_before_av_hr  '><div class='av-share-box'><h5 class='av-share-link-description av-no-toc '>Compartir esta noticia<\/h5><ul class='av-share-box-list noLightbox'><li class='av-share-link av-social-link-facebook' ><a target=\"_blank\" aria-label=\"Compartir en Facebook\" href='https:\/\/www.facebook.com\/sharer.php?u=https:\/\/radiorevelacionfm.cl\/?p=41816&#038;t=Con%20servicios%20dependientes%20y%20relacionados%20del%20sector%3A%20Realizan%20Gabinete%20de%20Justicia%20y%20Proyectos' aria-hidden='false' data-av_icon='\ue8f3' data-av_iconfont='entypo-fontello' title='' data-avia-related-tooltip='Compartir en Facebook' rel=\"noopener\"><span class='avia_hidden_link_text'>Compartir en Facebook<\/span><\/a><\/li><li class='av-share-link av-social-link-twitter' ><a target=\"_blank\" aria-label=\"Compartir en Twitter\" href='https:\/\/twitter.com\/share?text=Con%20servicios%20dependientes%20y%20relacionados%20del%20sector%3A%20Realizan%20Gabinete%20de%20Justicia%20y%20Proyectos&#038;url=https:\/\/radiorevelacionfm.cl\/?p=41816' aria-hidden='false' data-av_icon='\ue8f1' data-av_iconfont='entypo-fontello' title='' data-avia-related-tooltip='Compartir en Twitter' rel=\"noopener\"><span class='avia_hidden_link_text'>Compartir en Twitter<\/span><\/a><\/li><li class='av-share-link av-social-link-whatsapp' ><a target=\"_blank\" aria-label=\"Compartir en Whatsapp\" href='https:\/\/api.whatsapp.com\/send?text=https:\/\/radiorevelacionfm.cl\/?p=41816' aria-hidden='false' data-av_icon='\uf232' data-av_iconfont='entypo-fontello' title='' data-avia-related-tooltip='Compartir en Whatsapp' rel=\"noopener\"><span class='avia_hidden_link_text'>Compartir en Whatsapp<\/span><\/a><\/li><li class='av-share-link av-social-link-linkedin' ><a target=\"_blank\" aria-label=\"Compartir en LinkedIn\" href='https:\/\/linkedin.com\/shareArticle?mini=true&#038;title=Con%20servicios%20dependientes%20y%20relacionados%20del%20sector%3A%20Realizan%20Gabinete%20de%20Justicia%20y%20Proyectos&#038;url=https:\/\/radiorevelacionfm.cl\/?p=41816' aria-hidden='false' data-av_icon='\ue8fc' data-av_iconfont='entypo-fontello' title='' data-avia-related-tooltip='Compartir en LinkedIn' rel=\"noopener\"><span class='avia_hidden_link_text'>Compartir en LinkedIn<\/span><\/a><\/li><li class='av-share-link av-social-link-mail' ><a  aria-label=\"Compartir por correo\" href='mailto:?subject=Con%20servicios%20dependientes%20y%20relacionados%20del%20sector%3A%20Realizan%20Gabinete%20de%20Justicia%20y%20Proyectos&#038;body=https:\/\/radiorevelacionfm.cl\/?p=41816' aria-hidden='false' data-av_icon='\ue805' data-av_iconfont='entypo-fontello' title='' data-avia-related-tooltip='Compartir por correo'><span class='avia_hidden_link_text'>Compartir por correo<\/span><\/a><\/li><\/ul><\/div><\/div>\n<div  style='height:50px' class='hr hr-invisible   avia-builder-el-8  el_after_av_social_share  el_before_av_comments_list '><span class='hr-inner ' ><span class='hr-inner-style'><\/span><\/span><\/div>\n<div  class='av-buildercomment  av-blog-meta-html-info-disabled av-blog-meta-tag-disabled  '><\/div>\n","protected":false},"excerpt":{"rendered":"","protected":false},"author":1,"featured_media":41817,"comment_status":"open","ping_status":"open","sticky":false,"template":"","format":"standard","meta":{"footnotes":""},"categories":[55],"tags":[],"class_list":["post-41816","post","type-post","status-publish","format-standard","has-post-thumbnail","hentry","category-justicia"],"jetpack_featured_media_url":"https:\/\/radiorevelacionfm.cl\/wp-content\/uploads\/2024\/05\/1-98-1-3.jpg","_links":{"self":[{"href":"https:\/\/radiorevelacionfm.cl\/index.php?rest_route=\/wp\/v2\/posts\/41816","targetHints":{"allow":["GET"]}}],"collection":[{"href":"https:\/\/radiorevelacionfm.cl\/index.php?rest_route=\/wp\/v2\/posts"}],"about":[{"href":"https:\/\/radiorevelacionfm.cl\/index.php?rest_route=\/wp\/v2\/types\/post"}],"author":[{"embeddable":true,"href":"https:\/\/radiorevelacionfm.cl\/index.php?rest_route=\/wp\/v2\/users\/1"}],"replies":[{"embeddable":true,"href":"https:\/\/radiorevelacionfm.cl\/index.php?rest_route=%2Fwp%2Fv2%2Fcomments&post=41816"}],"version-history":[{"count":1,"href":"https:\/\/radiorevelacionfm.cl\/index.php?rest_route=\/wp\/v2\/posts\/41816\/revisions"}],"predecessor-version":[{"id":41818,"href":"https:\/\/radiorevelacionfm.cl\/index.php?rest_route=\/wp\/v2\/posts\/41816\/revisions\/41818"}],"wp:featuredmedia":[{"embeddable":true,"href":"https:\/\/radiorevelacionfm.cl\/index.php?rest_route=\/wp\/v2\/media\/41817"}],"wp:attachment":[{"href":"https:\/\/radiorevelacionfm.cl\/index.php?rest_route=%2Fwp%2Fv2%2Fmedia&parent=41816"}],"wp:term":[{"taxonomy":"category","embeddable":true,"href":"https:\/\/radiorevelacionfm.cl\/index.php?rest_route=%2Fwp%2Fv2%2Fcategories&post=41816"},{"taxonomy":"post_tag","embeddable":true,"href":"https:\/\/radiorevelacionfm.cl\/index.php?rest_route=%2Fwp%2Fv2%2Ftags&post=41816"}],"curies":[{"name":"wp","href":"https:\/\/api.w.org\/{rel}","templated":true}]}}