{"id":41812,"date":"2024-05-02T11:59:05","date_gmt":"2024-05-02T14:59:05","guid":{"rendered":"https:\/\/radiorevelacionfm.cl\/?p=41812"},"modified":"2024-05-02T11:59:05","modified_gmt":"2024-05-02T14:59:05","slug":"dia-del-trabajador-autoridades-relevan-embarque-de-material-minero-regional-y-la-labor-especializada-de-mineros-y-estibadores","status":"publish","type":"post","link":"https:\/\/radiorevelacionfm.cl\/?p=41812","title":{"rendered":"D\u00eda del Trabajador: Autoridades relevan embarque de material minero regional y la labor especializada de mineros y estibadores"},"content":{"rendered":"<div class=\"flex_column av_one_full  flex_column_div av-zero-column-padding first  avia-builder-el-0  el_before_av_one_full  avia-builder-el-first  \" style='border-radius:0px; '><div  class='avia-image-container  av-styling-    avia-builder-el-1  avia-builder-el-no-sibling  avia-align-center '  itemprop=\"image\" itemscope=\"itemscope\" itemtype=\"https:\/\/schema.org\/ImageObject\"  ><div class='avia-image-container-inner'><div class='avia-image-overlay-wrap'><img decoding=\"async\" class='wp-image-41814 avia-img-lazy-loading-not-41814 avia_image' src=\"https:\/\/radiorevelacionfm.cl\/wp-content\/uploads\/2024\/05\/232d05d3-f2a8-4841-ac7c-077e23bd1af1-1-1.jpg\" alt='' title='232d05d3-f2a8-4841-ac7c-077e23bd1af1 (1) (1)' height=\"600\" width=\"800\"  itemprop=\"thumbnailUrl\" srcset=\"https:\/\/radiorevelacionfm.cl\/wp-content\/uploads\/2024\/05\/232d05d3-f2a8-4841-ac7c-077e23bd1af1-1-1.jpg 800w, https:\/\/radiorevelacionfm.cl\/wp-content\/uploads\/2024\/05\/232d05d3-f2a8-4841-ac7c-077e23bd1af1-1-1-300x225.jpg 300w, https:\/\/radiorevelacionfm.cl\/wp-content\/uploads\/2024\/05\/232d05d3-f2a8-4841-ac7c-077e23bd1af1-1-1-768x576.jpg 768w, https:\/\/radiorevelacionfm.cl\/wp-content\/uploads\/2024\/05\/232d05d3-f2a8-4841-ac7c-077e23bd1af1-1-1-705x529.jpg 705w, https:\/\/radiorevelacionfm.cl\/wp-content\/uploads\/2024\/05\/232d05d3-f2a8-4841-ac7c-077e23bd1af1-1-1-450x338.jpg 450w, https:\/\/radiorevelacionfm.cl\/wp-content\/uploads\/2024\/05\/232d05d3-f2a8-4841-ac7c-077e23bd1af1-1-1-600x450.jpg 600w\" sizes=\"(max-width: 800px) 100vw, 800px\" \/><\/div><\/div><\/div><\/div><div class=\"flex_column av_one_full  flex_column_div av-zero-column-padding first  avia-builder-el-2  el_after_av_one_full  el_before_av_one_full  column-top-margin\" style='border-radius:0px; '><section class=\"av_textblock_section \"  itemscope=\"itemscope\" itemtype=\"https:\/\/schema.org\/BlogPosting\" itemprop=\"blogPost\" ><div class='avia_textblock  '   itemprop=\"text\" ><p style=\"text-align: center;\"><strong><span style=\"font-size: 18pt;\">D\u00eda del Trabajador: Autoridades relevan embarque de material minero regional y la labor especializada de mineros y estibadores<\/span><\/strong><\/p>\n<div id=\"gtx-trans\" style=\"position: absolute; left: -50px; top: 4.31534px;\">\n<div class=\"gtx-trans-icon\"><\/div>\n<\/div>\n<\/div><\/section><\/div><div class=\"flex_column av_one_full  flex_column_div av-zero-column-padding first  avia-builder-el-4  el_after_av_one_full  el_before_av_hr  column-top-margin\" style='border-radius:0px; '><section class=\"av_textblock_section \"  itemscope=\"itemscope\" itemtype=\"https:\/\/schema.org\/BlogPosting\" itemprop=\"blogPost\" ><div class='avia_textblock  '   itemprop=\"text\" ><p dir=\"ltr\" style=\"text-align: justify;\">Por segunda vez este a\u00f1o, 12.500 toneladas de concentrado de zinc se est\u00e1n embarcando en el muelle Emporcha en Puerto Chacabuco y teniendo en consideraci\u00f3n la importancia de la industria minera y portuaria, y en especial el aporte de sus trabajadores y trabajadoras, el Seremi de Miner\u00eda, Juan V\u00e1squez, en el marco del D\u00eda Internacional del Trabajador y Trabajadora, junto a Felipe Candia, gerente general de Emporcha, Enrique Runin, Presidente del Directorio de la Empresa portuaria, los Secretarios Regionales Ministeriales del Trabajo y Previsi\u00f3n Social, Rodrigo D\u00edaz; Energ\u00eda, Tom\u00e1s Laibe; Econom\u00eda, Felipe Rojas y el Rector del CFT Estatal de Ays\u00e9n, V\u00edctor Hugo \u00c1lvarez, realizaron por primera vez una visita conjunta a esta importante operaci\u00f3n que se realiza en el puerto regional, lugar en el que pudieron adem\u00e1s dialogar con las dirigentas del Sindicato de Estibadores de Puerto Ays\u00e9n, Emporcha y con los trabajadores y trabajadoras presentes.<\/p>\n<p dir=\"ltr\" style=\"text-align: justify;\">En la oportunidad, Felipe Candia, gerente general de Emporcha, como anfitri\u00f3n de la visita, valor\u00f3 la instancia que por primera vez se realizaba en el puerto. \u00abPara nosotros es muy importante porque no existen registros en la empresa que se haya hecho un hito como \u00e9ste. La actividad minera dentro del puerto es de suma importancia en t\u00e9rminos de ingreso y tambi\u00e9n porque da trabajo a una cantidad importante de personas, en ese sentido quisiera destacar que esto se enmarca tambi\u00e9n en la conmemoraci\u00f3n del D\u00eda Internacional del Trabajo y por lo mismo, se releva la actividad de los trabajadores portuarios, en particular de los estibadores y estibadoras, que trabajan en este puerto, como tambi\u00e9n los trabajadores mineros que hacen y que le dan sentido a todo este esfuerzo que hace el puerto para poder realizar la transferencia de material hacia otros mercados\u00bb, declar\u00f3.<\/p>\n<p dir=\"ltr\" style=\"text-align: justify;\">Por su parte, el Seremi de Miner\u00eda, Juan Vasquez, expres\u00f3 que\u00a0 desde el Ministerio de Miner\u00eda quisieron estar presentes en el D\u00eda del Trabajador en una faena vinculada a la minera. \u00abTuvimos la posibilidad de coordinarnos con Emporcha y adem\u00e1s tener la presencia de cuatro Secretarios Regionales Ministeriales, quienes fueron testigos del segundo embarque de concentrado de zinc que se realiza en este lugar son 12.500 toneladas las que sumadas al embarque del mes de febrero, suman 25.000 toneladas que hoy d\u00eda marcan una vocaci\u00f3n minera que tiene nuestra regi\u00f3n, y tambi\u00e9n son buenas noticias, porque esto es producto de un esfuerzo de los mineros y mineras del distrito del Toqui. Estamos muy contentos y entendemos que\u00a0 en nuestra regi\u00f3n la miner\u00eda marca positivamente como un sector productivo\u00bb, puntualiz\u00f3 V\u00e1squez.<\/p>\n<p dir=\"ltr\" style=\"text-align: justify;\">Cabe se\u00f1alar que la transferencia de mineral se realiza en la nave \u00abTate J\u00bb, un buque de tipo bulk carrier de bandera de Islas Marshall, el cual arrib\u00f3 este lunes procedente desde el Puerto de San Vicente a los muelles de Puerto Chacabuco, donde inici\u00f3 la operaci\u00f3n para completar el importante embarque de carga de la Minera Pac\u00edfico del Sur, la cual tendr\u00e1 a China como su destino. Esta operaci\u00f3n se suma a los logros del 2023, donde se realizaron cuatro embarques con un total de aproximadamente 54.000 toneladas. Estas transferencias contaron con la participaci\u00f3n directa de una fuerza laboral de 327 trabajadores, de los cuales el 90% pertenec\u00edan a la mano de obra regional de Minera ubicada en el distrito El Toqui.<\/p>\n<p dir=\"ltr\" style=\"text-align: justify;\">Con el marco del D\u00eda del Trabajo, durante la visita, el Seremi del Trabajo y Previsi\u00f3n Social, Rodrigo D\u00edaz Cordaro, manifest\u00f3 la importancia de ver el trabajo en terreno, \u00abvinimos ac\u00e1 al puerto de Chacabuco de manera coordinada como Estado, y nos interesa destacar la productividad, porque hoy d\u00eda hay un embarque de zinc importante que se est\u00e1 cargando ac\u00e1, proveniente de la Minera Pac\u00edfico Sur. Nos reunimos tambi\u00e9n con la presidenta del sindicato de estibadores y con el representante del sindicato de la empresa Emporcha, eso nos permite visualizar el trabajo de ellos ahora en el contexto del d\u00eda del trabajador y pudimos representar en ellos un saludo para todos los trabajadores y trabajadoras de la regi\u00f3n de Ays\u00e9n,\u00bb enfatiz\u00f3.<\/p>\n<p dir=\"ltr\" style=\"text-align: justify;\">A su vez, Yeimi Navarro, secretaria del sindicato de estibadores y estibadores de Puerto Ays\u00e9n valor\u00f3 la visita y el di\u00e1logo con las autoridades. \u00abMe parece estupendo s\u00faper novedoso para nosotros como trabajadores tener la visita y la instancia de poder conversar y tener este momento en el lugar incito donde nosotros realizamos esta labor que es sumamente importante dentro de la regi\u00f3n y para todo el pa\u00eds en especial\u00bb.<\/p>\n<p dir=\"ltr\" style=\"text-align: justify;\">Conjuntamente, Enrique Runin, presidente del directorio de Emporcha, tambi\u00e9n destac\u00f3 la actividad. \u00abNosotros como Emporcha recibimos felices a nuestras autoridades, hoy se ha producido un hito muy importante han venido cuatro secretarios regionales ministeriales a visitar esta faena el Seremi de Miner\u00eda, de Econom\u00eda, de Energ\u00eda y del Trabajo y adem\u00e1s en una fecha importante porque se conmemora el D\u00eda del Trabajo, entonces pudimos conversar con las estibadoras con las dirigentes de las trabajadoras portuarias, con los trabajadores de la propia Empresa Portuaria Emporcha, as\u00ed que es un hito muy importante y felicito a las autoridades que nos han visitado y tambi\u00e9n lo destacaron as\u00ed las estibadoras, muy contentas de que las autoridades se hayan dado un tiempo para venir a conocer c\u00f3mo se realiza el trabajo, las condiciones en las cuales se trabaja, con fr\u00edo, con viento, con lluvia as\u00ed que sumamente importante, yo felicito la iniciativa de las autoridades que nos han visitado\u00bb, manifest\u00f3.<\/p>\n<p dir=\"ltr\" style=\"text-align: justify;\">Reforzando el aporte del puerto y de la miner\u00eda, Felipe Rojas, Seremi de Econom\u00eda Fomento y Turismo, valor\u00f3 desde su sector el aporte de la labor que se realiza en Emporcha y desde la industria minera al desarrollo regional. \u00abPrimero destacar que el a\u00f1o pasado fuimos la segunda regi\u00f3n que m\u00e1s creci\u00f3 en el pa\u00eds por otro lado tambi\u00e9n aqu\u00ed en el litoral hay distintas actividades, evidentemente la actividad pesquera, la actividad acu\u00edcola y en este caso al estar en el puerto estamos viendo c\u00f3mo hay un embarque de material minero que repercute en las cifras de PIB y repercute en el trabajo de los estibadores de las familias mineras y de alguna manera se entrelazan las distintas actividades productivas\u00bb.<\/p>\n<p dir=\"ltr\" style=\"text-align: justify;\">En el mismo tenor, el Seremi de Energ\u00eda, Tom\u00e1s Laibe, enfatiz\u00f3 en la importancia del muelle Emporcha para el sector. \u00abLas instalaciones de Emporcha tienen una importancia estrat\u00e9gica para la regi\u00f3n de Ays\u00e9n para el sector energ\u00eda es de vital importancia para el suministro de combustible de gas licuado pero tambi\u00e9n para pensar en el desarrollo de industrias que pueden impulsar el desarrollo de Ays\u00e9n como es el hidr\u00f3geno verde, nosotros estamos esperando que quise efect\u00faan las inversiones que son necesarias para el puerto y as\u00ed apostar y concretar estas inversiones que queremos atraer para la regi\u00f3n de Ays\u00e9n\u00bb, expres\u00f3.<\/p>\n<p dir=\"ltr\" style=\"text-align: justify;\">Se proyecta que este a\u00f1o sean alrededor de cinco los embarques los que se realizar\u00e1n, lo cual proyecta una reactivaci\u00f3n econ\u00f3mica y laboral.<\/p>\n<\/div><\/section><\/div><div  style='height:50px' class='hr hr-invisible   avia-builder-el-6  el_after_av_one_full  el_before_av_social_share '><span class='hr-inner ' ><span class='hr-inner-style'><\/span><\/span><\/div><\/p>\n<div  class='av-social-sharing-box  avia-builder-el-7  el_after_av_hr  el_before_av_hr  '><div class='av-share-box'><h5 class='av-share-link-description av-no-toc '>Compartir esta noticia<\/h5><ul class='av-share-box-list noLightbox'><li class='av-share-link av-social-link-facebook' ><a target=\"_blank\" aria-label=\"Compartir en Facebook\" href='https:\/\/www.facebook.com\/sharer.php?u=https:\/\/radiorevelacionfm.cl\/?p=41812&#038;t=D%C3%ADa%20del%20Trabajador%3A%20Autoridades%20relevan%20embarque%20de%20material%20minero%20regional%20y%20la%20labor%20especializada%20de%20mineros%20y%20estibadores' aria-hidden='false' data-av_icon='\ue8f3' data-av_iconfont='entypo-fontello' title='' data-avia-related-tooltip='Compartir en Facebook' rel=\"noopener\"><span class='avia_hidden_link_text'>Compartir en Facebook<\/span><\/a><\/li><li class='av-share-link av-social-link-twitter' ><a target=\"_blank\" aria-label=\"Compartir en Twitter\" href='https:\/\/twitter.com\/share?text=D%C3%ADa%20del%20Trabajador%3A%20Autoridades%20relevan%20embarque%20de%20material%20minero%20regional%20y%20la%20labor%20especializada%20de%20mineros%20y%20estibadores&#038;url=https:\/\/radiorevelacionfm.cl\/?p=41812' aria-hidden='false' data-av_icon='\ue8f1' data-av_iconfont='entypo-fontello' title='' data-avia-related-tooltip='Compartir en Twitter' rel=\"noopener\"><span class='avia_hidden_link_text'>Compartir en Twitter<\/span><\/a><\/li><li class='av-share-link av-social-link-whatsapp' ><a target=\"_blank\" aria-label=\"Compartir en Whatsapp\" href='https:\/\/api.whatsapp.com\/send?text=https:\/\/radiorevelacionfm.cl\/?p=41812' aria-hidden='false' data-av_icon='\uf232' data-av_iconfont='entypo-fontello' title='' data-avia-related-tooltip='Compartir en Whatsapp' rel=\"noopener\"><span class='avia_hidden_link_text'>Compartir en Whatsapp<\/span><\/a><\/li><li class='av-share-link av-social-link-linkedin' ><a target=\"_blank\" aria-label=\"Compartir en LinkedIn\" href='https:\/\/linkedin.com\/shareArticle?mini=true&#038;title=D%C3%ADa%20del%20Trabajador%3A%20Autoridades%20relevan%20embarque%20de%20material%20minero%20regional%20y%20la%20labor%20especializada%20de%20mineros%20y%20estibadores&#038;url=https:\/\/radiorevelacionfm.cl\/?p=41812' aria-hidden='false' data-av_icon='\ue8fc' data-av_iconfont='entypo-fontello' title='' data-avia-related-tooltip='Compartir en LinkedIn' rel=\"noopener\"><span class='avia_hidden_link_text'>Compartir en LinkedIn<\/span><\/a><\/li><li class='av-share-link av-social-link-mail' ><a  aria-label=\"Compartir por correo\" href='mailto:?subject=D%C3%ADa%20del%20Trabajador%3A%20Autoridades%20relevan%20embarque%20de%20material%20minero%20regional%20y%20la%20labor%20especializada%20de%20mineros%20y%20estibadores&#038;body=https:\/\/radiorevelacionfm.cl\/?p=41812' aria-hidden='false' data-av_icon='\ue805' data-av_iconfont='entypo-fontello' title='' data-avia-related-tooltip='Compartir por correo'><span class='avia_hidden_link_text'>Compartir por correo<\/span><\/a><\/li><\/ul><\/div><\/div>\n<div  style='height:50px' class='hr hr-invisible   avia-builder-el-8  el_after_av_social_share  el_before_av_comments_list '><span class='hr-inner ' ><span class='hr-inner-style'><\/span><\/span><\/div>\n<div  class='av-buildercomment  av-blog-meta-html-info-disabled av-blog-meta-tag-disabled  '><\/div>\n","protected":false},"excerpt":{"rendered":"","protected":false},"author":1,"featured_media":41814,"comment_status":"open","ping_status":"open","sticky":false,"template":"","format":"standard","meta":{"footnotes":""},"categories":[56],"tags":[],"class_list":["post-41812","post","type-post","status-publish","format-standard","has-post-thumbnail","hentry","category-trabajo"],"jetpack_featured_media_url":"https:\/\/radiorevelacionfm.cl\/wp-content\/uploads\/2024\/05\/232d05d3-f2a8-4841-ac7c-077e23bd1af1-1-1.jpg","_links":{"self":[{"href":"https:\/\/radiorevelacionfm.cl\/index.php?rest_route=\/wp\/v2\/posts\/41812","targetHints":{"allow":["GET"]}}],"collection":[{"href":"https:\/\/radiorevelacionfm.cl\/index.php?rest_route=\/wp\/v2\/posts"}],"about":[{"href":"https:\/\/radiorevelacionfm.cl\/index.php?rest_route=\/wp\/v2\/types\/post"}],"author":[{"embeddable":true,"href":"https:\/\/radiorevelacionfm.cl\/index.php?rest_route=\/wp\/v2\/users\/1"}],"replies":[{"embeddable":true,"href":"https:\/\/radiorevelacionfm.cl\/index.php?rest_route=%2Fwp%2Fv2%2Fcomments&post=41812"}],"version-history":[{"count":1,"href":"https:\/\/radiorevelacionfm.cl\/index.php?rest_route=\/wp\/v2\/posts\/41812\/revisions"}],"predecessor-version":[{"id":41815,"href":"https:\/\/radiorevelacionfm.cl\/index.php?rest_route=\/wp\/v2\/posts\/41812\/revisions\/41815"}],"wp:featuredmedia":[{"embeddable":true,"href":"https:\/\/radiorevelacionfm.cl\/index.php?rest_route=\/wp\/v2\/media\/41814"}],"wp:attachment":[{"href":"https:\/\/radiorevelacionfm.cl\/index.php?rest_route=%2Fwp%2Fv2%2Fmedia&parent=41812"}],"wp:term":[{"taxonomy":"category","embeddable":true,"href":"https:\/\/radiorevelacionfm.cl\/index.php?rest_route=%2Fwp%2Fv2%2Fcategories&post=41812"},{"taxonomy":"post_tag","embeddable":true,"href":"https:\/\/radiorevelacionfm.cl\/index.php?rest_route=%2Fwp%2Fv2%2Ftags&post=41812"}],"curies":[{"name":"wp","href":"https:\/\/api.w.org\/{rel}","templated":true}]}}