{"id":41809,"date":"2024-05-02T10:09:03","date_gmt":"2024-05-02T13:09:03","guid":{"rendered":"https:\/\/radiorevelacionfm.cl\/?p=41809"},"modified":"2024-05-02T10:09:03","modified_gmt":"2024-05-02T13:09:03","slug":"juegos-para-araucania-2024-trece-deportistas-representaran-a-la-region-en-atletismo-y-natacion-adaptada","status":"publish","type":"post","link":"https:\/\/radiorevelacionfm.cl\/?p=41809","title":{"rendered":"Juegos Para Araucan\u00eda 2024: Trece deportistas representar\u00e1n a la regi\u00f3n en atletismo y nataci\u00f3n adaptada"},"content":{"rendered":"<div class=\"flex_column av_one_full  flex_column_div av-zero-column-padding first  avia-builder-el-0  el_before_av_one_full  avia-builder-el-first  \" style='border-radius:0px; '><div  class='avia-image-container  av-styling-    avia-builder-el-1  avia-builder-el-no-sibling  avia-align-center '  itemprop=\"image\" itemscope=\"itemscope\" itemtype=\"https:\/\/schema.org\/ImageObject\"  ><div class='avia-image-container-inner'><div class='avia-image-overlay-wrap'><img decoding=\"async\" class='wp-image-41810 avia-img-lazy-loading-not-41810 avia_image' src=\"https:\/\/radiorevelacionfm.cl\/wp-content\/uploads\/2024\/05\/oo-1_optimized.jpeg\" alt='' title='oo-(1)_optimized' height=\"600\" width=\"841\"  itemprop=\"thumbnailUrl\" srcset=\"https:\/\/radiorevelacionfm.cl\/wp-content\/uploads\/2024\/05\/oo-1_optimized.jpeg 841w, https:\/\/radiorevelacionfm.cl\/wp-content\/uploads\/2024\/05\/oo-1_optimized-300x214.jpeg 300w, https:\/\/radiorevelacionfm.cl\/wp-content\/uploads\/2024\/05\/oo-1_optimized-768x548.jpeg 768w, https:\/\/radiorevelacionfm.cl\/wp-content\/uploads\/2024\/05\/oo-1_optimized-260x185.jpeg 260w, https:\/\/radiorevelacionfm.cl\/wp-content\/uploads\/2024\/05\/oo-1_optimized-705x503.jpeg 705w, https:\/\/radiorevelacionfm.cl\/wp-content\/uploads\/2024\/05\/oo-1_optimized-450x321.jpeg 450w, https:\/\/radiorevelacionfm.cl\/wp-content\/uploads\/2024\/05\/oo-1_optimized-600x428.jpeg 600w\" sizes=\"(max-width: 841px) 100vw, 841px\" \/><\/div><\/div><\/div><\/div><div class=\"flex_column av_one_full  flex_column_div av-zero-column-padding first  avia-builder-el-2  el_after_av_one_full  el_before_av_one_full  column-top-margin\" style='border-radius:0px; '><section class=\"av_textblock_section \"  itemscope=\"itemscope\" itemtype=\"https:\/\/schema.org\/BlogPosting\" itemprop=\"blogPost\" ><div class='avia_textblock  '   itemprop=\"text\" ><p class=\"v1MsoNormal\" style=\"text-align: center;\"><span style=\"font-size: 18pt;\"><b>Juegos Para Araucan\u00eda 2024: Trece <\/b><b>deportistas representar\u00e1n a la regi\u00f3n en atletismo y nataci\u00f3n adaptada<\/b><\/span><\/p>\n<div id=\"gtx-trans\" style=\"position: absolute; left: -50px; top: 4.31534px;\">\n<div class=\"gtx-trans-icon\"><\/div>\n<\/div>\n<\/div><\/section><\/div><div class=\"flex_column av_one_full  flex_column_div av-zero-column-padding first  avia-builder-el-4  el_after_av_one_full  el_before_av_hr  column-top-margin\" style='border-radius:0px; '><section class=\"av_textblock_section \"  itemscope=\"itemscope\" itemtype=\"https:\/\/schema.org\/BlogPosting\" itemprop=\"blogPost\" ><div class='avia_textblock  '   itemprop=\"text\" ><p class=\"v1MsoNormal\" style=\"text-align: justify;\"><em>La delegaci\u00f3n regional ya recibi\u00f3 su nueva indumentaria y se prepara para la competencia que se desarrollar\u00e1 entre el 5 y 8 de mayo en La Pampa, Argentina.<\/em><\/p>\n<p class=\"v1MsoNormal\" style=\"text-align: justify;\"><b>La\u00a0<\/b><strong>ciudad de Santa Rosa, en la Provincia de La Pampa,<\/strong><b>\u00a0<\/b>ser\u00e1 escenario de la tercera versi\u00f3n de los<strong>\u00a0<\/strong>Juegos de la Para Araucan\u00eda<strong>, competencias en las que participan<\/strong><b>,\u00a0<\/b>\u00d1uble, Biob\u00edo, La Araucan\u00eda, Los R\u00edos, Los Lagos, Ays\u00e9n y Magallanes, mientras que desde Argentina estar\u00e1n presentes las provincias de R\u00edo Negro, Neuqu\u00e9n, Chubut, La Pampa, Santa Cruz y Tierra del Fuego.<\/p>\n<p class=\"v1MsoNormal\" style=\"text-align: justify;\"><b><u>Entrega de indumentaria<\/u><\/b><\/p>\n<p class=\"v1MsoNormal\" style=\"text-align: justify;\">En el gimnasio CER de Estadio Regional, el Ministerio del Deporte junto al IND hizo entrega de la indumentaria oficial a cada uno de los deportistas, entrenadores y delegados que viajar\u00e1n a la Provincia de La Pampa. Instancia en la que adem\u00e1s estuvieron acompa\u00f1ados por familiares y profesores, la Seremi de Educaci\u00f3n,\u00a0Isabel Garrido Casassa\u00a0y representantes de la Corporaci\u00f3n de Deportes de Coyhaique.<\/p>\n<p class=\"v1MsoNormal\" style=\"text-align: justify;\"><b><u>Rol del estado<\/u><\/b><\/p>\n<p class=\"v1MsoNormal\" style=\"text-align: justify;\">Al respecto la Seremi del Deporte, Mar\u00eda Eugenia Dur\u00e1n Jara, se\u00f1al\u00f3: \u00abLos Juegos de la Para Araucan\u00eda corresponden a un compromiso de dos estados, Chile y Argentina; en nuestro caso a trav\u00e9s del Mindep y del IND se financia la participaci\u00f3n de 13 deportistas adem\u00e1s de sus t\u00e9cnicos y por supuesto de su indumentaria para que puedan asistir a estos Juegos en Argentina. Y as\u00ed como los Juegos convencionales de la Araucan\u00eda, este evento internacional, es otra expresi\u00f3n que se suma al compromiso de paz, fraternidad e inclusi\u00f3n entre nuestro pa\u00eds y nuestros hermanos argentinos. Comprometerse con estos valores, cobra una real importancia, especialmente en d\u00edas como estos, donde como pa\u00eds, estamos con sentimientos encontrados por un duelo por el tr\u00e1gico asesinato de 3 carabineros, y en ese sentido como gobierno del Presidente Boric y como Ministerio del Deporte creemos que el miedo no debe paralizarnos y con mayor raz\u00f3n seguir empujando e impulsando la \u00abcultura del movimiento\u00bb, seguir relevando instancias de incentivo y promoci\u00f3n del deporte, seguir buscando puntos de encuentro para una mejor convivencia entre las personas; por eso es que el d\u00eda de hoy estamos entregando esta indumentaria deportiva, estamos realizando este hito tan importante para generar ese sentido de pertenencia a la regi\u00f3n entre nuestros deportistas. Como instituci\u00f3n estamos orgullosos de apoyar a nuestra selecci\u00f3n naranja que nos representar\u00e1 la pr\u00f3xima semana en la ciudad de Santa Rosa, Argentina y les deseamos para ellos y para ellas el mayor de los \u00e9xitos\u00bb.<\/p>\n<p class=\"v1MsoNormal\" style=\"text-align: justify;\"><b><u>Inclusi\u00f3n<\/u><\/b><\/p>\n<p class=\"v1MsoNormal\" style=\"text-align: justify;\">Asimismo, Javier Medina Mella director (s) IND Ays\u00e9n precis\u00f3: \u00abNos encontramos muy complacidos como IND Ays\u00e9n de poder participar en esta \u00a0fiesta de integraci\u00f3n entre Chile y Argentina, donde\u00a0la inclusi\u00f3n ser\u00e1 nuestro principal foco durante estos 5 d\u00edas de competencia, resaltar\u00a0\u00a0adem\u00e1s el trabajo que realizan cada una de las selecciones, junto a sus entrenadores, al \u00e1rea de competici\u00f3n del IND, as\u00ed como los privados que colaboran en la preparaci\u00f3n de nuestros deportistas; como Parque Austral, Gimnasio Activa-T, Telet\u00f3n por supuesto y a la acci\u00f3n coordinada de las autoridades deportivas de ambos pa\u00edses, por lo que esperamos que estos Juegos Para Araucan\u00eda sean una gran experiencia deportiva para nuestros 13 atletas regionales.\u00bb<\/p>\n<p class=\"v1MsoNormal\" style=\"text-align: justify;\">Por su parte,\u00a0Daniel Pedreros quien forma parte de la delegaci\u00f3n coment\u00f3: \u00abPara nosotros, como Instituto Telet\u00f3n, a nivel nacional, es muy importante el desarrollo psicosocio-emocional que entrega el deporte, es un pilar fundamental en la rehabilitaci\u00f3n de miles de ni\u00f1os, ni\u00f1as y j\u00f3venes, transforma familias completas y entrega herramientas para la vida independiente. Estos juegos que se van a desarrollar en la patria hermana vienen a complementar y a potenciar todo el trabajo que ya se estaba desarrollando en Telet\u00f3n Regional desde hace m\u00e1s de 10 a\u00f1os y que en alianza con el IND y Mindep han demostrado que son actividades dignas de apoyar y fomentar en las ni\u00f1as, ni\u00f1os y j\u00f3venes de toda la regi\u00f3n.<\/p>\n<p class=\"v1MsoNormal\" style=\"text-align: justify;\">Se espera que en esta nueva versi\u00f3n de los Juegos Parar Araucan\u00eda, La Pampa 2024 re\u00fana m\u00e1s de 300 deportistas, junto los equipos t\u00e9cnicos del deporte adaptado de las 6 provincias argentinas y 7 regiones del sur de Chile., est\u00e1n destinados a deportistas con discapacidad, que competir\u00e1n en nataci\u00f3n y atletismo en el natatorio del club All Boys y en la pista de solado sint\u00e9tico del Parque Don Tom\u00e1s.<\/p>\n<p class=\"v1MsoNormal\" style=\"text-align: justify;\"><u>Sistema Nacional de Competencias Deportivas (SNDC) #ChileCompite<\/u><\/p>\n<p class=\"v1MsoNormal\" style=\"text-align: justify;\">Los Juegos Para Araucan\u00eda, se enmarcan en el Sistema Nacional de Competencias Deportivas del IND a trav\u00e9s de \u00a0grandes eventos deportivos competitivos, articulados por nivel de rendimiento, edad, disciplinas, en donde todos los deportistas con condiciones de excepci\u00f3n tienen la oportunidad de demostrar objetivamente sus cualidades para acceder a la categor\u00eda de deporte de alto rendimiento con proyecci\u00f3n de logros internacionales.<\/p>\n<p class=\"v1MsoNormal\" style=\"text-align: justify;\"><b>Revisa el listado de los deportistas que representar\u00e1n a la regi\u00f3n en los Juegos<\/b><\/p>\n<div style=\"text-align: justify;\" align=\"center\">\n<table border=\"0\" width=\"0\" cellspacing=\"0\" cellpadding=\"0\">\n<tbody>\n<tr>\n<td valign=\"bottom\" width=\"152\">\n<p class=\"v1MsoNormal\"><span lang=\"ES\">DEYSI ANDREA<\/span><\/p>\n<\/td>\n<td valign=\"bottom\" width=\"132\">\n<p class=\"v1MsoNormal\"><span lang=\"ES\">ELGUETA<\/span><\/p>\n<\/td>\n<td valign=\"bottom\" width=\"141\">\n<p class=\"v1MsoNormal\"><span lang=\"ES\">\u00a0GARRIDO<\/span><\/p>\n<\/td>\n<td width=\"83\">\n<p class=\"v1MsoNormal\"><span lang=\"ES\">ATLETISMO<\/span><\/p>\n<\/td>\n<\/tr>\n<tr>\n<td valign=\"bottom\" width=\"152\">\n<p class=\"v1MsoNormal\"><span lang=\"ES\">\u00a0CONSTANZA BEL\u00c9N<\/span><\/p>\n<\/td>\n<td valign=\"bottom\" width=\"132\">\n<p class=\"v1MsoNormal\"><span lang=\"ES\">GODOY<\/span><\/p>\n<\/td>\n<td valign=\"bottom\" width=\"141\">\n<p class=\"v1MsoNormal\"><span lang=\"ES\">AGUILAR<\/span><\/p>\n<\/td>\n<td width=\"83\">\n<p class=\"v1MsoNormal\"><span lang=\"ES\">ATLETISMO<\/span><\/p>\n<\/td>\n<\/tr>\n<tr>\n<td valign=\"bottom\" width=\"152\">\n<p class=\"v1MsoNormal\"><span lang=\"ES\">\u00a0IVAN ESTEBAN<\/span><\/p>\n<\/td>\n<td valign=\"bottom\" width=\"132\">\n<p class=\"v1MsoNormal\"><span lang=\"ES\">CATAL\u00c1N<\/span><\/p>\n<\/td>\n<td valign=\"bottom\" width=\"141\">\n<p class=\"v1MsoNormal\"><span lang=\"ES\">\u00a0ARIAS<\/span><\/p>\n<\/td>\n<td width=\"83\">\n<p class=\"v1MsoNormal\"><span lang=\"ES\">ATLETISMO<\/span><\/p>\n<\/td>\n<\/tr>\n<tr>\n<td valign=\"bottom\" width=\"152\">\n<p class=\"v1MsoNormal\"><span lang=\"ES\">ALEJANDRO<\/span><\/p>\n<\/td>\n<td valign=\"bottom\" width=\"132\">\n<p class=\"v1MsoNormal\"><span lang=\"ES\">VIVALLO<\/span><\/p>\n<\/td>\n<td valign=\"bottom\" width=\"141\">\n<p class=\"v1MsoNormal\"><span lang=\"ES\">VIVALLO<\/span><\/p>\n<\/td>\n<td width=\"83\">\n<p class=\"v1MsoNormal\"><span lang=\"ES\">ATLETISMO<\/span><\/p>\n<\/td>\n<\/tr>\n<tr>\n<td width=\"152\">\n<p class=\"v1MsoNormal\"><span lang=\"ES\">WLADIMIR ALBERTO<\/span><\/p>\n<\/td>\n<td width=\"132\">\n<p class=\"v1MsoNormal\"><span lang=\"ES\">VERGARA<\/span><\/p>\n<\/td>\n<td width=\"141\">\n<p class=\"v1MsoNormal\"><span lang=\"ES\">GONZALEZ<\/span><\/p>\n<\/td>\n<td width=\"83\">\n<p class=\"v1MsoNormal\"><span lang=\"ES\">ATLETISMO<\/span><\/p>\n<\/td>\n<\/tr>\n<tr>\n<td width=\"152\">\n<p class=\"v1MsoNormal\"><span lang=\"ES\">YOANA BRUNIT<\/span><\/p>\n<\/td>\n<td width=\"132\">\n<p class=\"v1MsoNormal\"><span lang=\"ES\">RETAMAL<\/span><\/p>\n<\/td>\n<td width=\"141\">\n<p class=\"v1MsoNormal\"><span lang=\"ES\">TENORIO<\/span><\/p>\n<\/td>\n<td width=\"83\">\n<p class=\"v1MsoNormal\"><span lang=\"ES\">ATLETISMO<\/span><\/p>\n<\/td>\n<\/tr>\n<tr>\n<td width=\"152\">\n<p class=\"v1MsoNormal\"><span lang=\"ES\">\u00a0CRISTIAN SEBASTIAN<\/span><\/p>\n<\/td>\n<td width=\"132\">\n<p class=\"v1MsoNormal\"><span lang=\"ES\">LLANCALAHUEN<\/span><\/p>\n<\/td>\n<td width=\"141\">\n<p class=\"v1MsoNormal\"><span lang=\"ES\">PAREDES<\/span><\/p>\n<\/td>\n<td width=\"83\">\n<p class=\"v1MsoNormal\"><span lang=\"ES\">ATLETISMO<\/span><\/p>\n<\/td>\n<\/tr>\n<tr>\n<td width=\"152\">\n<p class=\"v1MsoNormal\"><span lang=\"ES\">Jimmy Andr\u00e9s<\/span><\/p>\n<\/td>\n<td width=\"132\">\n<p class=\"v1MsoNormal\"><span lang=\"ES\">N\u00fa\u00f1ez<\/span><\/p>\n<\/td>\n<td width=\"141\">\n<p class=\"v1MsoNormal\"><span lang=\"ES\">Barahona<\/span><\/p>\n<\/td>\n<td width=\"83\">\n<p class=\"v1MsoNormal\"><span lang=\"ES\">ATLETISMO<\/span><\/p>\n<\/td>\n<\/tr>\n<tr>\n<td width=\"152\">\n<p class=\"v1MsoNormal\"><span lang=\"ES\">Luis Mauricio<\/span><\/p>\n<\/td>\n<td width=\"132\">\n<p class=\"v1MsoNormal\"><span lang=\"ES\">Mu\u00f1oz<\/span><\/p>\n<\/td>\n<td width=\"141\">\n<p class=\"v1MsoNormal\"><span lang=\"ES\">Huaquer<\/span><\/p>\n<\/td>\n<td width=\"83\">\n<p class=\"v1MsoNormal\"><span lang=\"ES\">ATLETISMO<\/span><\/p>\n<\/td>\n<\/tr>\n<tr>\n<td valign=\"bottom\" width=\"152\">\n<p class=\"v1MsoNormal\"><span lang=\"ES\">VALENTINA ESPERANZA<\/span><\/p>\n<\/td>\n<td valign=\"bottom\" width=\"132\">\n<p class=\"v1MsoNormal\"><span lang=\"ES\">CARRE\u00d1O<\/span><\/p>\n<\/td>\n<td valign=\"bottom\" width=\"141\">\n<p class=\"v1MsoNormal\"><span lang=\"ES\">\u00a0CORNEJO<\/span><\/p>\n<\/td>\n<td width=\"83\">\n<p class=\"v1MsoNormal\"><span lang=\"ES\">NATACI\u00d3N<\/span><\/p>\n<\/td>\n<\/tr>\n<tr>\n<td width=\"152\">\n<p class=\"v1MsoNormal\"><span lang=\"ES\">Mauricio Andr\u00e9s<\/span><\/p>\n<\/td>\n<td width=\"132\">\n<p class=\"v1MsoNormal\"><span lang=\"ES\">Domke<\/span><\/p>\n<\/td>\n<td width=\"141\">\n<p class=\"v1MsoNormal\"><span lang=\"ES\">Uribe<\/span><\/p>\n<\/td>\n<td width=\"83\">\n<p class=\"v1MsoNormal\"><span lang=\"ES\">NATACI\u00d3N<\/span><\/p>\n<\/td>\n<\/tr>\n<tr>\n<td width=\"152\">\n<p class=\"v1MsoNormal\"><span lang=\"ES\">Catalina Esperanza<\/span><\/p>\n<\/td>\n<td width=\"132\">\n<p class=\"v1MsoNormal\"><span lang=\"ES\">Pozas<\/span><\/p>\n<\/td>\n<td width=\"141\">\n<p class=\"v1MsoNormal\"><span lang=\"ES\">Saldivia<\/span><\/p>\n<\/td>\n<td width=\"83\">\n<p class=\"v1MsoNormal\"><span lang=\"ES\">NATACI\u00d3N<\/span><\/p>\n<\/td>\n<\/tr>\n<tr>\n<td width=\"152\">\n<p class=\"v1MsoNormal\"><span lang=\"ES\">Nicol\u00e1s Ignacio<\/span><\/p>\n<\/td>\n<td width=\"132\">\n<p class=\"v1MsoNormal\"><span lang=\"ES\">Jaque<\/span><\/p>\n<\/td>\n<td width=\"141\">\n<p class=\"v1MsoNormal\"><span lang=\"ES\">Bravo<\/span><\/p>\n<\/td>\n<td width=\"83\">\n<p class=\"v1MsoNormal\"><span lang=\"ES\">NATACI\u00d3N<\/span><\/p>\n<\/td>\n<\/tr>\n<\/tbody>\n<\/table>\n<\/div>\n<\/div><\/section><\/div><div  style='height:50px' class='hr hr-invisible   avia-builder-el-6  el_after_av_one_full  el_before_av_social_share '><span class='hr-inner ' ><span class='hr-inner-style'><\/span><\/span><\/div><\/p>\n<div  class='av-social-sharing-box  avia-builder-el-7  el_after_av_hr  el_before_av_hr  '><div class='av-share-box'><h5 class='av-share-link-description av-no-toc '>Compartir esta noticia<\/h5><ul class='av-share-box-list noLightbox'><li class='av-share-link av-social-link-facebook' ><a target=\"_blank\" aria-label=\"Compartir en Facebook\" href='https:\/\/www.facebook.com\/sharer.php?u=https:\/\/radiorevelacionfm.cl\/?p=41809&#038;t=Juegos%20Para%20Araucan%C3%ADa%202024%3A%20Trece%20deportistas%20representar%C3%A1n%20a%20la%20regi%C3%B3n%20en%20atletismo%20y%20nataci%C3%B3n%20adaptada' aria-hidden='false' data-av_icon='\ue8f3' data-av_iconfont='entypo-fontello' title='' data-avia-related-tooltip='Compartir en Facebook' rel=\"noopener\"><span class='avia_hidden_link_text'>Compartir en Facebook<\/span><\/a><\/li><li class='av-share-link av-social-link-twitter' ><a target=\"_blank\" aria-label=\"Compartir en Twitter\" href='https:\/\/twitter.com\/share?text=Juegos%20Para%20Araucan%C3%ADa%202024%3A%20Trece%20deportistas%20representar%C3%A1n%20a%20la%20regi%C3%B3n%20en%20atletismo%20y%20nataci%C3%B3n%20adaptada&#038;url=https:\/\/radiorevelacionfm.cl\/?p=41809' aria-hidden='false' data-av_icon='\ue8f1' data-av_iconfont='entypo-fontello' title='' data-avia-related-tooltip='Compartir en Twitter' rel=\"noopener\"><span class='avia_hidden_link_text'>Compartir en Twitter<\/span><\/a><\/li><li class='av-share-link av-social-link-whatsapp' ><a target=\"_blank\" aria-label=\"Compartir en Whatsapp\" href='https:\/\/api.whatsapp.com\/send?text=https:\/\/radiorevelacionfm.cl\/?p=41809' aria-hidden='false' data-av_icon='\uf232' data-av_iconfont='entypo-fontello' title='' data-avia-related-tooltip='Compartir en Whatsapp' rel=\"noopener\"><span class='avia_hidden_link_text'>Compartir en Whatsapp<\/span><\/a><\/li><li class='av-share-link av-social-link-linkedin' ><a target=\"_blank\" aria-label=\"Compartir en LinkedIn\" href='https:\/\/linkedin.com\/shareArticle?mini=true&#038;title=Juegos%20Para%20Araucan%C3%ADa%202024%3A%20Trece%20deportistas%20representar%C3%A1n%20a%20la%20regi%C3%B3n%20en%20atletismo%20y%20nataci%C3%B3n%20adaptada&#038;url=https:\/\/radiorevelacionfm.cl\/?p=41809' aria-hidden='false' data-av_icon='\ue8fc' data-av_iconfont='entypo-fontello' title='' data-avia-related-tooltip='Compartir en LinkedIn' rel=\"noopener\"><span class='avia_hidden_link_text'>Compartir en LinkedIn<\/span><\/a><\/li><li class='av-share-link av-social-link-mail' ><a  aria-label=\"Compartir por correo\" href='mailto:?subject=Juegos%20Para%20Araucan%C3%ADa%202024%3A%20Trece%20deportistas%20representar%C3%A1n%20a%20la%20regi%C3%B3n%20en%20atletismo%20y%20nataci%C3%B3n%20adaptada&#038;body=https:\/\/radiorevelacionfm.cl\/?p=41809' aria-hidden='false' data-av_icon='\ue805' data-av_iconfont='entypo-fontello' title='' data-avia-related-tooltip='Compartir por correo'><span class='avia_hidden_link_text'>Compartir por correo<\/span><\/a><\/li><\/ul><\/div><\/div>\n<div  style='height:50px' class='hr hr-invisible   avia-builder-el-8  el_after_av_social_share  el_before_av_comments_list '><span class='hr-inner ' ><span class='hr-inner-style'><\/span><\/span><\/div>\n<div  class='av-buildercomment  av-blog-meta-html-info-disabled av-blog-meta-tag-disabled  '><\/div>\n","protected":false},"excerpt":{"rendered":"","protected":false},"author":1,"featured_media":41810,"comment_status":"open","ping_status":"open","sticky":false,"template":"","format":"standard","meta":{"footnotes":""},"categories":[40],"tags":[],"class_list":["post-41809","post","type-post","status-publish","format-standard","has-post-thumbnail","hentry","category-deportes"],"jetpack_featured_media_url":"https:\/\/radiorevelacionfm.cl\/wp-content\/uploads\/2024\/05\/oo-1_optimized.jpeg","_links":{"self":[{"href":"https:\/\/radiorevelacionfm.cl\/index.php?rest_route=\/wp\/v2\/posts\/41809","targetHints":{"allow":["GET"]}}],"collection":[{"href":"https:\/\/radiorevelacionfm.cl\/index.php?rest_route=\/wp\/v2\/posts"}],"about":[{"href":"https:\/\/radiorevelacionfm.cl\/index.php?rest_route=\/wp\/v2\/types\/post"}],"author":[{"embeddable":true,"href":"https:\/\/radiorevelacionfm.cl\/index.php?rest_route=\/wp\/v2\/users\/1"}],"replies":[{"embeddable":true,"href":"https:\/\/radiorevelacionfm.cl\/index.php?rest_route=%2Fwp%2Fv2%2Fcomments&post=41809"}],"version-history":[{"count":1,"href":"https:\/\/radiorevelacionfm.cl\/index.php?rest_route=\/wp\/v2\/posts\/41809\/revisions"}],"predecessor-version":[{"id":41811,"href":"https:\/\/radiorevelacionfm.cl\/index.php?rest_route=\/wp\/v2\/posts\/41809\/revisions\/41811"}],"wp:featuredmedia":[{"embeddable":true,"href":"https:\/\/radiorevelacionfm.cl\/index.php?rest_route=\/wp\/v2\/media\/41810"}],"wp:attachment":[{"href":"https:\/\/radiorevelacionfm.cl\/index.php?rest_route=%2Fwp%2Fv2%2Fmedia&parent=41809"}],"wp:term":[{"taxonomy":"category","embeddable":true,"href":"https:\/\/radiorevelacionfm.cl\/index.php?rest_route=%2Fwp%2Fv2%2Fcategories&post=41809"},{"taxonomy":"post_tag","embeddable":true,"href":"https:\/\/radiorevelacionfm.cl\/index.php?rest_route=%2Fwp%2Fv2%2Ftags&post=41809"}],"curies":[{"name":"wp","href":"https:\/\/api.w.org\/{rel}","templated":true}]}}