{"id":41806,"date":"2024-05-01T23:05:49","date_gmt":"2024-05-02T02:05:49","guid":{"rendered":"https:\/\/radiorevelacionfm.cl\/?p=41806"},"modified":"2024-05-01T23:05:49","modified_gmt":"2024-05-02T02:05:49","slug":"emporcha-realiza-nuevo-embarque-minero-de-12-500-toneladas-con-destino-a-china","status":"publish","type":"post","link":"https:\/\/radiorevelacionfm.cl\/?p=41806","title":{"rendered":"Emporcha realiza nuevo embarque minero de 12.500 toneladas con destino a China"},"content":{"rendered":"<div class=\"flex_column av_one_full  flex_column_div av-zero-column-padding first  avia-builder-el-0  el_before_av_one_full  avia-builder-el-first  \" style='border-radius:0px; '><div  class='avia-image-container  av-styling-    avia-builder-el-1  avia-builder-el-no-sibling  avia-align-center '  itemprop=\"image\" itemscope=\"itemscope\" itemtype=\"https:\/\/schema.org\/ImageObject\"  ><div class='avia-image-container-inner'><div class='avia-image-overlay-wrap'><img decoding=\"async\" class='wp-image-41807 avia-img-lazy-loading-not-41807 avia_image' src=\"https:\/\/radiorevelacionfm.cl\/wp-content\/uploads\/2024\/05\/Arribo-Tate-J-Mineria-4-696x522-1-1.jpeg\" alt='' title='Arribo-Tate-J-Mineria-4-696x522 (1) (1)' height=\"600\" width=\"800\"  itemprop=\"thumbnailUrl\" srcset=\"https:\/\/radiorevelacionfm.cl\/wp-content\/uploads\/2024\/05\/Arribo-Tate-J-Mineria-4-696x522-1-1.jpeg 800w, https:\/\/radiorevelacionfm.cl\/wp-content\/uploads\/2024\/05\/Arribo-Tate-J-Mineria-4-696x522-1-1-300x225.jpeg 300w, https:\/\/radiorevelacionfm.cl\/wp-content\/uploads\/2024\/05\/Arribo-Tate-J-Mineria-4-696x522-1-1-768x576.jpeg 768w, https:\/\/radiorevelacionfm.cl\/wp-content\/uploads\/2024\/05\/Arribo-Tate-J-Mineria-4-696x522-1-1-705x529.jpeg 705w, https:\/\/radiorevelacionfm.cl\/wp-content\/uploads\/2024\/05\/Arribo-Tate-J-Mineria-4-696x522-1-1-450x338.jpeg 450w, https:\/\/radiorevelacionfm.cl\/wp-content\/uploads\/2024\/05\/Arribo-Tate-J-Mineria-4-696x522-1-1-600x450.jpeg 600w\" sizes=\"(max-width: 800px) 100vw, 800px\" \/><\/div><\/div><\/div><\/div><div class=\"flex_column av_one_full  flex_column_div av-zero-column-padding first  avia-builder-el-2  el_after_av_one_full  el_before_av_one_full  column-top-margin\" style='border-radius:0px; '><section class=\"av_textblock_section \"  itemscope=\"itemscope\" itemtype=\"https:\/\/schema.org\/BlogPosting\" itemprop=\"blogPost\" ><div class='avia_textblock  '   itemprop=\"text\" ><p style=\"text-align: center;\"><strong><span style=\"font-size: 18pt;\">Emporcha realiza nuevo embarque minero de 12.500 toneladas con destino a China<\/span><\/strong><\/p>\n<h1 class=\"entry-title\"><\/h1>\n<div id=\"gtx-trans\" style=\"position: absolute; left: -50px; top: 4.31534px;\">\n<div class=\"gtx-trans-icon\"><\/div>\n<\/div>\n<\/div><\/section><\/div><div class=\"flex_column av_one_full  flex_column_div av-zero-column-padding first  avia-builder-el-4  el_after_av_one_full  el_before_av_hr  column-top-margin\" style='border-radius:0px; '><section class=\"av_textblock_section \"  itemscope=\"itemscope\" itemtype=\"https:\/\/schema.org\/BlogPosting\" itemprop=\"blogPost\" ><div class='avia_textblock  '   itemprop=\"text\" ><p style=\"text-align: justify;\"><span style=\"font-size: 12pt;\"><em>Autoridades visitaron el recinto portuario aisenino para conocer la operaci\u00f3n en la nave \u201cTate J\u201d y saludar a estibadores por el D\u00eda del Trabajo.<\/em><\/span><\/p>\n<p style=\"text-align: justify;\"><span id=\"more-124230\"><\/span>Una visita a las faenas de transferencia de carga de la nave \u201cTate J\u201d, la cual embarca 12.500 toneladas de concentrado de zinc en el muelle 1 de Empresa Portuaria Chacabuco (Emporcha) realizaron este martes 30 de abril, diversas autoridades encabezadas por el delegado presidencial Jorge D\u00edaz y el seremi de Miner\u00eda, Juan V\u00e1squez.<\/p>\n<p style=\"text-align: justify;\">El buque de tipo bulk carrier y bandera de Islas Marshall arrib\u00f3 el lunes procedente desde el puerto de San Vicente a los muelles de Puerto Chacabuco, donde inici\u00f3 la operaci\u00f3n para completar el importante embarque de carga de la Minera Pac\u00edfico del Sur, la cual tendr\u00e1 a China como su destino.<\/p>\n<p style=\"text-align: justify;\">Justamente a inspeccionar la operaci\u00f3n y conocer c\u00f3mo el mineral se traslada desde las bodegas a la nave arribaron diversas autoridades regionales y comunales, como el seremi de Econom\u00eda, Felipe Rojas; su par de Trabajo, Rodrigo D\u00edaz; el alcalde de Ays\u00e9n, Julio Uribe; concejales, consejeros regionales y representantes de otras instituciones y entidades sindicales.<\/p>\n<p style=\"text-align: justify;\">Adem\u00e1s, como parte de la conmemoraci\u00f3n del D\u00eda Internacional del Trabajo, las autoridades saludaron a los dirigentes y miembros del Sindicato de Estibadoras y Estibadores que agrupa a los trabajadores portuarios del recinto aisenino.<\/p>\n<p style=\"text-align: justify;\">Cabe destacar que este embarque minero es el primero de su tipo que se realiza en Chacabuco durante este 2024, y se suma a las 54.000 toneladas que ya se exportaron desde Emporcha el a\u00f1o pasado, en cuatro operaciones distintas en las que participaron 327 trabajadores, permitiendo as\u00ed que el terminal de Ays\u00e9n cobre relevancia estrat\u00e9gica en el env\u00edo de este tipo de carga.<\/p>\n<p style=\"text-align: justify;\">Seg\u00fan destac\u00f3 Felipe Candia, gerente general de Emporcha, esta operaci\u00f3n refleja \u201cel compromiso de nuestra empresa p\u00fablica con el desarrollo sostenible y la creaci\u00f3n de empleo en Ays\u00e9n, considerando que la transferencia de material minero impulsa a la econom\u00eda regional, pero adem\u00e1s destaca el potencial de la regi\u00f3n para contribuir al sector minero a nivel nacional e internacional\u201d.<\/p>\n<p class=\" aBigClassNameToAvoidCollisionInText\" style=\"text-align: justify;\">Recientemente el seremi de Miner\u00eda, Juan V\u00e1squez, hab\u00eda destacado \u201cel papel crucial que Emporcha despe\u00f1a en la localidad de Chacabuco como un actor clave para impulsar la actividad minera en la Regi\u00f3n de Ays\u00e9n, donde el a\u00f1o pasado pudimos observar la importancia del buen funcionamiento de su muelle en la cadena log\u00edstica minera\u201d, relevando la disposici\u00f3n de los servicios y la infraestructura de la portuaria para grandes vol\u00famenes de carga de las operaciones mineras regionales.<\/p>\n<div id=\"sas_45111\"><\/div>\n<div id=\"video\"><\/div>\n<\/div><\/section><\/div><div  style='height:50px' class='hr hr-invisible   avia-builder-el-6  el_after_av_one_full  el_before_av_social_share '><span class='hr-inner ' ><span class='hr-inner-style'><\/span><\/span><\/div><\/p>\n<div  class='av-social-sharing-box  avia-builder-el-7  el_after_av_hr  el_before_av_hr  '><div class='av-share-box'><h5 class='av-share-link-description av-no-toc '>Compartir esta noticia<\/h5><ul class='av-share-box-list noLightbox'><li class='av-share-link av-social-link-facebook' ><a target=\"_blank\" aria-label=\"Compartir en Facebook\" href='https:\/\/www.facebook.com\/sharer.php?u=https:\/\/radiorevelacionfm.cl\/?p=41806&#038;t=Emporcha%20realiza%20nuevo%20embarque%20minero%20de%2012.500%20toneladas%20con%20destino%20a%20China' aria-hidden='false' data-av_icon='\ue8f3' data-av_iconfont='entypo-fontello' title='' data-avia-related-tooltip='Compartir en Facebook' rel=\"noopener\"><span class='avia_hidden_link_text'>Compartir en Facebook<\/span><\/a><\/li><li class='av-share-link av-social-link-twitter' ><a target=\"_blank\" aria-label=\"Compartir en Twitter\" href='https:\/\/twitter.com\/share?text=Emporcha%20realiza%20nuevo%20embarque%20minero%20de%2012.500%20toneladas%20con%20destino%20a%20China&#038;url=https:\/\/radiorevelacionfm.cl\/?p=41806' aria-hidden='false' data-av_icon='\ue8f1' data-av_iconfont='entypo-fontello' title='' data-avia-related-tooltip='Compartir en Twitter' rel=\"noopener\"><span class='avia_hidden_link_text'>Compartir en Twitter<\/span><\/a><\/li><li class='av-share-link av-social-link-whatsapp' ><a target=\"_blank\" aria-label=\"Compartir en Whatsapp\" href='https:\/\/api.whatsapp.com\/send?text=https:\/\/radiorevelacionfm.cl\/?p=41806' aria-hidden='false' data-av_icon='\uf232' data-av_iconfont='entypo-fontello' title='' data-avia-related-tooltip='Compartir en Whatsapp' rel=\"noopener\"><span class='avia_hidden_link_text'>Compartir en Whatsapp<\/span><\/a><\/li><li class='av-share-link av-social-link-linkedin' ><a target=\"_blank\" aria-label=\"Compartir en LinkedIn\" href='https:\/\/linkedin.com\/shareArticle?mini=true&#038;title=Emporcha%20realiza%20nuevo%20embarque%20minero%20de%2012.500%20toneladas%20con%20destino%20a%20China&#038;url=https:\/\/radiorevelacionfm.cl\/?p=41806' aria-hidden='false' data-av_icon='\ue8fc' data-av_iconfont='entypo-fontello' title='' data-avia-related-tooltip='Compartir en LinkedIn' rel=\"noopener\"><span class='avia_hidden_link_text'>Compartir en LinkedIn<\/span><\/a><\/li><li class='av-share-link av-social-link-mail' ><a  aria-label=\"Compartir por correo\" href='mailto:?subject=Emporcha%20realiza%20nuevo%20embarque%20minero%20de%2012.500%20toneladas%20con%20destino%20a%20China&#038;body=https:\/\/radiorevelacionfm.cl\/?p=41806' aria-hidden='false' data-av_icon='\ue805' data-av_iconfont='entypo-fontello' title='' data-avia-related-tooltip='Compartir por correo'><span class='avia_hidden_link_text'>Compartir por correo<\/span><\/a><\/li><\/ul><\/div><\/div>\n<div  style='height:50px' class='hr hr-invisible   avia-builder-el-8  el_after_av_social_share  el_before_av_comments_list '><span class='hr-inner ' ><span class='hr-inner-style'><\/span><\/span><\/div>\n<div  class='av-buildercomment  av-blog-meta-html-info-disabled av-blog-meta-tag-disabled  '><\/div>\n","protected":false},"excerpt":{"rendered":"","protected":false},"author":1,"featured_media":41807,"comment_status":"open","ping_status":"open","sticky":false,"template":"","format":"standard","meta":{"footnotes":""},"categories":[38],"tags":[],"class_list":["post-41806","post","type-post","status-publish","format-standard","has-post-thumbnail","hentry","category-regional"],"jetpack_featured_media_url":"https:\/\/radiorevelacionfm.cl\/wp-content\/uploads\/2024\/05\/Arribo-Tate-J-Mineria-4-696x522-1-1.jpeg","_links":{"self":[{"href":"https:\/\/radiorevelacionfm.cl\/index.php?rest_route=\/wp\/v2\/posts\/41806","targetHints":{"allow":["GET"]}}],"collection":[{"href":"https:\/\/radiorevelacionfm.cl\/index.php?rest_route=\/wp\/v2\/posts"}],"about":[{"href":"https:\/\/radiorevelacionfm.cl\/index.php?rest_route=\/wp\/v2\/types\/post"}],"author":[{"embeddable":true,"href":"https:\/\/radiorevelacionfm.cl\/index.php?rest_route=\/wp\/v2\/users\/1"}],"replies":[{"embeddable":true,"href":"https:\/\/radiorevelacionfm.cl\/index.php?rest_route=%2Fwp%2Fv2%2Fcomments&post=41806"}],"version-history":[{"count":1,"href":"https:\/\/radiorevelacionfm.cl\/index.php?rest_route=\/wp\/v2\/posts\/41806\/revisions"}],"predecessor-version":[{"id":41808,"href":"https:\/\/radiorevelacionfm.cl\/index.php?rest_route=\/wp\/v2\/posts\/41806\/revisions\/41808"}],"wp:featuredmedia":[{"embeddable":true,"href":"https:\/\/radiorevelacionfm.cl\/index.php?rest_route=\/wp\/v2\/media\/41807"}],"wp:attachment":[{"href":"https:\/\/radiorevelacionfm.cl\/index.php?rest_route=%2Fwp%2Fv2%2Fmedia&parent=41806"}],"wp:term":[{"taxonomy":"category","embeddable":true,"href":"https:\/\/radiorevelacionfm.cl\/index.php?rest_route=%2Fwp%2Fv2%2Fcategories&post=41806"},{"taxonomy":"post_tag","embeddable":true,"href":"https:\/\/radiorevelacionfm.cl\/index.php?rest_route=%2Fwp%2Fv2%2Ftags&post=41806"}],"curies":[{"name":"wp","href":"https:\/\/api.w.org\/{rel}","templated":true}]}}