{"id":41799,"date":"2024-05-01T22:40:50","date_gmt":"2024-05-02T01:40:50","guid":{"rendered":"https:\/\/radiorevelacionfm.cl\/?p=41799"},"modified":"2024-05-01T22:40:50","modified_gmt":"2024-05-02T01:40:50","slug":"diputado-calisto-le-extiende-condolencias-a-carabineros-de-aysen-y-resalta-importancia-de-avanzar-en-proyecto-de-nuevas-reglas-del-uso-de-la-fuerza","status":"publish","type":"post","link":"https:\/\/radiorevelacionfm.cl\/?p=41799","title":{"rendered":"Diputado Calisto le extiende condolencias a Carabineros de Ays\u00e9n y resalta importancia de avanzar en proyecto de nuevas Reglas del Uso de la Fuerza"},"content":{"rendered":"<div class=\"flex_column av_one_full  flex_column_div av-zero-column-padding first  avia-builder-el-0  el_before_av_one_full  avia-builder-el-first  \" style='border-radius:0px; '><div  class='avia-image-container  av-styling-    avia-builder-el-1  avia-builder-el-no-sibling  avia-align-center '  itemprop=\"image\" itemscope=\"itemscope\" itemtype=\"https:\/\/schema.org\/ImageObject\"  ><div class='avia-image-container-inner'><div class='avia-image-overlay-wrap'><img decoding=\"async\" class='wp-image-41800 avia-img-lazy-loading-not-41800 avia_image' src=\"https:\/\/radiorevelacionfm.cl\/wp-content\/uploads\/2024\/04\/foto-calisto-carabineros-1_optimized.jpeg\" alt='' title='foto-calisto-carabineros-(1)_optimized' height=\"600\" width=\"1067\"  itemprop=\"thumbnailUrl\" srcset=\"https:\/\/radiorevelacionfm.cl\/wp-content\/uploads\/2024\/04\/foto-calisto-carabineros-1_optimized.jpeg 1067w, https:\/\/radiorevelacionfm.cl\/wp-content\/uploads\/2024\/04\/foto-calisto-carabineros-1_optimized-300x169.jpeg 300w, https:\/\/radiorevelacionfm.cl\/wp-content\/uploads\/2024\/04\/foto-calisto-carabineros-1_optimized-1030x579.jpeg 1030w, https:\/\/radiorevelacionfm.cl\/wp-content\/uploads\/2024\/04\/foto-calisto-carabineros-1_optimized-768x432.jpeg 768w, https:\/\/radiorevelacionfm.cl\/wp-content\/uploads\/2024\/04\/foto-calisto-carabineros-1_optimized-705x396.jpeg 705w, https:\/\/radiorevelacionfm.cl\/wp-content\/uploads\/2024\/04\/foto-calisto-carabineros-1_optimized-450x253.jpeg 450w, https:\/\/radiorevelacionfm.cl\/wp-content\/uploads\/2024\/04\/foto-calisto-carabineros-1_optimized-600x337.jpeg 600w\" sizes=\"(max-width: 1067px) 100vw, 1067px\" \/><\/div><\/div><\/div><\/div><div class=\"flex_column av_one_full  flex_column_div av-zero-column-padding first  avia-builder-el-2  el_after_av_one_full  el_before_av_one_full  column-top-margin\" style='border-radius:0px; '><section class=\"av_textblock_section \"  itemscope=\"itemscope\" itemtype=\"https:\/\/schema.org\/BlogPosting\" itemprop=\"blogPost\" ><div class='avia_textblock  '   itemprop=\"text\" ><p style=\"text-align: center;\"><span style=\"font-size: 18pt;\"><b><span lang=\"ES\">Diputado Calisto le extiende condolencias a Carabineros de Ays\u00e9n y resalta importancia de avanzar en proyecto de nuevas Reglas del Uso de la Fuerza<\/span><\/b><\/span><\/p>\n<div id=\"gtx-trans\" style=\"position: absolute; left: -50px; top: 4.31534px;\">\n<div class=\"gtx-trans-icon\"><\/div>\n<\/div>\n<\/div><\/section><\/div><div class=\"flex_column av_one_full  flex_column_div av-zero-column-padding first  avia-builder-el-4  el_after_av_one_full  el_before_av_hr  column-top-margin\" style='border-radius:0px; '><section class=\"av_textblock_section \"  itemscope=\"itemscope\" itemtype=\"https:\/\/schema.org\/BlogPosting\" itemprop=\"blogPost\" ><div class='avia_textblock  '   itemprop=\"text\" ><p style=\"font-weight: 400; text-align: justify;\">El diputado Miguel \u00c1ngel Calisto realiz\u00f3 una visita al general de carabineros de Ays\u00e9n, Patricio Santos, a quien le extendi\u00f3 las condolencias por el asesinato de los tres uniformados en la regi\u00f3n del BioBio y resalt\u00f3 la importancia de sacar adelante el proyecto que establece nuevas Reglas del Uso de la Fuerza para las polic\u00edas y Fuerzas Armadas.<\/p>\n<p style=\"font-weight: 400; text-align: justify;\">El legislador, quien preside la comisi\u00f3n unida de Constituci\u00f3n y Seguridad Ciudadana de la C\u00e1mara de diputados, cit\u00f3 a sesiones especiales durante la semana distrital para poder terminar de despachar esta iniciativa, la que se est\u00e1 discutiendo hace cerca de un a\u00f1o.<\/p>\n<p style=\"font-weight: 400; text-align: justify;\">\u201cHemos extendido nuestras condolencias al General Santos y a toda la instituci\u00f3n de Carabineros por el asesinato de los tres funcionarios en la Regi\u00f3n del BioBio. Para nosotros hoy es un desaf\u00edo importante ver acciones a tomar, por eso como presidente de la Comisi\u00f3n de Constituci\u00f3n cit\u00e9 una sesi\u00f3n para que podamos sacar lo antes posible el proyecto de nuevas Reglas del Uso de la Fuerza\u201d, indic\u00f3.<\/p>\n<p style=\"font-weight: 400; text-align: justify;\">Calisto agreg\u00f3 que \u201ces importante definir las herramientas para que las polic\u00edas y Fuerzas Armadas puedan cumplir con su deber sin tener que despu\u00e9s pagar con c\u00e1rcel ante la justicia civil. Tenemos que entregar competencias y herramientas y dar cuenta respecto a la importancia de la leg\u00edtima defensa cuando el carabinero o las fuerzas armadas cumplen con su deber\u201d.<\/p>\n<p style=\"font-weight: 400; text-align: justify;\">Por su parte, el general Santos se\u00f1al\u00f3 que \u201cquiero agradecer la presencia del Diputado Calisto, quien nos ha tra\u00eddo un mensaje de apoyo. Lamentablemente este mes de aniversario estuvo marcado por el fallecimiento de carabineros en el cumplimiento del deber. Esto remeci\u00f3 la conciencia ciudadana para advertir el grado de compromiso con el cumplimiento del deber.<\/p>\n<p style=\"font-weight: 400; text-align: justify;\">Finalmente, el General Santos se\u00f1al\u00f3 que \u201cagradezco las muestras de solidaridad de toda la regi\u00f3n de Ays\u00e9n, tanto en la catedral, en los libros de condolencias o en la p\u00e1gina comisar\u00eda virtual\u201d.<\/p>\n<\/div><\/section><\/div><div  style='height:50px' class='hr hr-invisible   avia-builder-el-6  el_after_av_one_full  el_before_av_social_share '><span class='hr-inner ' ><span class='hr-inner-style'><\/span><\/span><\/div><\/p>\n<div  class='av-social-sharing-box  avia-builder-el-7  el_after_av_hr  el_before_av_hr  '><div class='av-share-box'><h5 class='av-share-link-description av-no-toc '>Compartir esta noticia<\/h5><ul class='av-share-box-list noLightbox'><li class='av-share-link av-social-link-facebook' ><a target=\"_blank\" aria-label=\"Compartir en Facebook\" href='https:\/\/www.facebook.com\/sharer.php?u=https:\/\/radiorevelacionfm.cl\/?p=41799&#038;t=Diputado%20Calisto%20le%20extiende%20condolencias%20a%20Carabineros%20de%20Ays%C3%A9n%20y%20resalta%20importancia%20de%20avanzar%20en%20proyecto%20de%20nuevas%20Reglas%20del%20Uso%20de%20la%20Fuerza' aria-hidden='false' data-av_icon='\ue8f3' data-av_iconfont='entypo-fontello' title='' data-avia-related-tooltip='Compartir en Facebook' rel=\"noopener\"><span class='avia_hidden_link_text'>Compartir en Facebook<\/span><\/a><\/li><li class='av-share-link av-social-link-twitter' ><a target=\"_blank\" aria-label=\"Compartir en Twitter\" href='https:\/\/twitter.com\/share?text=Diputado%20Calisto%20le%20extiende%20condolencias%20a%20Carabineros%20de%20Ays%C3%A9n%20y%20resalta%20importancia%20de%20avanzar%20en%20proyecto%20de%20nuevas%20Reglas%20del%20Uso%20de%20la%20Fuerza&#038;url=https:\/\/radiorevelacionfm.cl\/?p=41799' aria-hidden='false' data-av_icon='\ue8f1' data-av_iconfont='entypo-fontello' title='' data-avia-related-tooltip='Compartir en Twitter' rel=\"noopener\"><span class='avia_hidden_link_text'>Compartir en Twitter<\/span><\/a><\/li><li class='av-share-link av-social-link-whatsapp' ><a target=\"_blank\" aria-label=\"Compartir en Whatsapp\" href='https:\/\/api.whatsapp.com\/send?text=https:\/\/radiorevelacionfm.cl\/?p=41799' aria-hidden='false' data-av_icon='\uf232' data-av_iconfont='entypo-fontello' title='' data-avia-related-tooltip='Compartir en Whatsapp' rel=\"noopener\"><span class='avia_hidden_link_text'>Compartir en Whatsapp<\/span><\/a><\/li><li class='av-share-link av-social-link-linkedin' ><a target=\"_blank\" aria-label=\"Compartir en LinkedIn\" href='https:\/\/linkedin.com\/shareArticle?mini=true&#038;title=Diputado%20Calisto%20le%20extiende%20condolencias%20a%20Carabineros%20de%20Ays%C3%A9n%20y%20resalta%20importancia%20de%20avanzar%20en%20proyecto%20de%20nuevas%20Reglas%20del%20Uso%20de%20la%20Fuerza&#038;url=https:\/\/radiorevelacionfm.cl\/?p=41799' aria-hidden='false' data-av_icon='\ue8fc' data-av_iconfont='entypo-fontello' title='' data-avia-related-tooltip='Compartir en LinkedIn' rel=\"noopener\"><span class='avia_hidden_link_text'>Compartir en LinkedIn<\/span><\/a><\/li><li class='av-share-link av-social-link-mail' ><a  aria-label=\"Compartir por correo\" href='mailto:?subject=Diputado%20Calisto%20le%20extiende%20condolencias%20a%20Carabineros%20de%20Ays%C3%A9n%20y%20resalta%20importancia%20de%20avanzar%20en%20proyecto%20de%20nuevas%20Reglas%20del%20Uso%20de%20la%20Fuerza&#038;body=https:\/\/radiorevelacionfm.cl\/?p=41799' aria-hidden='false' data-av_icon='\ue805' data-av_iconfont='entypo-fontello' title='' data-avia-related-tooltip='Compartir por correo'><span class='avia_hidden_link_text'>Compartir por correo<\/span><\/a><\/li><\/ul><\/div><\/div>\n<div  style='height:50px' class='hr hr-invisible   avia-builder-el-8  el_after_av_social_share  el_before_av_comments_list '><span class='hr-inner ' ><span class='hr-inner-style'><\/span><\/span><\/div>\n<div  class='av-buildercomment  av-blog-meta-html-info-disabled av-blog-meta-tag-disabled  '><\/div>\n","protected":false},"excerpt":{"rendered":"","protected":false},"author":1,"featured_media":41800,"comment_status":"open","ping_status":"open","sticky":false,"template":"","format":"standard","meta":{"footnotes":""},"categories":[35],"tags":[],"class_list":["post-41799","post","type-post","status-publish","format-standard","has-post-thumbnail","hentry","category-politica"],"jetpack_featured_media_url":"https:\/\/radiorevelacionfm.cl\/wp-content\/uploads\/2024\/04\/foto-calisto-carabineros-1_optimized.jpeg","_links":{"self":[{"href":"https:\/\/radiorevelacionfm.cl\/index.php?rest_route=\/wp\/v2\/posts\/41799","targetHints":{"allow":["GET"]}}],"collection":[{"href":"https:\/\/radiorevelacionfm.cl\/index.php?rest_route=\/wp\/v2\/posts"}],"about":[{"href":"https:\/\/radiorevelacionfm.cl\/index.php?rest_route=\/wp\/v2\/types\/post"}],"author":[{"embeddable":true,"href":"https:\/\/radiorevelacionfm.cl\/index.php?rest_route=\/wp\/v2\/users\/1"}],"replies":[{"embeddable":true,"href":"https:\/\/radiorevelacionfm.cl\/index.php?rest_route=%2Fwp%2Fv2%2Fcomments&post=41799"}],"version-history":[{"count":1,"href":"https:\/\/radiorevelacionfm.cl\/index.php?rest_route=\/wp\/v2\/posts\/41799\/revisions"}],"predecessor-version":[{"id":41801,"href":"https:\/\/radiorevelacionfm.cl\/index.php?rest_route=\/wp\/v2\/posts\/41799\/revisions\/41801"}],"wp:featuredmedia":[{"embeddable":true,"href":"https:\/\/radiorevelacionfm.cl\/index.php?rest_route=\/wp\/v2\/media\/41800"}],"wp:attachment":[{"href":"https:\/\/radiorevelacionfm.cl\/index.php?rest_route=%2Fwp%2Fv2%2Fmedia&parent=41799"}],"wp:term":[{"taxonomy":"category","embeddable":true,"href":"https:\/\/radiorevelacionfm.cl\/index.php?rest_route=%2Fwp%2Fv2%2Fcategories&post=41799"},{"taxonomy":"post_tag","embeddable":true,"href":"https:\/\/radiorevelacionfm.cl\/index.php?rest_route=%2Fwp%2Fv2%2Ftags&post=41799"}],"curies":[{"name":"wp","href":"https:\/\/api.w.org\/{rel}","templated":true}]}}