{"id":41796,"date":"2024-04-30T17:23:50","date_gmt":"2024-04-30T20:23:50","guid":{"rendered":"https:\/\/radiorevelacionfm.cl\/?p=41796"},"modified":"2024-04-30T17:23:50","modified_gmt":"2024-04-30T20:23:50","slug":"celebracion-de-la-semana-de-la-cocina-chilena-en-inacap-coyhaique-un-encuentro-de-sabores-y-solidaridad","status":"publish","type":"post","link":"https:\/\/radiorevelacionfm.cl\/?p=41796","title":{"rendered":"Celebraci\u00f3n de la Semana de la Cocina Chilena en INACAP Coyhaique: Un Encuentro de Sabores y Solidaridad"},"content":{"rendered":"<div class=\"flex_column av_one_full  flex_column_div av-zero-column-padding first  avia-builder-el-0  el_before_av_one_full  avia-builder-el-first  \" style='border-radius:0px; '><div  class='avia-image-container  av-styling-    avia-builder-el-1  avia-builder-el-no-sibling  avia-align-center '  itemprop=\"image\" itemscope=\"itemscope\" itemtype=\"https:\/\/schema.org\/ImageObject\"  ><div class='avia-image-container-inner'><div class='avia-image-overlay-wrap'><img decoding=\"async\" class='wp-image-41797 avia-img-lazy-loading-not-41797 avia_image' src=\"https:\/\/radiorevelacionfm.cl\/wp-content\/uploads\/2024\/04\/3-66-2-1.jpeg\" alt='' title='3 (66) (2) (1)' height=\"600\" width=\"974\"  itemprop=\"thumbnailUrl\" srcset=\"https:\/\/radiorevelacionfm.cl\/wp-content\/uploads\/2024\/04\/3-66-2-1.jpeg 974w, https:\/\/radiorevelacionfm.cl\/wp-content\/uploads\/2024\/04\/3-66-2-1-300x185.jpeg 300w, https:\/\/radiorevelacionfm.cl\/wp-content\/uploads\/2024\/04\/3-66-2-1-768x473.jpeg 768w, https:\/\/radiorevelacionfm.cl\/wp-content\/uploads\/2024\/04\/3-66-2-1-705x434.jpeg 705w, https:\/\/radiorevelacionfm.cl\/wp-content\/uploads\/2024\/04\/3-66-2-1-450x277.jpeg 450w, https:\/\/radiorevelacionfm.cl\/wp-content\/uploads\/2024\/04\/3-66-2-1-600x370.jpeg 600w\" sizes=\"(max-width: 974px) 100vw, 974px\" \/><\/div><\/div><\/div><\/div><div class=\"flex_column av_one_full  flex_column_div av-zero-column-padding first  avia-builder-el-2  el_after_av_one_full  el_before_av_one_full  column-top-margin\" style='border-radius:0px; '><section class=\"av_textblock_section \"  itemscope=\"itemscope\" itemtype=\"https:\/\/schema.org\/BlogPosting\" itemprop=\"blogPost\" ><div class='avia_textblock  '   itemprop=\"text\" ><p style=\"text-align: center;\"><span style=\"font-size: 18pt;\"><strong>Celebraci\u00f3n de la Semana de la Cocina Chilena en INACAP Coyhaique: Un Encuentro de Sabores y Solidaridad<\/strong><\/span><\/p>\n<div id=\"gtx-trans\" style=\"position: absolute; left: -50px; top: 4.31534px;\">\n<div class=\"gtx-trans-icon\"><\/div>\n<\/div>\n<\/div><\/section><\/div><div class=\"flex_column av_one_full  flex_column_div av-zero-column-padding first  avia-builder-el-4  el_after_av_one_full  el_before_av_hr  column-top-margin\" style='border-radius:0px; '><section class=\"av_textblock_section \"  itemscope=\"itemscope\" itemtype=\"https:\/\/schema.org\/BlogPosting\" itemprop=\"blogPost\" ><div class='avia_textblock  '   itemprop=\"text\" ><p style=\"text-align: justify;\">En un ambiente cargado de tradici\u00f3n y pasi\u00f3n culinaria, en INACAP Sede Coyhaique se llev\u00f3 a cabo una celebraci\u00f3n en honor a la \u201cCocina Chilena\u201d, Organizada por el \u00e1rea Acad\u00e9mica y Gastron\u00f3mica de la instituci\u00f3n. Este evento reuni\u00f3 a estudiantes de primer a\u00f1o de la carrera de gastronom\u00eda de INACAP y del Liceo Josefina Aguirre Montenegro, quienes participaron en una serie de actividades y que destacaron los sabores aut\u00e9nticos de nuestro pa\u00eds, promoviendo la solidaridad en la comunidad.<\/p>\n<p style=\"text-align: justify;\">Uno de los aspectos m\u00e1s destacados de la semana, fue la visita solidaria al hogar de adultos mayores, Obra Don Guanella, donde los estudiantes de gastronom\u00eda entregaron un delicioso men\u00fa de pescado frito con ensalada a la chilena.<\/p>\n<p style=\"text-align: justify;\">Para darle mayor relevancia, se sumaron colaborativamente, los estudiantes de T\u00e9cnico en Enfermer\u00eda de INACAP Sede Coyhaique, quienes realizaron procedimientos m\u00e9dicos, como, tomas de presi\u00f3n a los residentes de los hogares, entregando una atenci\u00f3n integral a los usuarios y fortaleciendo los lazos entre las diferentes \u00e1reas acad\u00e9micas.<\/p>\n<p style=\"text-align: justify;\">La iniciativa no s\u00f3lo busc\u00f3 resaltar los sabores de nuestra cocina, sino tambi\u00e9n fomentar la solidaridad y el compromiso social entre estudiantes. La presencia del Liceo Josefina Aguirre Montenegro en estas actividades no s\u00f3lo enriqueci\u00f3 la experiencia, sino que tambi\u00e9n, fortaleci\u00f3 los v\u00ednculos entre ambas instituciones educativas.<\/p>\n<p style=\"text-align: justify;\">Para finalizar esta semana de celebraci\u00f3n, se realiz\u00f3 una emocionante M\u00e1ster Class de cocina chilena, donde estudiantes, funcionarios e invitados, tuvieron la oportunidad de aprender y compartir t\u00e9cnicas culinarias junto a los docentes Nicol\u00e1s Goldstaub, Cesar Silva y Jessica Barrientos, de INACAP y el Liceo Josefina Aguirre Montenegro, respectivamente.<\/p>\n<p style=\"text-align: justify;\">Al respecto de la serie de actividades, nuestro Vicerrector Patrice Van de Maele comento \u201cen INACAP Sede Coyhaique, nos dedicamos con pasi\u00f3n al arte culinario, creando un entorno donde cada plato es una expresi\u00f3n de creatividad y habilidad. Nos sentimos orgullosos de ser la instituci\u00f3n que promueve estas experiencias enriquecedoras para nuestros estudiantes, proporcion\u00e1ndoles no solo conocimientos pr\u00e1cticos, sino tambi\u00e9n una apreciaci\u00f3n m\u00e1s profunda por la gastronom\u00eda. Adem\u00e1s, valoramos la colaboraci\u00f3n con el Liceo Josefina Aguirre Montenegro, fortaleciendo as\u00ed los lazos entre nuestras comunidades educativas, enriqueciendo el aprendizaje mutuo. Estamos felices adem\u00e1s de haber sido parte de la iniciativa nacional <strong><em>Chile te quiero Comer<\/em><\/strong><em>,\u00a0<\/em>que busca dar realce a la comida chilena\u00bb.<\/p>\n<p style=\"text-align: justify;\"><strong>Principio del formulario<\/strong><\/p>\n<p style=\"text-align: justify;\">Por su parte la docente Jessica Barrientos del Liceo Josefina Aguirre Montenegro menciono \u201cel trabajo colaborativo entre ambas instituciones ha sido positivo y motivador para nuestros estudiantes, que pudieron compartir experiencias con sus pares, los que est\u00e1n un poco m\u00e1s preparados en el \u00e1rea gastron\u00f3mica por los conocimientos que entrega INACAP Sede Coyhaique\u201d<\/p>\n<p style=\"text-align: justify;\">La Semana de la Cocina Chilena en la instituci\u00f3n no s\u00f3lo fue una celebraci\u00f3n de nuestros sabores y tradiciones culinarias, sino tambi\u00e9n un recordatorio del poder que tiene la gastronom\u00eda para unir comunidades y generar impacto social positivo.<\/p>\n<p style=\"text-align: justify;\">\u00a1Una experiencia inolvidable que deja un sabor a solidaridad, compromiso y tradici\u00f3n en cada preparaci\u00f3n!<\/p>\n<\/div><\/section><\/div><div  style='height:50px' class='hr hr-invisible   avia-builder-el-6  el_after_av_one_full  el_before_av_social_share '><span class='hr-inner ' ><span class='hr-inner-style'><\/span><\/span><\/div><\/p>\n<div  class='av-social-sharing-box  avia-builder-el-7  el_after_av_hr  el_before_av_hr  '><div class='av-share-box'><h5 class='av-share-link-description av-no-toc '>Compartir esta noticia<\/h5><ul class='av-share-box-list noLightbox'><li class='av-share-link av-social-link-facebook' ><a target=\"_blank\" aria-label=\"Compartir en Facebook\" href='https:\/\/www.facebook.com\/sharer.php?u=https:\/\/radiorevelacionfm.cl\/?p=41796&#038;t=Celebraci%C3%B3n%20de%20la%20Semana%20de%20la%20Cocina%20Chilena%20en%20INACAP%20Coyhaique%3A%20Un%20Encuentro%20de%20Sabores%20y%20Solidaridad' aria-hidden='false' data-av_icon='\ue8f3' data-av_iconfont='entypo-fontello' title='' data-avia-related-tooltip='Compartir en Facebook' rel=\"noopener\"><span class='avia_hidden_link_text'>Compartir en Facebook<\/span><\/a><\/li><li class='av-share-link av-social-link-twitter' ><a target=\"_blank\" aria-label=\"Compartir en Twitter\" href='https:\/\/twitter.com\/share?text=Celebraci%C3%B3n%20de%20la%20Semana%20de%20la%20Cocina%20Chilena%20en%20INACAP%20Coyhaique%3A%20Un%20Encuentro%20de%20Sabores%20y%20Solidaridad&#038;url=https:\/\/radiorevelacionfm.cl\/?p=41796' aria-hidden='false' data-av_icon='\ue8f1' data-av_iconfont='entypo-fontello' title='' data-avia-related-tooltip='Compartir en Twitter' rel=\"noopener\"><span class='avia_hidden_link_text'>Compartir en Twitter<\/span><\/a><\/li><li class='av-share-link av-social-link-whatsapp' ><a target=\"_blank\" aria-label=\"Compartir en Whatsapp\" href='https:\/\/api.whatsapp.com\/send?text=https:\/\/radiorevelacionfm.cl\/?p=41796' aria-hidden='false' data-av_icon='\uf232' data-av_iconfont='entypo-fontello' title='' data-avia-related-tooltip='Compartir en Whatsapp' rel=\"noopener\"><span class='avia_hidden_link_text'>Compartir en Whatsapp<\/span><\/a><\/li><li class='av-share-link av-social-link-linkedin' ><a target=\"_blank\" aria-label=\"Compartir en LinkedIn\" href='https:\/\/linkedin.com\/shareArticle?mini=true&#038;title=Celebraci%C3%B3n%20de%20la%20Semana%20de%20la%20Cocina%20Chilena%20en%20INACAP%20Coyhaique%3A%20Un%20Encuentro%20de%20Sabores%20y%20Solidaridad&#038;url=https:\/\/radiorevelacionfm.cl\/?p=41796' aria-hidden='false' data-av_icon='\ue8fc' data-av_iconfont='entypo-fontello' title='' data-avia-related-tooltip='Compartir en LinkedIn' rel=\"noopener\"><span class='avia_hidden_link_text'>Compartir en LinkedIn<\/span><\/a><\/li><li class='av-share-link av-social-link-mail' ><a  aria-label=\"Compartir por correo\" href='mailto:?subject=Celebraci%C3%B3n%20de%20la%20Semana%20de%20la%20Cocina%20Chilena%20en%20INACAP%20Coyhaique%3A%20Un%20Encuentro%20de%20Sabores%20y%20Solidaridad&#038;body=https:\/\/radiorevelacionfm.cl\/?p=41796' aria-hidden='false' data-av_icon='\ue805' data-av_iconfont='entypo-fontello' title='' data-avia-related-tooltip='Compartir por correo'><span class='avia_hidden_link_text'>Compartir por correo<\/span><\/a><\/li><\/ul><\/div><\/div>\n<div  style='height:50px' class='hr hr-invisible   avia-builder-el-8  el_after_av_social_share  el_before_av_comments_list '><span class='hr-inner ' ><span class='hr-inner-style'><\/span><\/span><\/div>\n<div  class='av-buildercomment  av-blog-meta-html-info-disabled av-blog-meta-tag-disabled  '><\/div>\n","protected":false},"excerpt":{"rendered":"","protected":false},"author":1,"featured_media":41797,"comment_status":"open","ping_status":"open","sticky":false,"template":"","format":"standard","meta":{"footnotes":""},"categories":[38],"tags":[],"class_list":["post-41796","post","type-post","status-publish","format-standard","has-post-thumbnail","hentry","category-regional"],"jetpack_featured_media_url":"https:\/\/radiorevelacionfm.cl\/wp-content\/uploads\/2024\/04\/3-66-2-1.jpeg","_links":{"self":[{"href":"https:\/\/radiorevelacionfm.cl\/index.php?rest_route=\/wp\/v2\/posts\/41796","targetHints":{"allow":["GET"]}}],"collection":[{"href":"https:\/\/radiorevelacionfm.cl\/index.php?rest_route=\/wp\/v2\/posts"}],"about":[{"href":"https:\/\/radiorevelacionfm.cl\/index.php?rest_route=\/wp\/v2\/types\/post"}],"author":[{"embeddable":true,"href":"https:\/\/radiorevelacionfm.cl\/index.php?rest_route=\/wp\/v2\/users\/1"}],"replies":[{"embeddable":true,"href":"https:\/\/radiorevelacionfm.cl\/index.php?rest_route=%2Fwp%2Fv2%2Fcomments&post=41796"}],"version-history":[{"count":1,"href":"https:\/\/radiorevelacionfm.cl\/index.php?rest_route=\/wp\/v2\/posts\/41796\/revisions"}],"predecessor-version":[{"id":41798,"href":"https:\/\/radiorevelacionfm.cl\/index.php?rest_route=\/wp\/v2\/posts\/41796\/revisions\/41798"}],"wp:featuredmedia":[{"embeddable":true,"href":"https:\/\/radiorevelacionfm.cl\/index.php?rest_route=\/wp\/v2\/media\/41797"}],"wp:attachment":[{"href":"https:\/\/radiorevelacionfm.cl\/index.php?rest_route=%2Fwp%2Fv2%2Fmedia&parent=41796"}],"wp:term":[{"taxonomy":"category","embeddable":true,"href":"https:\/\/radiorevelacionfm.cl\/index.php?rest_route=%2Fwp%2Fv2%2Fcategories&post=41796"},{"taxonomy":"post_tag","embeddable":true,"href":"https:\/\/radiorevelacionfm.cl\/index.php?rest_route=%2Fwp%2Fv2%2Ftags&post=41796"}],"curies":[{"name":"wp","href":"https:\/\/api.w.org\/{rel}","templated":true}]}}