{"id":41793,"date":"2024-04-30T20:14:14","date_gmt":"2024-04-30T23:14:14","guid":{"rendered":"https:\/\/radiorevelacionfm.cl\/?p=41793"},"modified":"2024-04-30T20:14:14","modified_gmt":"2024-04-30T23:14:14","slug":"diputada-raphael-visito-a-jefe-de-zona-de-carabineros-y-le-manifesto-su-irrestricto-apoyo","status":"publish","type":"post","link":"https:\/\/radiorevelacionfm.cl\/?p=41793","title":{"rendered":"Diputada Raphael visit\u00f3 a Jefe de Zona de Carabineros y le manifest\u00f3 su irrestricto apoyo"},"content":{"rendered":"<div class=\"flex_column av_one_full  flex_column_div av-zero-column-padding first  avia-builder-el-0  el_before_av_one_full  avia-builder-el-first  \" style='border-radius:0px; '><div  class='avia-image-container  av-styling-    avia-builder-el-1  avia-builder-el-no-sibling  avia-align-center '  itemprop=\"image\" itemscope=\"itemscope\" itemtype=\"https:\/\/schema.org\/ImageObject\"  ><div class='avia-image-container-inner'><div class='avia-image-overlay-wrap'><img decoding=\"async\" class='wp-image-41794 avia-img-lazy-loading-not-41794 avia_image' src=\"https:\/\/radiorevelacionfm.cl\/wp-content\/uploads\/2024\/04\/Foto-Gral.-de-Carabineros-1-1.jpeg\" alt='' title='Foto Gral. de Carabineros (1) (1)' height=\"600\" width=\"800\"  itemprop=\"thumbnailUrl\" srcset=\"https:\/\/radiorevelacionfm.cl\/wp-content\/uploads\/2024\/04\/Foto-Gral.-de-Carabineros-1-1.jpeg 800w, https:\/\/radiorevelacionfm.cl\/wp-content\/uploads\/2024\/04\/Foto-Gral.-de-Carabineros-1-1-300x225.jpeg 300w, https:\/\/radiorevelacionfm.cl\/wp-content\/uploads\/2024\/04\/Foto-Gral.-de-Carabineros-1-1-768x576.jpeg 768w, https:\/\/radiorevelacionfm.cl\/wp-content\/uploads\/2024\/04\/Foto-Gral.-de-Carabineros-1-1-705x529.jpeg 705w, https:\/\/radiorevelacionfm.cl\/wp-content\/uploads\/2024\/04\/Foto-Gral.-de-Carabineros-1-1-450x338.jpeg 450w, https:\/\/radiorevelacionfm.cl\/wp-content\/uploads\/2024\/04\/Foto-Gral.-de-Carabineros-1-1-600x450.jpeg 600w\" sizes=\"(max-width: 800px) 100vw, 800px\" \/><\/div><\/div><\/div><\/div><div class=\"flex_column av_one_full  flex_column_div av-zero-column-padding first  avia-builder-el-2  el_after_av_one_full  el_before_av_one_full  column-top-margin\" style='border-radius:0px; '><section class=\"av_textblock_section \"  itemscope=\"itemscope\" itemtype=\"https:\/\/schema.org\/BlogPosting\" itemprop=\"blogPost\" ><div class='avia_textblock  '   itemprop=\"text\" ><p style=\"text-align: center;\"><span style=\"font-size: 18pt;\"><strong>Diputada Raphael visit\u00f3 a Jefe de Zona de Carabineros y le manifest\u00f3 su irrestricto apoyo<\/strong><\/span><\/p>\n<div id=\"gtx-trans\" style=\"position: absolute; left: -50px; top: 4.31534px;\">\n<div class=\"gtx-trans-icon\"><\/div>\n<\/div>\n<\/div><\/section><\/div><div class=\"flex_column av_one_full  flex_column_div av-zero-column-padding first  avia-builder-el-4  el_after_av_one_full  el_before_av_hr  column-top-margin\" style='border-radius:0px; '><section class=\"av_textblock_section \"  itemscope=\"itemscope\" itemtype=\"https:\/\/schema.org\/BlogPosting\" itemprop=\"blogPost\" ><div class='avia_textblock  '   itemprop=\"text\" ><p style=\"text-align: justify;\">En medio de los dif\u00edciles momentos que est\u00e1 viviendo Carabineros de Chile, a prop\u00f3sito de la muerte de tres integrantes de sus filas durante el pasado fin de semana, la diputada Marcia Raphael (RN) visit\u00f3 al Jefe de Zona de la Regi\u00f3n de Ays\u00e9n, general Patricio Santos Poblete, para entregarle su apoyo irrestricto a la labor que realizan tanto en el pa\u00eds como en la zona.<\/p>\n<p style=\"text-align: justify;\">En ese sentido, la parlamentaria reafirm\u00f3 su compromiso de trabajar incansablemente para que las leyes que actualmente se discuten en el Congreso, como las Reglas de Uso de la Fuerza (RUF), la Ley de Inteligencia y la creaci\u00f3n del Ministerio de Seguridad, entre otras, lleguen a puerto lo antes posible.<\/p>\n<p style=\"text-align: justify;\">Tras la reuni\u00f3n, la diputada expres\u00f3 que \u201clo ocurrido el fin de semana pasado, justamente en su aniversario 97\u00ba, es una verdadera tragedia para la instituci\u00f3n, por lo que decidimos venir personalmente a transmitirles nuestro apoyo y compromiso de que trabajaremos sin descanso para discutir y aprobar las leyes que les permitan hacer su labor de manera segura y que cuenten con todos los respaldos disponibles a la hora de salir a trabajar\u201d.<\/p>\n<p style=\"text-align: justify;\">Por otro lado, la legisladora critic\u00f3 el actuar del oficialismo en momentos en que se exige celeridad para tramitar estas leyes: \u201cayer, en el Congreso, con bancadas oficialistas que se niegan a dar unanimidad para votar proyectos hasta total despacho fue inconcebible. Esto demuestra claramente que son ellos quienes ponen las trabas para que mejoremos las leyes en materia de seguridad, y no s\u00f3lo ahora, sino que durante todo el mandato del Presidente Boric\u201d.<\/p>\n<p style=\"text-align: justify;\">En ese sentido, la diputada Raphael expres\u00f3 que \u201cnosotros como oposici\u00f3n hemos sido claros al respecto y hemos apoyado al Gobierno en todos los proyectos en materia de seguridad, porque sabemos que esto nos beneficiar\u00e1 a futuro. Por lo mismo, creo que es prudente afirmar que hay personas del mismo oficialismo a quienes no les interesa mejorar las leyes en este \u00e1mbito, porque sencillamente no creen en ellas\u201d.<\/p>\n<p style=\"text-align: justify;\">Por \u00faltimo, hizo un llamado a la unidad a todos los parlamentarios de Chile Vamos y a evitar discrepancias internas: \u201cen esta tem\u00e1tica como Chile Vamos tenemos que dar el ejemplo. Hoy la ciudadan\u00eda est\u00e1 y se siente insegura, por lo que nuestra labor es trabajar unidos para entregarle a la gente la certeza de que con estas leyes podremos hacer de Chile un pa\u00eds m\u00e1s seguro\u201d.<\/p>\n<\/div><\/section><\/div><div  style='height:50px' class='hr hr-invisible   avia-builder-el-6  el_after_av_one_full  el_before_av_social_share '><span class='hr-inner ' ><span class='hr-inner-style'><\/span><\/span><\/div><\/p>\n<div  class='av-social-sharing-box  avia-builder-el-7  el_after_av_hr  el_before_av_hr  '><div class='av-share-box'><h5 class='av-share-link-description av-no-toc '>Compartir esta noticia<\/h5><ul class='av-share-box-list noLightbox'><li class='av-share-link av-social-link-facebook' ><a target=\"_blank\" aria-label=\"Compartir en Facebook\" href='https:\/\/www.facebook.com\/sharer.php?u=https:\/\/radiorevelacionfm.cl\/?p=41793&#038;t=Diputada%20Raphael%20visit%C3%B3%20a%20Jefe%20de%20Zona%20de%20Carabineros%20y%20le%20manifest%C3%B3%20su%20irrestricto%20apoyo' aria-hidden='false' data-av_icon='\ue8f3' data-av_iconfont='entypo-fontello' title='' data-avia-related-tooltip='Compartir en Facebook' rel=\"noopener\"><span class='avia_hidden_link_text'>Compartir en Facebook<\/span><\/a><\/li><li class='av-share-link av-social-link-twitter' ><a target=\"_blank\" aria-label=\"Compartir en Twitter\" href='https:\/\/twitter.com\/share?text=Diputada%20Raphael%20visit%C3%B3%20a%20Jefe%20de%20Zona%20de%20Carabineros%20y%20le%20manifest%C3%B3%20su%20irrestricto%20apoyo&#038;url=https:\/\/radiorevelacionfm.cl\/?p=41793' aria-hidden='false' data-av_icon='\ue8f1' data-av_iconfont='entypo-fontello' title='' data-avia-related-tooltip='Compartir en Twitter' rel=\"noopener\"><span class='avia_hidden_link_text'>Compartir en Twitter<\/span><\/a><\/li><li class='av-share-link av-social-link-whatsapp' ><a target=\"_blank\" aria-label=\"Compartir en Whatsapp\" href='https:\/\/api.whatsapp.com\/send?text=https:\/\/radiorevelacionfm.cl\/?p=41793' aria-hidden='false' data-av_icon='\uf232' data-av_iconfont='entypo-fontello' title='' data-avia-related-tooltip='Compartir en Whatsapp' rel=\"noopener\"><span class='avia_hidden_link_text'>Compartir en Whatsapp<\/span><\/a><\/li><li class='av-share-link av-social-link-linkedin' ><a target=\"_blank\" aria-label=\"Compartir en LinkedIn\" href='https:\/\/linkedin.com\/shareArticle?mini=true&#038;title=Diputada%20Raphael%20visit%C3%B3%20a%20Jefe%20de%20Zona%20de%20Carabineros%20y%20le%20manifest%C3%B3%20su%20irrestricto%20apoyo&#038;url=https:\/\/radiorevelacionfm.cl\/?p=41793' aria-hidden='false' data-av_icon='\ue8fc' data-av_iconfont='entypo-fontello' title='' data-avia-related-tooltip='Compartir en LinkedIn' rel=\"noopener\"><span class='avia_hidden_link_text'>Compartir en LinkedIn<\/span><\/a><\/li><li class='av-share-link av-social-link-mail' ><a  aria-label=\"Compartir por correo\" href='mailto:?subject=Diputada%20Raphael%20visit%C3%B3%20a%20Jefe%20de%20Zona%20de%20Carabineros%20y%20le%20manifest%C3%B3%20su%20irrestricto%20apoyo&#038;body=https:\/\/radiorevelacionfm.cl\/?p=41793' aria-hidden='false' data-av_icon='\ue805' data-av_iconfont='entypo-fontello' title='' data-avia-related-tooltip='Compartir por correo'><span class='avia_hidden_link_text'>Compartir por correo<\/span><\/a><\/li><\/ul><\/div><\/div>\n<div  style='height:50px' class='hr hr-invisible   avia-builder-el-8  el_after_av_social_share  el_before_av_comments_list '><span class='hr-inner ' ><span class='hr-inner-style'><\/span><\/span><\/div>\n<div  class='av-buildercomment  av-blog-meta-html-info-disabled av-blog-meta-tag-disabled  '><\/div>\n","protected":false},"excerpt":{"rendered":"","protected":false},"author":1,"featured_media":41794,"comment_status":"open","ping_status":"open","sticky":false,"template":"","format":"standard","meta":{"footnotes":""},"categories":[35],"tags":[],"class_list":["post-41793","post","type-post","status-publish","format-standard","has-post-thumbnail","hentry","category-politica"],"jetpack_featured_media_url":"https:\/\/radiorevelacionfm.cl\/wp-content\/uploads\/2024\/04\/Foto-Gral.-de-Carabineros-1-1.jpeg","_links":{"self":[{"href":"https:\/\/radiorevelacionfm.cl\/index.php?rest_route=\/wp\/v2\/posts\/41793","targetHints":{"allow":["GET"]}}],"collection":[{"href":"https:\/\/radiorevelacionfm.cl\/index.php?rest_route=\/wp\/v2\/posts"}],"about":[{"href":"https:\/\/radiorevelacionfm.cl\/index.php?rest_route=\/wp\/v2\/types\/post"}],"author":[{"embeddable":true,"href":"https:\/\/radiorevelacionfm.cl\/index.php?rest_route=\/wp\/v2\/users\/1"}],"replies":[{"embeddable":true,"href":"https:\/\/radiorevelacionfm.cl\/index.php?rest_route=%2Fwp%2Fv2%2Fcomments&post=41793"}],"version-history":[{"count":1,"href":"https:\/\/radiorevelacionfm.cl\/index.php?rest_route=\/wp\/v2\/posts\/41793\/revisions"}],"predecessor-version":[{"id":41795,"href":"https:\/\/radiorevelacionfm.cl\/index.php?rest_route=\/wp\/v2\/posts\/41793\/revisions\/41795"}],"wp:featuredmedia":[{"embeddable":true,"href":"https:\/\/radiorevelacionfm.cl\/index.php?rest_route=\/wp\/v2\/media\/41794"}],"wp:attachment":[{"href":"https:\/\/radiorevelacionfm.cl\/index.php?rest_route=%2Fwp%2Fv2%2Fmedia&parent=41793"}],"wp:term":[{"taxonomy":"category","embeddable":true,"href":"https:\/\/radiorevelacionfm.cl\/index.php?rest_route=%2Fwp%2Fv2%2Fcategories&post=41793"},{"taxonomy":"post_tag","embeddable":true,"href":"https:\/\/radiorevelacionfm.cl\/index.php?rest_route=%2Fwp%2Fv2%2Ftags&post=41793"}],"curies":[{"name":"wp","href":"https:\/\/api.w.org\/{rel}","templated":true}]}}