{"id":41790,"date":"2024-04-30T18:28:41","date_gmt":"2024-04-30T21:28:41","guid":{"rendered":"https:\/\/radiorevelacionfm.cl\/?p=41790"},"modified":"2024-04-30T18:28:41","modified_gmt":"2024-04-30T21:28:41","slug":"gobierno-regional-contara-con-oficina-territorial-en-provincia-de-general-carrera","status":"publish","type":"post","link":"https:\/\/radiorevelacionfm.cl\/?p=41790","title":{"rendered":"Gobierno Regional contar\u00e1 con oficina territorial en Provincia de General Carrera"},"content":{"rendered":"<div class=\"flex_column av_one_full  flex_column_div av-zero-column-padding first  avia-builder-el-0  el_before_av_one_full  avia-builder-el-first  \" style='border-radius:0px; '><div  class='avia-image-container  av-styling-    avia-builder-el-1  avia-builder-el-no-sibling  avia-align-center '  itemprop=\"image\" itemscope=\"itemscope\" itemtype=\"https:\/\/schema.org\/ImageObject\"  ><div class='avia-image-container-inner'><div class='avia-image-overlay-wrap'><img decoding=\"async\" class='wp-image-41791 avia-img-lazy-loading-not-41791 avia_image' src=\"https:\/\/radiorevelacionfm.cl\/wp-content\/uploads\/2024\/04\/whatsapp-image-2024-04-30-at-1_optimized.17.52-pm-1.jpeg\" alt='' title='whatsapp-image-2024-04-30-at-1_optimized.17.52-pm-(1)' height=\"600\" width=\"852\"  itemprop=\"thumbnailUrl\" srcset=\"https:\/\/radiorevelacionfm.cl\/wp-content\/uploads\/2024\/04\/whatsapp-image-2024-04-30-at-1_optimized.17.52-pm-1.jpeg 852w, https:\/\/radiorevelacionfm.cl\/wp-content\/uploads\/2024\/04\/whatsapp-image-2024-04-30-at-1_optimized.17.52-pm-1-300x211.jpeg 300w, https:\/\/radiorevelacionfm.cl\/wp-content\/uploads\/2024\/04\/whatsapp-image-2024-04-30-at-1_optimized.17.52-pm-1-768x541.jpeg 768w, https:\/\/radiorevelacionfm.cl\/wp-content\/uploads\/2024\/04\/whatsapp-image-2024-04-30-at-1_optimized.17.52-pm-1-705x496.jpeg 705w, https:\/\/radiorevelacionfm.cl\/wp-content\/uploads\/2024\/04\/whatsapp-image-2024-04-30-at-1_optimized.17.52-pm-1-450x317.jpeg 450w, https:\/\/radiorevelacionfm.cl\/wp-content\/uploads\/2024\/04\/whatsapp-image-2024-04-30-at-1_optimized.17.52-pm-1-600x423.jpeg 600w\" sizes=\"(max-width: 852px) 100vw, 852px\" \/><\/div><\/div><\/div><\/div><div class=\"flex_column av_one_full  flex_column_div av-zero-column-padding first  avia-builder-el-2  el_after_av_one_full  el_before_av_one_full  column-top-margin\" style='border-radius:0px; '><section class=\"av_textblock_section \"  itemscope=\"itemscope\" itemtype=\"https:\/\/schema.org\/BlogPosting\" itemprop=\"blogPost\" ><div class='avia_textblock  '   itemprop=\"text\" ><p style=\"text-align: center;\"><strong><span style=\"font-size: 18pt;\">Gobierno Regional contar\u00e1 con oficina territorial en Provincia de General Carrera<\/span><\/strong><\/p>\n<div id=\"gtx-trans\" style=\"position: absolute; left: -50px; top: 4.31534px;\">\n<div class=\"gtx-trans-icon\"><\/div>\n<\/div>\n<\/div><\/section><\/div><div class=\"flex_column av_one_full  flex_column_div av-zero-column-padding first  avia-builder-el-4  el_after_av_one_full  el_before_av_hr  column-top-margin\" style='border-radius:0px; '><section class=\"av_textblock_section \"  itemscope=\"itemscope\" itemtype=\"https:\/\/schema.org\/BlogPosting\" itemprop=\"blogPost\" ><div class='avia_textblock  '   itemprop=\"text\" ><p dir=\"ltr\" style=\"text-align: justify;\">Este martes la Gobernadora Regional de Ays\u00e9n, Andrea Mac\u00edas Palma, firm\u00f3 un convenio con el Delegado Presidencial Provincial de General Carrera, Crist\u00f3bal Barcel\u00f3 Veas, mediante el cual la delegaci\u00f3n entregar\u00e1 en comodato una oficina para el trabajo de un funcionario o funcionaria del GORE con asiento en la zona.<\/p>\n<p dir=\"ltr\" style=\"text-align: justify;\">Esto, en orden a poder cumplir con la misi\u00f3n principal del Gobierno Regional, que es liderar el desarrollo del territorio en todas sus comunas y localidades, se\u00f1al\u00f3 la Gobernadora Andrea Mac\u00edas.<\/p>\n<p dir=\"ltr\" style=\"text-align: justify;\">\u00abPoder ofrecer atenci\u00f3n en todos los lugares de nuestra regi\u00f3n es un desaf\u00edo permanente para poder llegar de mejor manera a la comunidad. Hoy d\u00eda nos encontramos firmando un convenio de colaboraci\u00f3n donde la Delegaci\u00f3n Provincial de General Carrera con su delegado nos va a facilitar un espacio f\u00edsico para poder, en esas dependencias tener presencia del Gobierno Regional a trav\u00e9s de un funcionario o funcionaria que permita que la misi\u00f3n del Gobierno Regional se pueda ejecutar tambi\u00e9n en el territorio de manera mucho m\u00e1s directa. Con esto damos cobertura a 3 de las 4 provincias, parte de los compromisos que hemos asumido de tener presencia en todo nuestro territorio\u00bb, afirm\u00f3 la primera autoridad regional.<\/p>\n<p dir=\"ltr\" style=\"text-align: justify;\">Por su parte, el delegado Barcel\u00f3 agreg\u00f3 que \u00abes fundamental el trabajo del Gobierno Regional en la provincia no solamente en materia de financiamiento de iniciativas, sino que tambi\u00e9n de apoyo, de generaci\u00f3n de nuevos proyectos, como en electrificaci\u00f3n rural. Nosotros desde la delegaci\u00f3n nos interesa mucho poder contar con esta figura, con este nuevo cargo, que sea desde el Gobierno Regional, que venga a presentar los proyectos y programas, pero tambi\u00e9n a trabajar en conjunto, participar de nuestras instancias de Gobierno en terreno, que lo vamos a tener siempre considerado; porque nos interesa que se genere esta alianza\u00bb.<\/p>\n<p dir=\"ltr\" style=\"text-align: justify;\">La oficina del Gobierno Regional en la Provincia de General Carrera estar\u00e1 ubicada en Av. Bernardo O&#8217;Higgins 182, en la comuna de Chile Chico y ah\u00ed un encargado territorial del GORE podr\u00e1 trabajar directamente los programas, proyectos y pol\u00edticas que ata\u00f1en a las comunas del litoral del lago General Carrera.<\/p>\n<\/div><\/section><\/div><div  style='height:50px' class='hr hr-invisible   avia-builder-el-6  el_after_av_one_full  el_before_av_social_share '><span class='hr-inner ' ><span class='hr-inner-style'><\/span><\/span><\/div><\/p>\n<div  class='av-social-sharing-box  avia-builder-el-7  el_after_av_hr  el_before_av_hr  '><div class='av-share-box'><h5 class='av-share-link-description av-no-toc '>Compartir esta noticia<\/h5><ul class='av-share-box-list noLightbox'><li class='av-share-link av-social-link-facebook' ><a target=\"_blank\" aria-label=\"Compartir en Facebook\" href='https:\/\/www.facebook.com\/sharer.php?u=https:\/\/radiorevelacionfm.cl\/?p=41790&#038;t=Gobierno%20Regional%20contar%C3%A1%20con%20oficina%20territorial%20en%20Provincia%20de%20General%20Carrera' aria-hidden='false' data-av_icon='\ue8f3' data-av_iconfont='entypo-fontello' title='' data-avia-related-tooltip='Compartir en Facebook' rel=\"noopener\"><span class='avia_hidden_link_text'>Compartir en Facebook<\/span><\/a><\/li><li class='av-share-link av-social-link-twitter' ><a target=\"_blank\" aria-label=\"Compartir en Twitter\" href='https:\/\/twitter.com\/share?text=Gobierno%20Regional%20contar%C3%A1%20con%20oficina%20territorial%20en%20Provincia%20de%20General%20Carrera&#038;url=https:\/\/radiorevelacionfm.cl\/?p=41790' aria-hidden='false' data-av_icon='\ue8f1' data-av_iconfont='entypo-fontello' title='' data-avia-related-tooltip='Compartir en Twitter' rel=\"noopener\"><span class='avia_hidden_link_text'>Compartir en Twitter<\/span><\/a><\/li><li class='av-share-link av-social-link-whatsapp' ><a target=\"_blank\" aria-label=\"Compartir en Whatsapp\" href='https:\/\/api.whatsapp.com\/send?text=https:\/\/radiorevelacionfm.cl\/?p=41790' aria-hidden='false' data-av_icon='\uf232' data-av_iconfont='entypo-fontello' title='' data-avia-related-tooltip='Compartir en Whatsapp' rel=\"noopener\"><span class='avia_hidden_link_text'>Compartir en Whatsapp<\/span><\/a><\/li><li class='av-share-link av-social-link-linkedin' ><a target=\"_blank\" aria-label=\"Compartir en LinkedIn\" href='https:\/\/linkedin.com\/shareArticle?mini=true&#038;title=Gobierno%20Regional%20contar%C3%A1%20con%20oficina%20territorial%20en%20Provincia%20de%20General%20Carrera&#038;url=https:\/\/radiorevelacionfm.cl\/?p=41790' aria-hidden='false' data-av_icon='\ue8fc' data-av_iconfont='entypo-fontello' title='' data-avia-related-tooltip='Compartir en LinkedIn' rel=\"noopener\"><span class='avia_hidden_link_text'>Compartir en LinkedIn<\/span><\/a><\/li><li class='av-share-link av-social-link-mail' ><a  aria-label=\"Compartir por correo\" href='mailto:?subject=Gobierno%20Regional%20contar%C3%A1%20con%20oficina%20territorial%20en%20Provincia%20de%20General%20Carrera&#038;body=https:\/\/radiorevelacionfm.cl\/?p=41790' aria-hidden='false' data-av_icon='\ue805' data-av_iconfont='entypo-fontello' title='' data-avia-related-tooltip='Compartir por correo'><span class='avia_hidden_link_text'>Compartir por correo<\/span><\/a><\/li><\/ul><\/div><\/div>\n<div  style='height:50px' class='hr hr-invisible   avia-builder-el-8  el_after_av_social_share  el_before_av_comments_list '><span class='hr-inner ' ><span class='hr-inner-style'><\/span><\/span><\/div>\n<div  class='av-buildercomment  av-blog-meta-html-info-disabled av-blog-meta-tag-disabled  '><\/div>\n","protected":false},"excerpt":{"rendered":"","protected":false},"author":1,"featured_media":41791,"comment_status":"open","ping_status":"open","sticky":false,"template":"","format":"standard","meta":{"footnotes":""},"categories":[38],"tags":[],"class_list":["post-41790","post","type-post","status-publish","format-standard","has-post-thumbnail","hentry","category-regional"],"jetpack_featured_media_url":"https:\/\/radiorevelacionfm.cl\/wp-content\/uploads\/2024\/04\/whatsapp-image-2024-04-30-at-1_optimized.17.52-pm-1.jpeg","_links":{"self":[{"href":"https:\/\/radiorevelacionfm.cl\/index.php?rest_route=\/wp\/v2\/posts\/41790","targetHints":{"allow":["GET"]}}],"collection":[{"href":"https:\/\/radiorevelacionfm.cl\/index.php?rest_route=\/wp\/v2\/posts"}],"about":[{"href":"https:\/\/radiorevelacionfm.cl\/index.php?rest_route=\/wp\/v2\/types\/post"}],"author":[{"embeddable":true,"href":"https:\/\/radiorevelacionfm.cl\/index.php?rest_route=\/wp\/v2\/users\/1"}],"replies":[{"embeddable":true,"href":"https:\/\/radiorevelacionfm.cl\/index.php?rest_route=%2Fwp%2Fv2%2Fcomments&post=41790"}],"version-history":[{"count":1,"href":"https:\/\/radiorevelacionfm.cl\/index.php?rest_route=\/wp\/v2\/posts\/41790\/revisions"}],"predecessor-version":[{"id":41792,"href":"https:\/\/radiorevelacionfm.cl\/index.php?rest_route=\/wp\/v2\/posts\/41790\/revisions\/41792"}],"wp:featuredmedia":[{"embeddable":true,"href":"https:\/\/radiorevelacionfm.cl\/index.php?rest_route=\/wp\/v2\/media\/41791"}],"wp:attachment":[{"href":"https:\/\/radiorevelacionfm.cl\/index.php?rest_route=%2Fwp%2Fv2%2Fmedia&parent=41790"}],"wp:term":[{"taxonomy":"category","embeddable":true,"href":"https:\/\/radiorevelacionfm.cl\/index.php?rest_route=%2Fwp%2Fv2%2Fcategories&post=41790"},{"taxonomy":"post_tag","embeddable":true,"href":"https:\/\/radiorevelacionfm.cl\/index.php?rest_route=%2Fwp%2Fv2%2Ftags&post=41790"}],"curies":[{"name":"wp","href":"https:\/\/api.w.org\/{rel}","templated":true}]}}