{"id":41784,"date":"2024-04-30T16:06:18","date_gmt":"2024-04-30T19:06:18","guid":{"rendered":"https:\/\/radiorevelacionfm.cl\/?p=41784"},"modified":"2024-04-30T16:06:18","modified_gmt":"2024-04-30T19:06:18","slug":"con-gran-exito-se-realizo-el-primer-festival-de-natacion-de-menores-de-la-region-de-aysen","status":"publish","type":"post","link":"https:\/\/radiorevelacionfm.cl\/?p=41784","title":{"rendered":"Con gran \u00e9xito se realiz\u00f3 el Primer Festival de Nataci\u00f3n de Menores de la regi\u00f3n de Ays\u00e9n"},"content":{"rendered":"<div class=\"flex_column av_one_full  flex_column_div av-zero-column-padding first  avia-builder-el-0  el_before_av_one_full  avia-builder-el-first  \" style='border-radius:0px; '><div  class='avia-image-container  av-styling-    avia-builder-el-1  avia-builder-el-no-sibling  avia-align-center '  itemprop=\"image\" itemscope=\"itemscope\" itemtype=\"https:\/\/schema.org\/ImageObject\"  ><div class='avia-image-container-inner'><div class='avia-image-overlay-wrap'><img decoding=\"async\" class='wp-image-41785 avia-img-lazy-loading-not-41785 avia_image' src=\"https:\/\/radiorevelacionfm.cl\/wp-content\/uploads\/2024\/04\/foto-1-44-1_optimized-1.jpg\" alt='' title='foto-1-(44)-(1)_optimized (1)' height=\"600\" width=\"900\"  itemprop=\"thumbnailUrl\" srcset=\"https:\/\/radiorevelacionfm.cl\/wp-content\/uploads\/2024\/04\/foto-1-44-1_optimized-1.jpg 900w, https:\/\/radiorevelacionfm.cl\/wp-content\/uploads\/2024\/04\/foto-1-44-1_optimized-1-300x200.jpg 300w, https:\/\/radiorevelacionfm.cl\/wp-content\/uploads\/2024\/04\/foto-1-44-1_optimized-1-768x512.jpg 768w, https:\/\/radiorevelacionfm.cl\/wp-content\/uploads\/2024\/04\/foto-1-44-1_optimized-1-705x470.jpg 705w, https:\/\/radiorevelacionfm.cl\/wp-content\/uploads\/2024\/04\/foto-1-44-1_optimized-1-450x300.jpg 450w, https:\/\/radiorevelacionfm.cl\/wp-content\/uploads\/2024\/04\/foto-1-44-1_optimized-1-600x400.jpg 600w\" sizes=\"(max-width: 900px) 100vw, 900px\" \/><\/div><\/div><\/div><\/div><div class=\"flex_column av_one_full  flex_column_div av-zero-column-padding first  avia-builder-el-2  el_after_av_one_full  el_before_av_one_full  column-top-margin\" style='border-radius:0px; '><section class=\"av_textblock_section \"  itemscope=\"itemscope\" itemtype=\"https:\/\/schema.org\/BlogPosting\" itemprop=\"blogPost\" ><div class='avia_textblock  '   itemprop=\"text\" ><p style=\"text-align: center;\"><strong><span style=\"font-size: 18pt;\">Con gran \u00e9xito se realiz\u00f3 el Primer Festival de Nataci\u00f3n de Menores de la regi\u00f3n de Ays\u00e9n<\/span><\/strong><\/p>\n<div id=\"gtx-trans\" style=\"position: absolute; left: -50px; top: 4.31534px;\">\n<div class=\"gtx-trans-icon\"><\/div>\n<\/div>\n<\/div><\/section><\/div><div class=\"flex_column av_one_full  flex_column_div av-zero-column-padding first  avia-builder-el-4  el_after_av_one_full  el_before_av_hr  column-top-margin\" style='border-radius:0px; '><section class=\"av_textblock_section \"  itemscope=\"itemscope\" itemtype=\"https:\/\/schema.org\/BlogPosting\" itemprop=\"blogPost\" ><div class='avia_textblock  '   itemprop=\"text\" ><p style=\"text-align: justify;\">Ni\u00f1as y ni\u00f1os pertenecientes al Club de Nataci\u00f3n KoyAike, Asociaci\u00f3n Patagonia Coyhaique, Club Orcas de Ays\u00e9n y la Asociaci\u00f3n Deportiva de Nataci\u00f3n Regi\u00f3n de Ays\u00e9n, participaron este pasado fin de semana en el Primer Festival de Menores, actividad que fue desarrollada en la comuna de Ays\u00e9n y organizada por la Federaci\u00f3n Chilena de Deportes Acu\u00e1ticos (FECHIDA).<\/p>\n<p style=\"text-align: justify;\">La actividad cont\u00f3 con un cuerpo de jueces, encabezado por la jueza principal, Luz Mar\u00eda Jara, de la Confederaci\u00f3n Sudamericana de Nataci\u00f3n (CONSANAT), Alejandro Celis y Teresa Olave, de la\u00a0 Federaci\u00f3n Chilena de Deportes Acu\u00e1ticos, acompa\u00f1ados por un grupo de cronometristas que estuvieron a cargo de apoyar el encuentro deportivo.<\/p>\n<p style=\"text-align: justify;\">En el Polideportivo de la comuna de Ays\u00e9n se dieron cita las y los nadadores, acompa\u00f1ados de sus familias, quienes fueron los encargados de animar a las y los 48 participantes de 8 a 11 a\u00f1os, quienes disputaron 23 pruebas individuales y dos relevos.<\/p>\n<p style=\"text-align: justify;\">Luz Mar\u00eda Jara, jueza de la Confederaci\u00f3n Sudamericana de Nataci\u00f3n, sostuvo que \u201cfue un torneo gratamente asombroso en todo aspecto. Hubo \u00a0organizaci\u00f3n y compromiso de la asociaci\u00f3n, de los clubes, entrenadores, apoderados, jueces, cronometristas y por sobre todo de los nadadores. Ellos son la semilla\u00a0 de la regi\u00f3n y est\u00e1n a un buen nivel de nado, ya que en esta categor\u00eda es el comienzo para participar en los torneos a nivel nacional. Deben seguir entrenando, viene una generaci\u00f3n muy buena para la regi\u00f3n, a cuidarla y potenciarla. Agradecer a todos quienes trabajaron para que este torneo sea un \u00e9xito\u201d.<\/p>\n<p style=\"text-align: justify;\">En tanto,\u00a0 Julio Uribe Alvarado, alcalde de la comuna de Ays\u00e9n, destac\u00f3 la actividad deportiva y se\u00f1al\u00f3 que \u201cpara nosotros es un verdadero placer tener a tantos ni\u00f1os participando en nuestra piscina hoy d\u00eda en este festival de naci\u00f3n, adem\u00e1s vino la federaci\u00f3n nacional con sus jueces, creo que este es un d\u00eda hist\u00f3rico para Ays\u00e9n, porque por primera vez se hace una competencia federada de nataci\u00f3n, quiero agradecer la\u00a0 Asociaci\u00f3n de Nataci\u00f3n de Ays\u00e9n, que haya podido organizar esto,\u00a0 nosotros siempre facilitamos toda nuestra implementaci\u00f3n, nuestra piscina, todo nuestro equipamiento para que estas competencias resulten de la mejor forma, a seguir motivando para que sigamos haciendo muchas m\u00e1s competencias con todos las y los ni\u00f1os de nuestra regi\u00f3n\u201d.<\/p>\n<p style=\"text-align: justify;\"><strong>Nadadores y nadadoras felices <\/strong><\/p>\n<p style=\"text-align: justify;\">Luciano Ibarra Holzer, de 9 a\u00f1os, se\u00f1al\u00f3 que \u201cpoder mostrar lo que he aprendido en este festival fue muy bueno, lo pas\u00e9 s\u00faper bien, compartimos con m\u00e1s ni\u00f1os de nuestra edad, ojal\u00e1 que sigamos participando en estos encuentros de nataci\u00f3n\u201d.<\/p>\n<p style=\"text-align: justify;\">Para Josefa Donoso Albornoz \u201cel festival fue muy entretenido, al principio estaba nerviosa, pero con el tiempo me relaj\u00e9, fue bueno poder conocer y nadar con m\u00e1s ni\u00f1os de nuestra edad, espero se digan realizando estos festivales porque lo pasamos s\u00faper bien\u201d.<\/p>\n<\/div><\/section><\/div><div  style='height:50px' class='hr hr-invisible   avia-builder-el-6  el_after_av_one_full  el_before_av_social_share '><span class='hr-inner ' ><span class='hr-inner-style'><\/span><\/span><\/div><\/p>\n<div  class='av-social-sharing-box  avia-builder-el-7  el_after_av_hr  el_before_av_hr  '><div class='av-share-box'><h5 class='av-share-link-description av-no-toc '>Compartir esta noticia<\/h5><ul class='av-share-box-list noLightbox'><li class='av-share-link av-social-link-facebook' ><a target=\"_blank\" aria-label=\"Compartir en Facebook\" href='https:\/\/www.facebook.com\/sharer.php?u=https:\/\/radiorevelacionfm.cl\/?p=41784&#038;t=Con%20gran%20%C3%A9xito%20se%20realiz%C3%B3%20el%20Primer%20Festival%20de%20Nataci%C3%B3n%20de%20Menores%20de%20la%20regi%C3%B3n%20de%20Ays%C3%A9n' aria-hidden='false' data-av_icon='\ue8f3' data-av_iconfont='entypo-fontello' title='' data-avia-related-tooltip='Compartir en Facebook' rel=\"noopener\"><span class='avia_hidden_link_text'>Compartir en Facebook<\/span><\/a><\/li><li class='av-share-link av-social-link-twitter' ><a target=\"_blank\" aria-label=\"Compartir en Twitter\" href='https:\/\/twitter.com\/share?text=Con%20gran%20%C3%A9xito%20se%20realiz%C3%B3%20el%20Primer%20Festival%20de%20Nataci%C3%B3n%20de%20Menores%20de%20la%20regi%C3%B3n%20de%20Ays%C3%A9n&#038;url=https:\/\/radiorevelacionfm.cl\/?p=41784' aria-hidden='false' data-av_icon='\ue8f1' data-av_iconfont='entypo-fontello' title='' data-avia-related-tooltip='Compartir en Twitter' rel=\"noopener\"><span class='avia_hidden_link_text'>Compartir en Twitter<\/span><\/a><\/li><li class='av-share-link av-social-link-whatsapp' ><a target=\"_blank\" aria-label=\"Compartir en Whatsapp\" href='https:\/\/api.whatsapp.com\/send?text=https:\/\/radiorevelacionfm.cl\/?p=41784' aria-hidden='false' data-av_icon='\uf232' data-av_iconfont='entypo-fontello' title='' data-avia-related-tooltip='Compartir en Whatsapp' rel=\"noopener\"><span class='avia_hidden_link_text'>Compartir en Whatsapp<\/span><\/a><\/li><li class='av-share-link av-social-link-linkedin' ><a target=\"_blank\" aria-label=\"Compartir en LinkedIn\" href='https:\/\/linkedin.com\/shareArticle?mini=true&#038;title=Con%20gran%20%C3%A9xito%20se%20realiz%C3%B3%20el%20Primer%20Festival%20de%20Nataci%C3%B3n%20de%20Menores%20de%20la%20regi%C3%B3n%20de%20Ays%C3%A9n&#038;url=https:\/\/radiorevelacionfm.cl\/?p=41784' aria-hidden='false' data-av_icon='\ue8fc' data-av_iconfont='entypo-fontello' title='' data-avia-related-tooltip='Compartir en LinkedIn' rel=\"noopener\"><span class='avia_hidden_link_text'>Compartir en LinkedIn<\/span><\/a><\/li><li class='av-share-link av-social-link-mail' ><a  aria-label=\"Compartir por correo\" href='mailto:?subject=Con%20gran%20%C3%A9xito%20se%20realiz%C3%B3%20el%20Primer%20Festival%20de%20Nataci%C3%B3n%20de%20Menores%20de%20la%20regi%C3%B3n%20de%20Ays%C3%A9n&#038;body=https:\/\/radiorevelacionfm.cl\/?p=41784' aria-hidden='false' data-av_icon='\ue805' data-av_iconfont='entypo-fontello' title='' data-avia-related-tooltip='Compartir por correo'><span class='avia_hidden_link_text'>Compartir por correo<\/span><\/a><\/li><\/ul><\/div><\/div>\n<div  style='height:50px' class='hr hr-invisible   avia-builder-el-8  el_after_av_social_share  el_before_av_comments_list '><span class='hr-inner ' ><span class='hr-inner-style'><\/span><\/span><\/div>\n<div  class='av-buildercomment  av-blog-meta-html-info-disabled av-blog-meta-tag-disabled  '><\/div>\n","protected":false},"excerpt":{"rendered":"","protected":false},"author":1,"featured_media":41785,"comment_status":"open","ping_status":"open","sticky":false,"template":"","format":"standard","meta":{"footnotes":""},"categories":[40],"tags":[],"class_list":["post-41784","post","type-post","status-publish","format-standard","has-post-thumbnail","hentry","category-deportes"],"jetpack_featured_media_url":"https:\/\/radiorevelacionfm.cl\/wp-content\/uploads\/2024\/04\/foto-1-44-1_optimized-1.jpg","_links":{"self":[{"href":"https:\/\/radiorevelacionfm.cl\/index.php?rest_route=\/wp\/v2\/posts\/41784","targetHints":{"allow":["GET"]}}],"collection":[{"href":"https:\/\/radiorevelacionfm.cl\/index.php?rest_route=\/wp\/v2\/posts"}],"about":[{"href":"https:\/\/radiorevelacionfm.cl\/index.php?rest_route=\/wp\/v2\/types\/post"}],"author":[{"embeddable":true,"href":"https:\/\/radiorevelacionfm.cl\/index.php?rest_route=\/wp\/v2\/users\/1"}],"replies":[{"embeddable":true,"href":"https:\/\/radiorevelacionfm.cl\/index.php?rest_route=%2Fwp%2Fv2%2Fcomments&post=41784"}],"version-history":[{"count":1,"href":"https:\/\/radiorevelacionfm.cl\/index.php?rest_route=\/wp\/v2\/posts\/41784\/revisions"}],"predecessor-version":[{"id":41786,"href":"https:\/\/radiorevelacionfm.cl\/index.php?rest_route=\/wp\/v2\/posts\/41784\/revisions\/41786"}],"wp:featuredmedia":[{"embeddable":true,"href":"https:\/\/radiorevelacionfm.cl\/index.php?rest_route=\/wp\/v2\/media\/41785"}],"wp:attachment":[{"href":"https:\/\/radiorevelacionfm.cl\/index.php?rest_route=%2Fwp%2Fv2%2Fmedia&parent=41784"}],"wp:term":[{"taxonomy":"category","embeddable":true,"href":"https:\/\/radiorevelacionfm.cl\/index.php?rest_route=%2Fwp%2Fv2%2Fcategories&post=41784"},{"taxonomy":"post_tag","embeddable":true,"href":"https:\/\/radiorevelacionfm.cl\/index.php?rest_route=%2Fwp%2Fv2%2Ftags&post=41784"}],"curies":[{"name":"wp","href":"https:\/\/api.w.org\/{rel}","templated":true}]}}