{"id":41781,"date":"2024-04-30T14:33:04","date_gmt":"2024-04-30T17:33:04","guid":{"rendered":"https:\/\/radiorevelacionfm.cl\/?p=41781"},"modified":"2024-04-30T14:33:04","modified_gmt":"2024-04-30T17:33:04","slug":"en-coyhaique-agrupacion-chen-yenu-koy-financia-equipamiento-para-montar-ferias-libres-con-apoyo-del-fosis","status":"publish","type":"post","link":"https:\/\/radiorevelacionfm.cl\/?p=41781","title":{"rendered":"En Coyhaique: Agrupaci\u00f3n Chen Yen\u00fa Koy financia equipamiento para montar ferias libres con apoyo del FOSIS"},"content":{"rendered":"<div class=\"flex_column av_one_full  flex_column_div av-zero-column-padding first  avia-builder-el-0  el_before_av_one_full  avia-builder-el-first  \" style='border-radius:0px; '><div  class='avia-image-container  av-styling-    avia-builder-el-1  avia-builder-el-no-sibling  avia-align-center '  itemprop=\"image\" itemscope=\"itemscope\" itemtype=\"https:\/\/schema.org\/ImageObject\"  ><div class='avia-image-container-inner'><div class='avia-image-overlay-wrap'><img decoding=\"async\" class='wp-image-41782 avia-img-lazy-loading-not-41782 avia_image' src=\"https:\/\/radiorevelacionfm.cl\/wp-content\/uploads\/2024\/04\/2-31-1-3.jpeg\" alt='' title='2 (31) (1) (3)' height=\"600\" width=\"1067\"  itemprop=\"thumbnailUrl\" srcset=\"https:\/\/radiorevelacionfm.cl\/wp-content\/uploads\/2024\/04\/2-31-1-3.jpeg 1067w, https:\/\/radiorevelacionfm.cl\/wp-content\/uploads\/2024\/04\/2-31-1-3-300x169.jpeg 300w, https:\/\/radiorevelacionfm.cl\/wp-content\/uploads\/2024\/04\/2-31-1-3-1030x579.jpeg 1030w, https:\/\/radiorevelacionfm.cl\/wp-content\/uploads\/2024\/04\/2-31-1-3-768x432.jpeg 768w, https:\/\/radiorevelacionfm.cl\/wp-content\/uploads\/2024\/04\/2-31-1-3-705x396.jpeg 705w, https:\/\/radiorevelacionfm.cl\/wp-content\/uploads\/2024\/04\/2-31-1-3-450x253.jpeg 450w, https:\/\/radiorevelacionfm.cl\/wp-content\/uploads\/2024\/04\/2-31-1-3-600x337.jpeg 600w\" sizes=\"(max-width: 1067px) 100vw, 1067px\" \/><\/div><\/div><\/div><\/div><div class=\"flex_column av_one_full  flex_column_div av-zero-column-padding first  avia-builder-el-2  el_after_av_one_full  el_before_av_one_full  column-top-margin\" style='border-radius:0px; '><section class=\"av_textblock_section \"  itemscope=\"itemscope\" itemtype=\"https:\/\/schema.org\/BlogPosting\" itemprop=\"blogPost\" ><div class='avia_textblock  '   itemprop=\"text\" ><p style=\"text-align: center;\"><span style=\"font-size: 18pt;\"><strong>En Coyhaique: Agrupaci\u00f3n Chen Yen\u00fa Koy financia equipamiento para montar ferias libres con apoyo del FOSIS<\/strong><\/span><\/p>\n<div id=\"gtx-trans\" style=\"position: absolute; left: -50px; top: 4.31534px;\">\n<div class=\"gtx-trans-icon\"><\/div>\n<\/div>\n<\/div><\/section><\/div><div class=\"flex_column av_one_full  flex_column_div av-zero-column-padding first  avia-builder-el-4  el_after_av_one_full  el_before_av_hr  column-top-margin\" style='border-radius:0px; '><section class=\"av_textblock_section \"  itemscope=\"itemscope\" itemtype=\"https:\/\/schema.org\/BlogPosting\" itemprop=\"blogPost\" ><div class='avia_textblock  '   itemprop=\"text\" ><p style=\"text-align: justify;\"><em>El programa Emprendamos Grupal Autogestionado permiti\u00f3 la adquisici\u00f3n de toldos e implementaci\u00f3n para instalar ferias, donde las asociadas de esta organizaci\u00f3n puedan comercializar sus productos.<\/em><\/p>\n<p style=\"text-align: justify;\">La iniciativa denominada \u201cImplementaci\u00f3n de Ferias Libres y Compra de Toldos\u201d, fue ejecutada por la Agrupaci\u00f3n Chen Yen\u00fa Koy de Coyhaique y financiada gracias al programa Emprendamos Grupal Autogestionado del Fondo de Solidaridad e Inversi\u00f3n Social, FOSIS.<\/p>\n<p style=\"text-align: justify;\">Los recursos entregados a la organizaci\u00f3n permitieron financiar la adquisici\u00f3n de toldos, mesas, sillas, manteles, ba\u00fales, horno, micr\u00f3fono, parlante, proyector, notebook, impresora, palomas, mini pendones, pasacalles e insumos; junto con una capacitaci\u00f3n de contabilidad, dirigida a las integrantes de la agrupaci\u00f3n.<\/p>\n<p style=\"text-align: justify;\">Gracias al financiamiento de esta iniciativa y a la colaboraci\u00f3n de la Ilustre Municipalidad de Coyhaique, se pudo realizar la Feria Emprendedora en el Paseo Horn, donde 30 expositoras de la agrupaci\u00f3n, durante 3 d\u00edas, pudieron comercializar productos como artesan\u00eda en lana, madera, tejidos, fieltro, plantas, mermeladas, miel, orfebrer\u00eda, ropa y juguetes reciclados, entre otros.<\/p>\n<p style=\"text-align: justify;\">Claudia Mu\u00f1oz, presidenta de la Agrupaci\u00f3n Chen Yen\u00fa Koy, destac\u00f3 que \u201clogramos ganarnos este proyecto para nuestras socias, generar recursos para nuestra organizaci\u00f3n y presentarles hoy con mucha alegr\u00eda el equipamiento completo en esta Feria Emprendedora. Muy felices nos encontramos por haber realizado este gran esfuerzo, llevamos poco tiempo y hemos podido hacer tanto. Agradecidas del FOSIS y de la directiva por poder trabajar en equipo\u201d.<\/p>\n<p style=\"text-align: justify;\">La Directora Regional del FOSIS en Ays\u00e9n, Fernanda Leiva, asegur\u00f3 que \u201ceste grupo de emprendedoras estuvo trabajando con nosotros para poder comprar y abastecer a sus socias de indumentaria e implementos para unificar su imagen y buscar espacios para comercializar sus productos. Damos cumplimiento al mandato de nuestro Presidente y a lo que busca este programa, que las personas se organicen en torno a su actividad productiva y puedan lograr crecimiento grupal en beneficio de todas sus integrantes\u201d.<\/p>\n<p style=\"text-align: justify;\">Gabriela Retamal, representante de la Ilustre Municipalidad de Coyhaique, coment\u00f3 que \u201cnosotros con el FOSIS hemos realizado una alianza estrat\u00e9gica en beneficio de nuestros emprendedores y emprendedoras, particularmente con esta agrupaci\u00f3n. La idea es que sigan ocupando espacios para que sus asociadas puedan seguir comercializando productos artesanales. Como Municipio ratificamos nuestro compromiso con ellas y tenemos nuestras puertas abiertas a trav\u00e9s del departamento de Desarrollo Econ\u00f3mico Local\u201d.<\/p>\n<p style=\"text-align: justify;\">El programa Emprendamos Grupal Autogestionado permite que organizaciones productivas desarrollen actividades econ\u00f3micas y mejoren las condiciones de producci\u00f3n de sus negocios, fortaleciendo capacidades personales y de las organizaciones, lazos de asociatividad y acceso a redes; con el fin de aumentar sus ingresos y fomentar su autonom\u00eda econ\u00f3mica.<\/p>\n<\/div><\/section><\/div><div  style='height:50px' class='hr hr-invisible   avia-builder-el-6  el_after_av_one_full  el_before_av_social_share '><span class='hr-inner ' ><span class='hr-inner-style'><\/span><\/span><\/div><\/p>\n<div  class='av-social-sharing-box  avia-builder-el-7  el_after_av_hr  el_before_av_hr  '><div class='av-share-box'><h5 class='av-share-link-description av-no-toc '>Compartir esta noticia<\/h5><ul class='av-share-box-list noLightbox'><li class='av-share-link av-social-link-facebook' ><a target=\"_blank\" aria-label=\"Compartir en Facebook\" href='https:\/\/www.facebook.com\/sharer.php?u=https:\/\/radiorevelacionfm.cl\/?p=41781&#038;t=En%20Coyhaique%3A%20Agrupaci%C3%B3n%20Chen%20Yen%C3%BA%20Koy%20financia%20equipamiento%20para%20montar%20ferias%20libres%20con%20apoyo%20del%20FOSIS' aria-hidden='false' data-av_icon='\ue8f3' data-av_iconfont='entypo-fontello' title='' data-avia-related-tooltip='Compartir en Facebook' rel=\"noopener\"><span class='avia_hidden_link_text'>Compartir en Facebook<\/span><\/a><\/li><li class='av-share-link av-social-link-twitter' ><a target=\"_blank\" aria-label=\"Compartir en Twitter\" href='https:\/\/twitter.com\/share?text=En%20Coyhaique%3A%20Agrupaci%C3%B3n%20Chen%20Yen%C3%BA%20Koy%20financia%20equipamiento%20para%20montar%20ferias%20libres%20con%20apoyo%20del%20FOSIS&#038;url=https:\/\/radiorevelacionfm.cl\/?p=41781' aria-hidden='false' data-av_icon='\ue8f1' data-av_iconfont='entypo-fontello' title='' data-avia-related-tooltip='Compartir en Twitter' rel=\"noopener\"><span class='avia_hidden_link_text'>Compartir en Twitter<\/span><\/a><\/li><li class='av-share-link av-social-link-whatsapp' ><a target=\"_blank\" aria-label=\"Compartir en Whatsapp\" href='https:\/\/api.whatsapp.com\/send?text=https:\/\/radiorevelacionfm.cl\/?p=41781' aria-hidden='false' data-av_icon='\uf232' data-av_iconfont='entypo-fontello' title='' data-avia-related-tooltip='Compartir en Whatsapp' rel=\"noopener\"><span class='avia_hidden_link_text'>Compartir en Whatsapp<\/span><\/a><\/li><li class='av-share-link av-social-link-linkedin' ><a target=\"_blank\" aria-label=\"Compartir en LinkedIn\" href='https:\/\/linkedin.com\/shareArticle?mini=true&#038;title=En%20Coyhaique%3A%20Agrupaci%C3%B3n%20Chen%20Yen%C3%BA%20Koy%20financia%20equipamiento%20para%20montar%20ferias%20libres%20con%20apoyo%20del%20FOSIS&#038;url=https:\/\/radiorevelacionfm.cl\/?p=41781' aria-hidden='false' data-av_icon='\ue8fc' data-av_iconfont='entypo-fontello' title='' data-avia-related-tooltip='Compartir en LinkedIn' rel=\"noopener\"><span class='avia_hidden_link_text'>Compartir en LinkedIn<\/span><\/a><\/li><li class='av-share-link av-social-link-mail' ><a  aria-label=\"Compartir por correo\" href='mailto:?subject=En%20Coyhaique%3A%20Agrupaci%C3%B3n%20Chen%20Yen%C3%BA%20Koy%20financia%20equipamiento%20para%20montar%20ferias%20libres%20con%20apoyo%20del%20FOSIS&#038;body=https:\/\/radiorevelacionfm.cl\/?p=41781' aria-hidden='false' data-av_icon='\ue805' data-av_iconfont='entypo-fontello' title='' data-avia-related-tooltip='Compartir por correo'><span class='avia_hidden_link_text'>Compartir por correo<\/span><\/a><\/li><\/ul><\/div><\/div>\n<div  style='height:50px' class='hr hr-invisible   avia-builder-el-8  el_after_av_social_share  el_before_av_comments_list '><span class='hr-inner ' ><span class='hr-inner-style'><\/span><\/span><\/div>\n<div  class='av-buildercomment  av-blog-meta-html-info-disabled av-blog-meta-tag-disabled  '><\/div>\n","protected":false},"excerpt":{"rendered":"","protected":false},"author":1,"featured_media":41782,"comment_status":"open","ping_status":"open","sticky":false,"template":"","format":"standard","meta":{"footnotes":""},"categories":[38],"tags":[],"class_list":["post-41781","post","type-post","status-publish","format-standard","has-post-thumbnail","hentry","category-regional"],"jetpack_featured_media_url":"https:\/\/radiorevelacionfm.cl\/wp-content\/uploads\/2024\/04\/2-31-1-3.jpeg","_links":{"self":[{"href":"https:\/\/radiorevelacionfm.cl\/index.php?rest_route=\/wp\/v2\/posts\/41781","targetHints":{"allow":["GET"]}}],"collection":[{"href":"https:\/\/radiorevelacionfm.cl\/index.php?rest_route=\/wp\/v2\/posts"}],"about":[{"href":"https:\/\/radiorevelacionfm.cl\/index.php?rest_route=\/wp\/v2\/types\/post"}],"author":[{"embeddable":true,"href":"https:\/\/radiorevelacionfm.cl\/index.php?rest_route=\/wp\/v2\/users\/1"}],"replies":[{"embeddable":true,"href":"https:\/\/radiorevelacionfm.cl\/index.php?rest_route=%2Fwp%2Fv2%2Fcomments&post=41781"}],"version-history":[{"count":1,"href":"https:\/\/radiorevelacionfm.cl\/index.php?rest_route=\/wp\/v2\/posts\/41781\/revisions"}],"predecessor-version":[{"id":41783,"href":"https:\/\/radiorevelacionfm.cl\/index.php?rest_route=\/wp\/v2\/posts\/41781\/revisions\/41783"}],"wp:featuredmedia":[{"embeddable":true,"href":"https:\/\/radiorevelacionfm.cl\/index.php?rest_route=\/wp\/v2\/media\/41782"}],"wp:attachment":[{"href":"https:\/\/radiorevelacionfm.cl\/index.php?rest_route=%2Fwp%2Fv2%2Fmedia&parent=41781"}],"wp:term":[{"taxonomy":"category","embeddable":true,"href":"https:\/\/radiorevelacionfm.cl\/index.php?rest_route=%2Fwp%2Fv2%2Fcategories&post=41781"},{"taxonomy":"post_tag","embeddable":true,"href":"https:\/\/radiorevelacionfm.cl\/index.php?rest_route=%2Fwp%2Fv2%2Ftags&post=41781"}],"curies":[{"name":"wp","href":"https:\/\/api.w.org\/{rel}","templated":true}]}}