{"id":41776,"date":"2024-04-30T12:39:38","date_gmt":"2024-04-30T15:39:38","guid":{"rendered":"https:\/\/radiorevelacionfm.cl\/?p=41776"},"modified":"2024-04-30T12:39:38","modified_gmt":"2024-04-30T15:39:38","slug":"se-realizo-la-primera-mesa-intersectorial-de-servicios-sanitarios-rurales-ssr-de-2024","status":"publish","type":"post","link":"https:\/\/radiorevelacionfm.cl\/?p=41776","title":{"rendered":"Se realiz\u00f3 la primera mesa intersectorial de Servicios Sanitarios Rurales (SSR) de 2024"},"content":{"rendered":"<div class=\"flex_column av_one_full  flex_column_div av-zero-column-padding first  avia-builder-el-0  el_before_av_one_full  avia-builder-el-first  \" style='border-radius:0px; '><div  class='avia-image-container  av-styling-    avia-builder-el-1  avia-builder-el-no-sibling  avia-align-center '  itemprop=\"image\" itemscope=\"itemscope\" itemtype=\"https:\/\/schema.org\/ImageObject\"  ><div class='avia-image-container-inner'><div class='avia-image-overlay-wrap'><img decoding=\"async\" class='wp-image-41777 avia-img-lazy-loading-not-41777 avia_image' src=\"https:\/\/radiorevelacionfm.cl\/wp-content\/uploads\/2024\/04\/oficina-regional-siss-de-aysen-convoca-primera-mesa-intersectorial-de-ssr-de-2024-1_optimized-1.jpg\" alt='' title='oficina-regional-siss-de-ays\u00e9n-convoca-primera-mesa-intersectorial-de-ssr-de-2024-(1)_optimized (1)' height=\"600\" width=\"1756\"  itemprop=\"thumbnailUrl\" srcset=\"https:\/\/radiorevelacionfm.cl\/wp-content\/uploads\/2024\/04\/oficina-regional-siss-de-aysen-convoca-primera-mesa-intersectorial-de-ssr-de-2024-1_optimized-1.jpg 1756w, https:\/\/radiorevelacionfm.cl\/wp-content\/uploads\/2024\/04\/oficina-regional-siss-de-aysen-convoca-primera-mesa-intersectorial-de-ssr-de-2024-1_optimized-1-300x103.jpg 300w, https:\/\/radiorevelacionfm.cl\/wp-content\/uploads\/2024\/04\/oficina-regional-siss-de-aysen-convoca-primera-mesa-intersectorial-de-ssr-de-2024-1_optimized-1-1030x352.jpg 1030w, https:\/\/radiorevelacionfm.cl\/wp-content\/uploads\/2024\/04\/oficina-regional-siss-de-aysen-convoca-primera-mesa-intersectorial-de-ssr-de-2024-1_optimized-1-768x262.jpg 768w, https:\/\/radiorevelacionfm.cl\/wp-content\/uploads\/2024\/04\/oficina-regional-siss-de-aysen-convoca-primera-mesa-intersectorial-de-ssr-de-2024-1_optimized-1-1536x525.jpg 1536w, https:\/\/radiorevelacionfm.cl\/wp-content\/uploads\/2024\/04\/oficina-regional-siss-de-aysen-convoca-primera-mesa-intersectorial-de-ssr-de-2024-1_optimized-1-1500x513.jpg 1500w, https:\/\/radiorevelacionfm.cl\/wp-content\/uploads\/2024\/04\/oficina-regional-siss-de-aysen-convoca-primera-mesa-intersectorial-de-ssr-de-2024-1_optimized-1-705x241.jpg 705w, https:\/\/radiorevelacionfm.cl\/wp-content\/uploads\/2024\/04\/oficina-regional-siss-de-aysen-convoca-primera-mesa-intersectorial-de-ssr-de-2024-1_optimized-1-450x154.jpg 450w, https:\/\/radiorevelacionfm.cl\/wp-content\/uploads\/2024\/04\/oficina-regional-siss-de-aysen-convoca-primera-mesa-intersectorial-de-ssr-de-2024-1_optimized-1-600x205.jpg 600w\" sizes=\"(max-width: 1756px) 100vw, 1756px\" \/><\/div><\/div><\/div><\/div><div class=\"flex_column av_one_full  flex_column_div av-zero-column-padding first  avia-builder-el-2  el_after_av_one_full  el_before_av_one_full  column-top-margin\" style='border-radius:0px; '><section class=\"av_textblock_section \"  itemscope=\"itemscope\" itemtype=\"https:\/\/schema.org\/BlogPosting\" itemprop=\"blogPost\" ><div class='avia_textblock  '   itemprop=\"text\" ><p style=\"text-align: center;\"><strong><span style=\"font-size: 18pt;\">Se realiz\u00f3 la primera mesa intersectorial de Servicios Sanitarios Rurales (SSR) de 2024<\/span><\/strong><\/p>\n<div id=\"gtx-trans\" style=\"position: absolute; left: -50px; top: 4.31534px;\">\n<div class=\"gtx-trans-icon\"><\/div>\n<\/div>\n<\/div><\/section><\/div><div class=\"flex_column av_one_full  flex_column_div av-zero-column-padding first  avia-builder-el-4  el_after_av_one_full  el_before_av_hr  column-top-margin\" style='border-radius:0px; '><section class=\"av_textblock_section \"  itemscope=\"itemscope\" itemtype=\"https:\/\/schema.org\/BlogPosting\" itemprop=\"blogPost\" ><div class='avia_textblock  '   itemprop=\"text\" ><p style=\"text-align: justify;\"><i>En el marco de las labores y facultades incluidas en la Ley 20.998, que regula a los Servicios Sanitarios Rurales (SSR), la Oficina Regional de la Superintendencia de Servicios Sanitarios (SISS) en Ays\u00e9n convoc\u00f3 a la Subdirecci\u00f3n de Servicios Sanitarios Rurales y a la Seremi de Salud para abordar el trabajo intersectorial durante 2024.<\/i><\/p>\n<p style=\"font-weight: 400; text-align: justify;\">Con el objetivo de abordar las acciones realizadas por la Oficina Regional SISS, la Subdirecci\u00f3n de Servicios Sanitarios Rurales y la Seremi de Salud en relaci\u00f3n a los SSR de la zona durante el primer trimestre del presente a\u00f1o, as\u00ed como tambi\u00e9n para coordinarse intersectorialmente y optimizar el trabajo con operarios, dirigentes y administrativos de los SSR, el equipo de la Superintendencia en Ays\u00e9n convoc\u00f3 a las entidades a la primera mesa de trabajo del 2024.<\/p>\n<p style=\"font-weight: 400; text-align: justify;\">Durante la sesi\u00f3n trataron temas como las capacitaciones y las visitas t\u00e9cnicas y de acompa\u00f1amiento a los SSR de la regi\u00f3n, el estado de algunos Servicios en relaci\u00f3n a problemas operativos y sanitarios, la fijaci\u00f3n tarifaria y su categorizaci\u00f3n a partir del nivel de vulnerabilidad, y la regulaci\u00f3n interna de los Comit\u00e9s.<\/p>\n<p style=\"font-weight: 400; text-align: justify;\">La mesa intersectorial entre estos tres servicios inici\u00f3 en 2023 en el marco de la Ley corta (Ley 21.520), que prorroga algunos aspectos de la ley 20.998, como los plazos para la primera fijaci\u00f3n tarifaria y para el inicio de las fiscalizaciones SISS a partir del desglose de los SSR en tres segmentos a partir del n\u00famero de arranques que tienen: Mayor, Mediano y Menor.<\/p>\n<p style=\"font-weight: 400; text-align: justify;\">Desde esta mesa han salido iniciativas como capacitaciones conjuntas entre los servicios en relaci\u00f3n a derechos y deberes, el correcto funcionamiento a partir de distintas medidas sanitarias, el levantamiento de observaciones y catastros, entre otros t\u00f3picos, con el objetivo de elevar el est\u00e1ndar del servicio entregado por los SSR a las usuarias y a los usuarios del territorio rural de la regi\u00f3n.<\/p>\n<p style=\"font-weight: 400; text-align: justify;\">Asimismo, en estas instancias las instituciones estatales pueden compartir sus cronogramas de trabajo y as\u00ed alinear el trabajo de campo para compartir observaciones t\u00e9cnicas de distintos SSR y encontrar soluciones a partir de la colaboraci\u00f3n. En ese contexto, para la pr\u00f3xima reuni\u00f3n abordar\u00e1n el catastro de SSR levantado a partir de la vulnerabilidad de cada Servicio, el listado de los sistemas que se encuentran al d\u00eda con la aprobaci\u00f3n de su funcionamiento, enfoc\u00e1ndose en la detecci\u00f3n de brechas, oportunidades de mejoras y la programaci\u00f3n de actividades que permitan aportar al quehacer de los operadores de los SSR de la regi\u00f3n.<\/p>\n<\/div><\/section><\/div><div  style='height:50px' class='hr hr-invisible   avia-builder-el-6  el_after_av_one_full  el_before_av_social_share '><span class='hr-inner ' ><span class='hr-inner-style'><\/span><\/span><\/div><\/p>\n<div  class='av-social-sharing-box  avia-builder-el-7  el_after_av_hr  el_before_av_hr  '><div class='av-share-box'><h5 class='av-share-link-description av-no-toc '>Compartir esta noticia<\/h5><ul class='av-share-box-list noLightbox'><li class='av-share-link av-social-link-facebook' ><a target=\"_blank\" aria-label=\"Compartir en Facebook\" href='https:\/\/www.facebook.com\/sharer.php?u=https:\/\/radiorevelacionfm.cl\/?p=41776&#038;t=Se%20realiz%C3%B3%20la%20primera%20mesa%20intersectorial%20de%20Servicios%20Sanitarios%20Rurales%20%28SSR%29%20de%202024' aria-hidden='false' data-av_icon='\ue8f3' data-av_iconfont='entypo-fontello' title='' data-avia-related-tooltip='Compartir en Facebook' rel=\"noopener\"><span class='avia_hidden_link_text'>Compartir en Facebook<\/span><\/a><\/li><li class='av-share-link av-social-link-twitter' ><a target=\"_blank\" aria-label=\"Compartir en Twitter\" href='https:\/\/twitter.com\/share?text=Se%20realiz%C3%B3%20la%20primera%20mesa%20intersectorial%20de%20Servicios%20Sanitarios%20Rurales%20%28SSR%29%20de%202024&#038;url=https:\/\/radiorevelacionfm.cl\/?p=41776' aria-hidden='false' data-av_icon='\ue8f1' data-av_iconfont='entypo-fontello' title='' data-avia-related-tooltip='Compartir en Twitter' rel=\"noopener\"><span class='avia_hidden_link_text'>Compartir en Twitter<\/span><\/a><\/li><li class='av-share-link av-social-link-whatsapp' ><a target=\"_blank\" aria-label=\"Compartir en Whatsapp\" href='https:\/\/api.whatsapp.com\/send?text=https:\/\/radiorevelacionfm.cl\/?p=41776' aria-hidden='false' data-av_icon='\uf232' data-av_iconfont='entypo-fontello' title='' data-avia-related-tooltip='Compartir en Whatsapp' rel=\"noopener\"><span class='avia_hidden_link_text'>Compartir en Whatsapp<\/span><\/a><\/li><li class='av-share-link av-social-link-linkedin' ><a target=\"_blank\" aria-label=\"Compartir en LinkedIn\" href='https:\/\/linkedin.com\/shareArticle?mini=true&#038;title=Se%20realiz%C3%B3%20la%20primera%20mesa%20intersectorial%20de%20Servicios%20Sanitarios%20Rurales%20%28SSR%29%20de%202024&#038;url=https:\/\/radiorevelacionfm.cl\/?p=41776' aria-hidden='false' data-av_icon='\ue8fc' data-av_iconfont='entypo-fontello' title='' data-avia-related-tooltip='Compartir en LinkedIn' rel=\"noopener\"><span class='avia_hidden_link_text'>Compartir en LinkedIn<\/span><\/a><\/li><li class='av-share-link av-social-link-mail' ><a  aria-label=\"Compartir por correo\" href='mailto:?subject=Se%20realiz%C3%B3%20la%20primera%20mesa%20intersectorial%20de%20Servicios%20Sanitarios%20Rurales%20%28SSR%29%20de%202024&#038;body=https:\/\/radiorevelacionfm.cl\/?p=41776' aria-hidden='false' data-av_icon='\ue805' data-av_iconfont='entypo-fontello' title='' data-avia-related-tooltip='Compartir por correo'><span class='avia_hidden_link_text'>Compartir por correo<\/span><\/a><\/li><\/ul><\/div><\/div>\n<div  style='height:50px' class='hr hr-invisible   avia-builder-el-8  el_after_av_social_share  el_before_av_comments_list '><span class='hr-inner ' ><span class='hr-inner-style'><\/span><\/span><\/div>\n<div  class='av-buildercomment  av-blog-meta-html-info-disabled av-blog-meta-tag-disabled  '><\/div>\n","protected":false},"excerpt":{"rendered":"","protected":false},"author":1,"featured_media":41777,"comment_status":"open","ping_status":"open","sticky":false,"template":"","format":"standard","meta":{"footnotes":""},"categories":[38],"tags":[],"class_list":["post-41776","post","type-post","status-publish","format-standard","has-post-thumbnail","hentry","category-regional"],"jetpack_featured_media_url":"https:\/\/radiorevelacionfm.cl\/wp-content\/uploads\/2024\/04\/oficina-regional-siss-de-aysen-convoca-primera-mesa-intersectorial-de-ssr-de-2024-1_optimized-1.jpg","_links":{"self":[{"href":"https:\/\/radiorevelacionfm.cl\/index.php?rest_route=\/wp\/v2\/posts\/41776","targetHints":{"allow":["GET"]}}],"collection":[{"href":"https:\/\/radiorevelacionfm.cl\/index.php?rest_route=\/wp\/v2\/posts"}],"about":[{"href":"https:\/\/radiorevelacionfm.cl\/index.php?rest_route=\/wp\/v2\/types\/post"}],"author":[{"embeddable":true,"href":"https:\/\/radiorevelacionfm.cl\/index.php?rest_route=\/wp\/v2\/users\/1"}],"replies":[{"embeddable":true,"href":"https:\/\/radiorevelacionfm.cl\/index.php?rest_route=%2Fwp%2Fv2%2Fcomments&post=41776"}],"version-history":[{"count":1,"href":"https:\/\/radiorevelacionfm.cl\/index.php?rest_route=\/wp\/v2\/posts\/41776\/revisions"}],"predecessor-version":[{"id":41778,"href":"https:\/\/radiorevelacionfm.cl\/index.php?rest_route=\/wp\/v2\/posts\/41776\/revisions\/41778"}],"wp:featuredmedia":[{"embeddable":true,"href":"https:\/\/radiorevelacionfm.cl\/index.php?rest_route=\/wp\/v2\/media\/41777"}],"wp:attachment":[{"href":"https:\/\/radiorevelacionfm.cl\/index.php?rest_route=%2Fwp%2Fv2%2Fmedia&parent=41776"}],"wp:term":[{"taxonomy":"category","embeddable":true,"href":"https:\/\/radiorevelacionfm.cl\/index.php?rest_route=%2Fwp%2Fv2%2Fcategories&post=41776"},{"taxonomy":"post_tag","embeddable":true,"href":"https:\/\/radiorevelacionfm.cl\/index.php?rest_route=%2Fwp%2Fv2%2Ftags&post=41776"}],"curies":[{"name":"wp","href":"https:\/\/api.w.org\/{rel}","templated":true}]}}