{"id":41773,"date":"2024-04-30T12:25:38","date_gmt":"2024-04-30T15:25:38","guid":{"rendered":"https:\/\/radiorevelacionfm.cl\/?p=41773"},"modified":"2024-04-30T12:25:38","modified_gmt":"2024-04-30T15:25:38","slug":"equipo-de-sernapesca-llega-hasta-puerto-gala-para-realizar-atencion-en-terreno-a-pescadores-y-pescadoras","status":"publish","type":"post","link":"https:\/\/radiorevelacionfm.cl\/?p=41773","title":{"rendered":"Equipo de Sernapesca llega hasta Puerto Gala para realizar atenci\u00f3n en terreno a pescadores y pescadoras"},"content":{"rendered":"<div class=\"flex_column av_one_full  flex_column_div av-zero-column-padding first  avia-builder-el-0  el_before_av_one_full  avia-builder-el-first  \" style='border-radius:0px; '><div  class='avia-image-container  av-styling-    avia-builder-el-1  avia-builder-el-no-sibling  avia-align-center '  itemprop=\"image\" itemscope=\"itemscope\" itemtype=\"https:\/\/schema.org\/ImageObject\"  ><div class='avia-image-container-inner'><div class='avia-image-overlay-wrap'><img decoding=\"async\" class='wp-image-41774 avia-img-lazy-loading-not-41774 avia_image' src=\"https:\/\/radiorevelacionfm.cl\/wp-content\/uploads\/2024\/04\/whatsapp-image-2024-04-30-at-10_optimized.25.03-1-1.jpeg\" alt='' title='whatsapp-image-2024-04-30-at-10_optimized.25.03-(1) (1)' height=\"600\" width=\"1012\"  itemprop=\"thumbnailUrl\" srcset=\"https:\/\/radiorevelacionfm.cl\/wp-content\/uploads\/2024\/04\/whatsapp-image-2024-04-30-at-10_optimized.25.03-1-1.jpeg 1012w, https:\/\/radiorevelacionfm.cl\/wp-content\/uploads\/2024\/04\/whatsapp-image-2024-04-30-at-10_optimized.25.03-1-1-300x178.jpeg 300w, https:\/\/radiorevelacionfm.cl\/wp-content\/uploads\/2024\/04\/whatsapp-image-2024-04-30-at-10_optimized.25.03-1-1-768x455.jpeg 768w, https:\/\/radiorevelacionfm.cl\/wp-content\/uploads\/2024\/04\/whatsapp-image-2024-04-30-at-10_optimized.25.03-1-1-705x418.jpeg 705w, https:\/\/radiorevelacionfm.cl\/wp-content\/uploads\/2024\/04\/whatsapp-image-2024-04-30-at-10_optimized.25.03-1-1-450x267.jpeg 450w, https:\/\/radiorevelacionfm.cl\/wp-content\/uploads\/2024\/04\/whatsapp-image-2024-04-30-at-10_optimized.25.03-1-1-600x356.jpeg 600w\" sizes=\"(max-width: 1012px) 100vw, 1012px\" \/><\/div><\/div><\/div><\/div><div class=\"flex_column av_one_full  flex_column_div av-zero-column-padding first  avia-builder-el-2  el_after_av_one_full  el_before_av_one_full  column-top-margin\" style='border-radius:0px; '><section class=\"av_textblock_section \"  itemscope=\"itemscope\" itemtype=\"https:\/\/schema.org\/BlogPosting\" itemprop=\"blogPost\" ><div class='avia_textblock  '   itemprop=\"text\" ><p style=\"text-align: center;\"><span style=\"font-size: 18pt;\"><b>Equipo de Sernapesca llega hasta Puerto Gala para realizar atenci\u00f3n en terreno a pescadores y pescadoras<\/b><\/span><\/p>\n<div id=\"gtx-trans\" style=\"position: absolute; left: -50px; top: 4.31534px;\">\n<div class=\"gtx-trans-icon\"><\/div>\n<\/div>\n<\/div><\/section><\/div><div class=\"flex_column av_one_full  flex_column_div av-zero-column-padding first  avia-builder-el-4  el_after_av_one_full  el_before_av_hr  column-top-margin\" style='border-radius:0px; '><section class=\"av_textblock_section \"  itemscope=\"itemscope\" itemtype=\"https:\/\/schema.org\/BlogPosting\" itemprop=\"blogPost\" ><div class='avia_textblock  '   itemprop=\"text\" ><p style=\"font-weight: 400; text-align: justify;\">En el marco del programa Caleta + Cerca del Servicio Nacional de Pesca y Acuicultura (Sernapesca), cuyo objetivo es la facilitaci\u00f3n del cumplimiento normativo en terreno y acercamiento con el sector pesquero artesanal, funcionarios\u00a0de\u00a0la Direcci\u00f3n Regional ubicada en Puerto Ays\u00e9n se desplazaron hasta la localidad de Puerto Gala para realizar atenci\u00f3n en localidades aisladas de la regi\u00f3n.<\/p>\n<p style=\"font-weight: 400; text-align: justify;\">Tras recorrer aproximadamente tres horas en veh\u00edculo y otras cinco a bordo de una barcaza de conectividad regional, llegaron a Puerto Gala donde permanecieron un d\u00eda y medio para atender a un total de 22 pescadores artesanales (6 mujeres y 16 hombres), realizar actividades de difusi\u00f3n, capacitaci\u00f3n y de tr\u00e1mites.<\/p>\n<p style=\"font-weight: 400; text-align: justify;\">\u201cPara nosotros es sumamente relevante poder asistir con nuestros funcionarios a realizar estas actividades de acompa\u00f1amiento, sobre todo considerando la lejan\u00eda y dificultades para acceder de manera presencial a nuestra Direcci\u00f3n Regional ubicada en Puerto Ays\u00e9n, como tambi\u00e9n por la importancia que reviste el disponer de informaci\u00f3n, formularios y medios de atenci\u00f3n en la misma caleta, dada la brecha digital con la que se cuenta en estos territorios aislados\u201d, expres\u00f3 Jorge Padilla, Director Regional (s) de Sernapesca Ays\u00e9n.<\/p>\n<p style=\"font-weight: 400; text-align: justify;\">Dentro de las tem\u00e1ticas abordadas en la visita est\u00e1 la difusi\u00f3n de cuotas, vedas y periodos de extracci\u00f3n de los principales recursos de la zona; la inscripci\u00f3n y actualizaci\u00f3n de antecedentes del Registro Pesquero Artesanal; consultas por cambio de regi\u00f3n, sustituciones y reemplazos en el RPA; capacitaci\u00f3n en el uso de la plataforma online de Trazabilidad de Sernapesca y gesti\u00f3n de contrase\u00f1as; recepci\u00f3n de declaraciones de desembarque artesanal y entrega de saldos de cuota de merluza del sur en el marco del r\u00e9gimen artesanal de extracci\u00f3n.<\/p>\n<\/div><\/section><\/div><div  style='height:50px' class='hr hr-invisible   avia-builder-el-6  el_after_av_one_full  el_before_av_social_share '><span class='hr-inner ' ><span class='hr-inner-style'><\/span><\/span><\/div><\/p>\n<div  class='av-social-sharing-box  avia-builder-el-7  el_after_av_hr  el_before_av_hr  '><div class='av-share-box'><h5 class='av-share-link-description av-no-toc '>Compartir esta noticia<\/h5><ul class='av-share-box-list noLightbox'><li class='av-share-link av-social-link-facebook' ><a target=\"_blank\" aria-label=\"Compartir en Facebook\" href='https:\/\/www.facebook.com\/sharer.php?u=https:\/\/radiorevelacionfm.cl\/?p=41773&#038;t=Equipo%20de%20Sernapesca%20llega%20hasta%20Puerto%20Gala%20para%20realizar%20atenci%C3%B3n%20en%20terreno%20a%20pescadores%20y%20pescadoras' aria-hidden='false' data-av_icon='\ue8f3' data-av_iconfont='entypo-fontello' title='' data-avia-related-tooltip='Compartir en Facebook' rel=\"noopener\"><span class='avia_hidden_link_text'>Compartir en Facebook<\/span><\/a><\/li><li class='av-share-link av-social-link-twitter' ><a target=\"_blank\" aria-label=\"Compartir en Twitter\" href='https:\/\/twitter.com\/share?text=Equipo%20de%20Sernapesca%20llega%20hasta%20Puerto%20Gala%20para%20realizar%20atenci%C3%B3n%20en%20terreno%20a%20pescadores%20y%20pescadoras&#038;url=https:\/\/radiorevelacionfm.cl\/?p=41773' aria-hidden='false' data-av_icon='\ue8f1' data-av_iconfont='entypo-fontello' title='' data-avia-related-tooltip='Compartir en Twitter' rel=\"noopener\"><span class='avia_hidden_link_text'>Compartir en Twitter<\/span><\/a><\/li><li class='av-share-link av-social-link-whatsapp' ><a target=\"_blank\" aria-label=\"Compartir en Whatsapp\" href='https:\/\/api.whatsapp.com\/send?text=https:\/\/radiorevelacionfm.cl\/?p=41773' aria-hidden='false' data-av_icon='\uf232' data-av_iconfont='entypo-fontello' title='' data-avia-related-tooltip='Compartir en Whatsapp' rel=\"noopener\"><span class='avia_hidden_link_text'>Compartir en Whatsapp<\/span><\/a><\/li><li class='av-share-link av-social-link-linkedin' ><a target=\"_blank\" aria-label=\"Compartir en LinkedIn\" href='https:\/\/linkedin.com\/shareArticle?mini=true&#038;title=Equipo%20de%20Sernapesca%20llega%20hasta%20Puerto%20Gala%20para%20realizar%20atenci%C3%B3n%20en%20terreno%20a%20pescadores%20y%20pescadoras&#038;url=https:\/\/radiorevelacionfm.cl\/?p=41773' aria-hidden='false' data-av_icon='\ue8fc' data-av_iconfont='entypo-fontello' title='' data-avia-related-tooltip='Compartir en LinkedIn' rel=\"noopener\"><span class='avia_hidden_link_text'>Compartir en LinkedIn<\/span><\/a><\/li><li class='av-share-link av-social-link-mail' ><a  aria-label=\"Compartir por correo\" href='mailto:?subject=Equipo%20de%20Sernapesca%20llega%20hasta%20Puerto%20Gala%20para%20realizar%20atenci%C3%B3n%20en%20terreno%20a%20pescadores%20y%20pescadoras&#038;body=https:\/\/radiorevelacionfm.cl\/?p=41773' aria-hidden='false' data-av_icon='\ue805' data-av_iconfont='entypo-fontello' title='' data-avia-related-tooltip='Compartir por correo'><span class='avia_hidden_link_text'>Compartir por correo<\/span><\/a><\/li><\/ul><\/div><\/div>\n<div  style='height:50px' class='hr hr-invisible   avia-builder-el-8  el_after_av_social_share  el_before_av_comments_list '><span class='hr-inner ' ><span class='hr-inner-style'><\/span><\/span><\/div>\n<div  class='av-buildercomment  av-blog-meta-html-info-disabled av-blog-meta-tag-disabled  '><\/div>\n","protected":false},"excerpt":{"rendered":"","protected":false},"author":1,"featured_media":41774,"comment_status":"open","ping_status":"open","sticky":false,"template":"","format":"standard","meta":{"footnotes":""},"categories":[60],"tags":[],"class_list":["post-41773","post","type-post","status-publish","format-standard","has-post-thumbnail","hentry","category-pesca"],"jetpack_featured_media_url":"https:\/\/radiorevelacionfm.cl\/wp-content\/uploads\/2024\/04\/whatsapp-image-2024-04-30-at-10_optimized.25.03-1-1.jpeg","_links":{"self":[{"href":"https:\/\/radiorevelacionfm.cl\/index.php?rest_route=\/wp\/v2\/posts\/41773","targetHints":{"allow":["GET"]}}],"collection":[{"href":"https:\/\/radiorevelacionfm.cl\/index.php?rest_route=\/wp\/v2\/posts"}],"about":[{"href":"https:\/\/radiorevelacionfm.cl\/index.php?rest_route=\/wp\/v2\/types\/post"}],"author":[{"embeddable":true,"href":"https:\/\/radiorevelacionfm.cl\/index.php?rest_route=\/wp\/v2\/users\/1"}],"replies":[{"embeddable":true,"href":"https:\/\/radiorevelacionfm.cl\/index.php?rest_route=%2Fwp%2Fv2%2Fcomments&post=41773"}],"version-history":[{"count":1,"href":"https:\/\/radiorevelacionfm.cl\/index.php?rest_route=\/wp\/v2\/posts\/41773\/revisions"}],"predecessor-version":[{"id":41775,"href":"https:\/\/radiorevelacionfm.cl\/index.php?rest_route=\/wp\/v2\/posts\/41773\/revisions\/41775"}],"wp:featuredmedia":[{"embeddable":true,"href":"https:\/\/radiorevelacionfm.cl\/index.php?rest_route=\/wp\/v2\/media\/41774"}],"wp:attachment":[{"href":"https:\/\/radiorevelacionfm.cl\/index.php?rest_route=%2Fwp%2Fv2%2Fmedia&parent=41773"}],"wp:term":[{"taxonomy":"category","embeddable":true,"href":"https:\/\/radiorevelacionfm.cl\/index.php?rest_route=%2Fwp%2Fv2%2Fcategories&post=41773"},{"taxonomy":"post_tag","embeddable":true,"href":"https:\/\/radiorevelacionfm.cl\/index.php?rest_route=%2Fwp%2Fv2%2Ftags&post=41773"}],"curies":[{"name":"wp","href":"https:\/\/api.w.org\/{rel}","templated":true}]}}