{"id":41770,"date":"2024-04-29T19:38:07","date_gmt":"2024-04-29T22:38:07","guid":{"rendered":"https:\/\/radiorevelacionfm.cl\/?p=41770"},"modified":"2024-04-29T19:38:07","modified_gmt":"2024-04-29T22:38:07","slug":"gobierno-regional-gana-apelacion-en-la-corte-suprema-y-volvera-a-licitar-camiones-para-gestion-de-residuos-en-coyhaique","status":"publish","type":"post","link":"https:\/\/radiorevelacionfm.cl\/?p=41770","title":{"rendered":"Gobierno Regional gana apelaci\u00f3n en la Corte Suprema y volver\u00e1 a licitar camiones para Gesti\u00f3n de Residuos en Coyhaique"},"content":{"rendered":"<div class=\"flex_column av_one_full  flex_column_div av-zero-column-padding first  avia-builder-el-0  el_before_av_one_full  avia-builder-el-first  \" style='border-radius:0px; '><div  class='avia-image-container  av-styling-    avia-builder-el-1  avia-builder-el-no-sibling  avia-align-center '  itemprop=\"image\" itemscope=\"itemscope\" itemtype=\"https:\/\/schema.org\/ImageObject\"  ><div class='avia-image-container-inner'><div class='avia-image-overlay-wrap'><img decoding=\"async\" class='wp-image-41771 avia-img-lazy-loading-not-41771 avia_image' src=\"https:\/\/radiorevelacionfm.cl\/wp-content\/uploads\/2024\/04\/whatsapp-image-2024-04-29-at-6_optimized.07.03-pm-1.jpeg\" alt='' title='whatsapp-image-2024-04-29-at-6_optimized.07.03-pm-(1)' height=\"600\" width=\"901\"  itemprop=\"thumbnailUrl\" srcset=\"https:\/\/radiorevelacionfm.cl\/wp-content\/uploads\/2024\/04\/whatsapp-image-2024-04-29-at-6_optimized.07.03-pm-1.jpeg 901w, https:\/\/radiorevelacionfm.cl\/wp-content\/uploads\/2024\/04\/whatsapp-image-2024-04-29-at-6_optimized.07.03-pm-1-300x200.jpeg 300w, https:\/\/radiorevelacionfm.cl\/wp-content\/uploads\/2024\/04\/whatsapp-image-2024-04-29-at-6_optimized.07.03-pm-1-768x511.jpeg 768w, https:\/\/radiorevelacionfm.cl\/wp-content\/uploads\/2024\/04\/whatsapp-image-2024-04-29-at-6_optimized.07.03-pm-1-705x469.jpeg 705w, https:\/\/radiorevelacionfm.cl\/wp-content\/uploads\/2024\/04\/whatsapp-image-2024-04-29-at-6_optimized.07.03-pm-1-450x300.jpeg 450w, https:\/\/radiorevelacionfm.cl\/wp-content\/uploads\/2024\/04\/whatsapp-image-2024-04-29-at-6_optimized.07.03-pm-1-600x400.jpeg 600w\" sizes=\"(max-width: 901px) 100vw, 901px\" \/><\/div><\/div><\/div><\/div><div class=\"flex_column av_one_full  flex_column_div av-zero-column-padding first  avia-builder-el-2  el_after_av_one_full  el_before_av_one_full  column-top-margin\" style='border-radius:0px; '><section class=\"av_textblock_section \"  itemscope=\"itemscope\" itemtype=\"https:\/\/schema.org\/BlogPosting\" itemprop=\"blogPost\" ><div class='avia_textblock  '   itemprop=\"text\" ><p style=\"text-align: center;\"><strong><span style=\"font-size: 18pt;\">Gobierno Regional gana apelaci\u00f3n en la Corte Suprema y volver\u00e1 a licitar camiones para Gesti\u00f3n de Residuos en Coyhaique<\/span><\/strong><\/p>\n<div id=\"gtx-trans\" style=\"position: absolute; left: -50px; top: 4.31534px;\">\n<div class=\"gtx-trans-icon\"><\/div>\n<\/div>\n<\/div><\/section><\/div><div class=\"flex_column av_one_full  flex_column_div av-zero-column-padding first  avia-builder-el-4  el_after_av_one_full  el_before_av_hr  column-top-margin\" style='border-radius:0px; '><section class=\"av_textblock_section \"  itemscope=\"itemscope\" itemtype=\"https:\/\/schema.org\/BlogPosting\" itemprop=\"blogPost\" ><div class='avia_textblock  '   itemprop=\"text\" ><p dir=\"ltr\" style=\"text-align: justify;\">La Tercera Sala de la Corte Suprema determin\u00f3 revocar la sentencia dictada por la Corte de Apelaciones de Coyhaique que dio pie al recurso de protecci\u00f3n interpuesto por la Sociedad Pe\u00f1a Spoerer y Compa\u00f1\u00eda en contra del Gobierno Regional de Ays\u00e9n tras el t\u00e9rmino anticipado del contrato mediante el cual el GORE adquiri\u00f3 tres camiones polibrazo para el plan de gesti\u00f3n de residuos de Coyhaique.<\/p>\n<p dir=\"ltr\" style=\"text-align: justify;\">El Ejecutivo del Gobierno Regional hab\u00eda hecho uso de esta facultad al no recibir los veh\u00edculos en los plazos y forma, entendiendo as\u00ed un incumplimiento por parte de la empresa, la que si bien en el tribunal de alzada logr\u00f3 que avanzara aduciendo una infracci\u00f3n de garant\u00eda, lo que finalmente fue descartado por el m\u00e1ximo tribunal del pa\u00eds.<\/p>\n<p dir=\"ltr\" style=\"text-align: justify;\">Ante esto, la Gobernadora Andrea Mac\u00edas Palma asegur\u00f3 que esto ratifica la decisi\u00f3n del GORE respecto de la adquisici\u00f3n de camiones polibrazos donde se puso t\u00e9rmino anticipado al contrato por incumplimiento de plazos de la empresa con la que se hab\u00eda convenido.<\/p>\n<p dir=\"ltr\" style=\"text-align: justify;\">\u00abEsto nos enfrenta hoy d\u00eda a un nuevo desaf\u00edo pero adem\u00e1s podemos reafirmar que a partir del primero de junio entra en funcionamiento el nuevo sistema de gesti\u00f3n de residuos para la comuna de Coyhaique, toda vez que esto fue previsto de esta forma y esperamos prontamente volver a llamar a una licitaci\u00f3n donde los oferentes puedan dar cumplimiento, primero que nada, a los tiempos de entrega que fue una de las principales dificultades que tuvimos\u00bb, asegur\u00f3 la primera autoridad regional.<\/p>\n<p dir=\"ltr\" style=\"text-align: justify;\">En la misma l\u00ednea, el alcalde de la Comuna de Coyhaique, Carlos Gatica Villegas, valor\u00f3 la determinaci\u00f3n de la m\u00e1xima sala, asegurando que el municipio tom\u00f3 las precauciones necesarias para asegurar que el nuevo plan de gesti\u00f3n de residuos para la comunidad de la capital regional comenzar\u00e1 a funcionar en el plazo establecido.<\/p>\n<p dir=\"ltr\" style=\"text-align: justify;\">\u00abEl sistema de recolecci\u00f3n no sufre cambios con este fallo. Vamos a comenzar con todos los nueve camiones el primero de junio y con un servicio dentro del contrato con cuatro camiones Ampliroll para poder suplir esta necesidad que tenemos\u00bb, asegur\u00f3 el edil.<\/p>\n<p dir=\"ltr\" style=\"text-align: justify;\">Con este fallo el Gobierno Regional puede hacer uso del cobro de la boleta de garant\u00eda que se incluye en este tipo de adquisiciones y volver a hacer la licitaci\u00f3n.<\/p>\n<\/div><\/section><\/div><div  style='height:50px' class='hr hr-invisible   avia-builder-el-6  el_after_av_one_full  el_before_av_social_share '><span class='hr-inner ' ><span class='hr-inner-style'><\/span><\/span><\/div><\/p>\n<div  class='av-social-sharing-box  avia-builder-el-7  el_after_av_hr  el_before_av_hr  '><div class='av-share-box'><h5 class='av-share-link-description av-no-toc '>Compartir esta noticia<\/h5><ul class='av-share-box-list noLightbox'><li class='av-share-link av-social-link-facebook' ><a target=\"_blank\" aria-label=\"Compartir en Facebook\" href='https:\/\/www.facebook.com\/sharer.php?u=https:\/\/radiorevelacionfm.cl\/?p=41770&#038;t=Gobierno%20Regional%20gana%20apelaci%C3%B3n%20en%20la%20Corte%20Suprema%20y%20volver%C3%A1%20a%20licitar%20camiones%20para%20Gesti%C3%B3n%20de%20Residuos%20en%20Coyhaique' aria-hidden='false' data-av_icon='\ue8f3' data-av_iconfont='entypo-fontello' title='' data-avia-related-tooltip='Compartir en Facebook' rel=\"noopener\"><span class='avia_hidden_link_text'>Compartir en Facebook<\/span><\/a><\/li><li class='av-share-link av-social-link-twitter' ><a target=\"_blank\" aria-label=\"Compartir en Twitter\" href='https:\/\/twitter.com\/share?text=Gobierno%20Regional%20gana%20apelaci%C3%B3n%20en%20la%20Corte%20Suprema%20y%20volver%C3%A1%20a%20licitar%20camiones%20para%20Gesti%C3%B3n%20de%20Residuos%20en%20Coyhaique&#038;url=https:\/\/radiorevelacionfm.cl\/?p=41770' aria-hidden='false' data-av_icon='\ue8f1' data-av_iconfont='entypo-fontello' title='' data-avia-related-tooltip='Compartir en Twitter' rel=\"noopener\"><span class='avia_hidden_link_text'>Compartir en Twitter<\/span><\/a><\/li><li class='av-share-link av-social-link-whatsapp' ><a target=\"_blank\" aria-label=\"Compartir en Whatsapp\" href='https:\/\/api.whatsapp.com\/send?text=https:\/\/radiorevelacionfm.cl\/?p=41770' aria-hidden='false' data-av_icon='\uf232' data-av_iconfont='entypo-fontello' title='' data-avia-related-tooltip='Compartir en Whatsapp' rel=\"noopener\"><span class='avia_hidden_link_text'>Compartir en Whatsapp<\/span><\/a><\/li><li class='av-share-link av-social-link-linkedin' ><a target=\"_blank\" aria-label=\"Compartir en LinkedIn\" href='https:\/\/linkedin.com\/shareArticle?mini=true&#038;title=Gobierno%20Regional%20gana%20apelaci%C3%B3n%20en%20la%20Corte%20Suprema%20y%20volver%C3%A1%20a%20licitar%20camiones%20para%20Gesti%C3%B3n%20de%20Residuos%20en%20Coyhaique&#038;url=https:\/\/radiorevelacionfm.cl\/?p=41770' aria-hidden='false' data-av_icon='\ue8fc' data-av_iconfont='entypo-fontello' title='' data-avia-related-tooltip='Compartir en LinkedIn' rel=\"noopener\"><span class='avia_hidden_link_text'>Compartir en LinkedIn<\/span><\/a><\/li><li class='av-share-link av-social-link-mail' ><a  aria-label=\"Compartir por correo\" href='mailto:?subject=Gobierno%20Regional%20gana%20apelaci%C3%B3n%20en%20la%20Corte%20Suprema%20y%20volver%C3%A1%20a%20licitar%20camiones%20para%20Gesti%C3%B3n%20de%20Residuos%20en%20Coyhaique&#038;body=https:\/\/radiorevelacionfm.cl\/?p=41770' aria-hidden='false' data-av_icon='\ue805' data-av_iconfont='entypo-fontello' title='' data-avia-related-tooltip='Compartir por correo'><span class='avia_hidden_link_text'>Compartir por correo<\/span><\/a><\/li><\/ul><\/div><\/div>\n<div  style='height:50px' class='hr hr-invisible   avia-builder-el-8  el_after_av_social_share  el_before_av_comments_list '><span class='hr-inner ' ><span class='hr-inner-style'><\/span><\/span><\/div>\n<div  class='av-buildercomment  av-blog-meta-html-info-disabled av-blog-meta-tag-disabled  '><\/div>\n","protected":false},"excerpt":{"rendered":"","protected":false},"author":1,"featured_media":41771,"comment_status":"open","ping_status":"open","sticky":false,"template":"","format":"standard","meta":{"footnotes":""},"categories":[38],"tags":[],"class_list":["post-41770","post","type-post","status-publish","format-standard","has-post-thumbnail","hentry","category-regional"],"jetpack_featured_media_url":"https:\/\/radiorevelacionfm.cl\/wp-content\/uploads\/2024\/04\/whatsapp-image-2024-04-29-at-6_optimized.07.03-pm-1.jpeg","_links":{"self":[{"href":"https:\/\/radiorevelacionfm.cl\/index.php?rest_route=\/wp\/v2\/posts\/41770","targetHints":{"allow":["GET"]}}],"collection":[{"href":"https:\/\/radiorevelacionfm.cl\/index.php?rest_route=\/wp\/v2\/posts"}],"about":[{"href":"https:\/\/radiorevelacionfm.cl\/index.php?rest_route=\/wp\/v2\/types\/post"}],"author":[{"embeddable":true,"href":"https:\/\/radiorevelacionfm.cl\/index.php?rest_route=\/wp\/v2\/users\/1"}],"replies":[{"embeddable":true,"href":"https:\/\/radiorevelacionfm.cl\/index.php?rest_route=%2Fwp%2Fv2%2Fcomments&post=41770"}],"version-history":[{"count":1,"href":"https:\/\/radiorevelacionfm.cl\/index.php?rest_route=\/wp\/v2\/posts\/41770\/revisions"}],"predecessor-version":[{"id":41772,"href":"https:\/\/radiorevelacionfm.cl\/index.php?rest_route=\/wp\/v2\/posts\/41770\/revisions\/41772"}],"wp:featuredmedia":[{"embeddable":true,"href":"https:\/\/radiorevelacionfm.cl\/index.php?rest_route=\/wp\/v2\/media\/41771"}],"wp:attachment":[{"href":"https:\/\/radiorevelacionfm.cl\/index.php?rest_route=%2Fwp%2Fv2%2Fmedia&parent=41770"}],"wp:term":[{"taxonomy":"category","embeddable":true,"href":"https:\/\/radiorevelacionfm.cl\/index.php?rest_route=%2Fwp%2Fv2%2Fcategories&post=41770"},{"taxonomy":"post_tag","embeddable":true,"href":"https:\/\/radiorevelacionfm.cl\/index.php?rest_route=%2Fwp%2Fv2%2Ftags&post=41770"}],"curies":[{"name":"wp","href":"https:\/\/api.w.org\/{rel}","templated":true}]}}