{"id":41767,"date":"2024-04-29T22:03:33","date_gmt":"2024-04-30T01:03:33","guid":{"rendered":"https:\/\/radiorevelacionfm.cl\/?p=41767"},"modified":"2024-04-29T22:03:33","modified_gmt":"2024-04-30T01:03:33","slug":"masivo-compromiso-de-sector-publico-logra-constituir-mesa-por-los-derechos-de-las-personas-con-discapacidad","status":"publish","type":"post","link":"https:\/\/radiorevelacionfm.cl\/?p=41767","title":{"rendered":"Masivo compromiso de sector p\u00fablico logra constituir \u00abMesa por los Derechos de las Personas con Discapacidad\u00bb"},"content":{"rendered":"<div class=\"flex_column av_one_full  flex_column_div av-zero-column-padding first  avia-builder-el-0  el_before_av_one_full  avia-builder-el-first  \" style='border-radius:0px; '><div  class='avia-image-container  av-styling-    avia-builder-el-1  avia-builder-el-no-sibling  avia-align-center '  itemprop=\"image\" itemscope=\"itemscope\" itemtype=\"https:\/\/schema.org\/ImageObject\"  ><div class='avia-image-container-inner'><div class='avia-image-overlay-wrap'><img decoding=\"async\" class='wp-image-41768 avia-img-lazy-loading-not-41768 avia_image' src=\"https:\/\/radiorevelacionfm.cl\/wp-content\/uploads\/2024\/04\/mesa-1-1_optimized-1.jpeg\" alt='' title='mesa-1-(1)_optimized (1)' height=\"600\" width=\"1360\"  itemprop=\"thumbnailUrl\" srcset=\"https:\/\/radiorevelacionfm.cl\/wp-content\/uploads\/2024\/04\/mesa-1-1_optimized-1.jpeg 1360w, https:\/\/radiorevelacionfm.cl\/wp-content\/uploads\/2024\/04\/mesa-1-1_optimized-1-300x132.jpeg 300w, https:\/\/radiorevelacionfm.cl\/wp-content\/uploads\/2024\/04\/mesa-1-1_optimized-1-1030x454.jpeg 1030w, https:\/\/radiorevelacionfm.cl\/wp-content\/uploads\/2024\/04\/mesa-1-1_optimized-1-768x339.jpeg 768w, https:\/\/radiorevelacionfm.cl\/wp-content\/uploads\/2024\/04\/mesa-1-1_optimized-1-705x311.jpeg 705w, https:\/\/radiorevelacionfm.cl\/wp-content\/uploads\/2024\/04\/mesa-1-1_optimized-1-450x199.jpeg 450w, https:\/\/radiorevelacionfm.cl\/wp-content\/uploads\/2024\/04\/mesa-1-1_optimized-1-600x265.jpeg 600w\" sizes=\"(max-width: 1360px) 100vw, 1360px\" \/><\/div><\/div><\/div><\/div><div class=\"flex_column av_one_full  flex_column_div av-zero-column-padding first  avia-builder-el-2  el_after_av_one_full  el_before_av_one_full  column-top-margin\" style='border-radius:0px; '><section class=\"av_textblock_section \"  itemscope=\"itemscope\" itemtype=\"https:\/\/schema.org\/BlogPosting\" itemprop=\"blogPost\" ><div class='avia_textblock  '   itemprop=\"text\" ><p style=\"text-align: center;\"><strong><span style=\"font-size: 18pt;\">Masivo compromiso de sector p\u00fablico logra constituir \u00abMesa por los Derechos de las Personas con Discapacidad\u00bb<\/span><\/strong><\/p>\n<div id=\"gtx-trans\" style=\"position: absolute; left: -50px; top: 4.31534px;\">\n<div class=\"gtx-trans-icon\"><\/div>\n<\/div>\n<\/div><\/section><\/div><div class=\"flex_column av_one_full  flex_column_div av-zero-column-padding first  avia-builder-el-4  el_after_av_one_full  el_before_av_hr  column-top-margin\" style='border-radius:0px; '><section class=\"av_textblock_section \"  itemscope=\"itemscope\" itemtype=\"https:\/\/schema.org\/BlogPosting\" itemprop=\"blogPost\" ><div class='avia_textblock  '   itemprop=\"text\" ><p style=\"text-align: justify;\"><i>La mesa fue convocada y gestionada en conjunto por el Servicio Nacional de la Discapacidad y el Consejo de la Sociedad Civil, Cosoc.<\/i><\/p>\n<p style=\"text-align: justify;\">Con una masiva concurrencia de 25 Instituciones p\u00fablicas, El Servicio Nacional de la Discapacidad llev\u00f3 a cabo en Coyhaique la Constituci\u00f3n de la Mesa por los Derechos de las Personas con Discapacidad de la regi\u00f3n de Ays\u00e9n.<\/p>\n<p style=\"text-align: justify;\">El objetivo de la mesa, es promover el desarrollo de acciones con enfoque de g\u00e9nero que aporten a la igualdad de oportunidades e inclusi\u00f3n social de las personas con discapacidad, en virtud del principio de intersectorialidad contenido en la Ley 20.422, que establece que \u00ablas pol\u00edticas, en cualquier \u00e1mbito de la gesti\u00f3n p\u00fablica, debe considerar como elementos transversales los derechos de las personas con discapacidad\u00bb.<\/p>\n<p style=\"text-align: justify;\">As\u00ed lo dio a conocer Viviana Mu\u00f1oz Directora Regional de Senadis al terminar la jornada \u00abHoy d\u00eda en conjunto con nuestra seremi de Desarrollo Social Karina Acevedo y Consejo de la sociedad Civil presidido por la se\u00f1ora Cristina Barrientos y que tambi\u00e9n conforman otras personas representantes de Coyhaique, de la comuna de Chile Chico, Ays\u00e9n, desarrollamos esta mesa. La verdad con expectativas y nos vamos muy, muy contentos y contentas porque tuvimos una alta concurrencia y hemos podido obtener el compromiso de muchas instituciones p\u00fablicas para trabajar en esto, que es una obligaci\u00f3n de las instituciones del Estado en realidad de trabajar por los derechos de las personas con discapacidad desde cada una de las instituciones\u00bb.<\/p>\n<p style=\"text-align: justify;\">A modo de antecedente, 15.748 personas adultas viven con discapacidad en la regi\u00f3n de Ays\u00e9n. De ese total, m\u00e1s de la mitad de ellas est\u00e1 en situaci\u00f3n de dependencia, es decir, un 10,3% de la poblaci\u00f3n adulta, representando 8.312 personas. Estos antecedentes, seg\u00fan coment\u00f3 Mu\u00f1oz desaf\u00edan a las instituciones p\u00fablicas, al sector privado y a la sociedad en general para disminuir o eliminar las barreras actitudinales, f\u00edsicas, program\u00e1ticas, entre otras, para avanzar en la generaci\u00f3n de condiciones de contexto e institucionales que aporten concretamente a la inclusi\u00f3n de las personas con discapacidad, y con ello a su bienestar y al de sus familias y comunidades.<\/p>\n<p style=\"text-align: justify;\">Por su lado Cristina Barrientos, Presidenta del COSAC de Senadis y de la Agrupaci\u00f3n de Ciegos de la Patagonia relev\u00f3 el trabajo que se est\u00e1 haciendo hace mucho tiempo \u00abera necesario hacer esto, crear una mesa por los derechos de las personas con discapacidad y con el compromiso de las autoridades de nuestra regi\u00f3n para que de verdad exista una inclusi\u00f3n a nivel regional, una empat\u00eda con las personas con discapacidad en los servicios e instituciones donde siempre estamos las personas golpeando puertas para hacer nuestros tr\u00e1mites, as\u00ed que necesitamos de verdad este gran compromiso que hoy d\u00eda se firm\u00f3 y a las autoridades dar las gracias porque de verdad superaron nuestras expectativas\u00bb.<\/p>\n<p style=\"text-align: justify;\">Finalmente, La Mesa en la que participaron las distintas Secretar\u00edas Regionales Ministeriales\u00a0 entre ellas la Direcci\u00f3n Regional del Trabajo, Defensor\u00eda de la Ni\u00f1ez, Superintendencia de Educaci\u00f3n, Servicio Local de Educaci\u00f3n P\u00fablica, Registro Civil e Identificaci\u00f3n, Universidad de Ays\u00e9n, Municipalidad de Coyhaique, Carabineros de Ays\u00e9n, Servicio de Salud Ays\u00e9n, INJUV y SENCE, entrar\u00e1\u00a0en funcionamiento mediante comisiones tem\u00e1ticas reuni\u00e9ndose pr\u00f3ximamente en el mes de agosto, considerando 4 grandes \u00e1reas a trabajar: 1. Accesibilidad universal. 2. Trato Digno. 3. Cuidados de las personas con discapacidad y sus cuidadores. 4. Educaci\u00f3n superior inclusiva. Esta ser\u00e1 coordinada por Senadis junto a la sociedad civil a trav\u00e9s del Consejo de la Sociedad Civil (COSOC). Destaca como principal eje tem\u00e1tico del gobierno del Presidente Boric, la creaci\u00f3n del Sistema Nacional de Apoyos y Cuidados, por lo que se debe coordinar con perspectiva feminista, intersectorial y comunitaria diferentes espacios institucionales bajo los principios del cuidado como un derecho social y humano, de acceso universal, entre otros.<\/p>\n<\/div><\/section><\/div><div  style='height:50px' class='hr hr-invisible   avia-builder-el-6  el_after_av_one_full  el_before_av_social_share '><span class='hr-inner ' ><span class='hr-inner-style'><\/span><\/span><\/div><\/p>\n<div  class='av-social-sharing-box  avia-builder-el-7  el_after_av_hr  el_before_av_hr  '><div class='av-share-box'><h5 class='av-share-link-description av-no-toc '>Compartir esta noticia<\/h5><ul class='av-share-box-list noLightbox'><li class='av-share-link av-social-link-facebook' ><a target=\"_blank\" aria-label=\"Compartir en Facebook\" href='https:\/\/www.facebook.com\/sharer.php?u=https:\/\/radiorevelacionfm.cl\/?p=41767&#038;t=Masivo%20compromiso%20de%20sector%20p%C3%BAblico%20logra%20constituir%20%C2%ABMesa%20por%20los%20Derechos%20de%20las%20Personas%20con%20Discapacidad%C2%BB' aria-hidden='false' data-av_icon='\ue8f3' data-av_iconfont='entypo-fontello' title='' data-avia-related-tooltip='Compartir en Facebook' rel=\"noopener\"><span class='avia_hidden_link_text'>Compartir en Facebook<\/span><\/a><\/li><li class='av-share-link av-social-link-twitter' ><a target=\"_blank\" aria-label=\"Compartir en Twitter\" href='https:\/\/twitter.com\/share?text=Masivo%20compromiso%20de%20sector%20p%C3%BAblico%20logra%20constituir%20%C2%ABMesa%20por%20los%20Derechos%20de%20las%20Personas%20con%20Discapacidad%C2%BB&#038;url=https:\/\/radiorevelacionfm.cl\/?p=41767' aria-hidden='false' data-av_icon='\ue8f1' data-av_iconfont='entypo-fontello' title='' data-avia-related-tooltip='Compartir en Twitter' rel=\"noopener\"><span class='avia_hidden_link_text'>Compartir en Twitter<\/span><\/a><\/li><li class='av-share-link av-social-link-whatsapp' ><a target=\"_blank\" aria-label=\"Compartir en Whatsapp\" href='https:\/\/api.whatsapp.com\/send?text=https:\/\/radiorevelacionfm.cl\/?p=41767' aria-hidden='false' data-av_icon='\uf232' data-av_iconfont='entypo-fontello' title='' data-avia-related-tooltip='Compartir en Whatsapp' rel=\"noopener\"><span class='avia_hidden_link_text'>Compartir en Whatsapp<\/span><\/a><\/li><li class='av-share-link av-social-link-linkedin' ><a target=\"_blank\" aria-label=\"Compartir en LinkedIn\" href='https:\/\/linkedin.com\/shareArticle?mini=true&#038;title=Masivo%20compromiso%20de%20sector%20p%C3%BAblico%20logra%20constituir%20%C2%ABMesa%20por%20los%20Derechos%20de%20las%20Personas%20con%20Discapacidad%C2%BB&#038;url=https:\/\/radiorevelacionfm.cl\/?p=41767' aria-hidden='false' data-av_icon='\ue8fc' data-av_iconfont='entypo-fontello' title='' data-avia-related-tooltip='Compartir en LinkedIn' rel=\"noopener\"><span class='avia_hidden_link_text'>Compartir en LinkedIn<\/span><\/a><\/li><li class='av-share-link av-social-link-mail' ><a  aria-label=\"Compartir por correo\" href='mailto:?subject=Masivo%20compromiso%20de%20sector%20p%C3%BAblico%20logra%20constituir%20%C2%ABMesa%20por%20los%20Derechos%20de%20las%20Personas%20con%20Discapacidad%C2%BB&#038;body=https:\/\/radiorevelacionfm.cl\/?p=41767' aria-hidden='false' data-av_icon='\ue805' data-av_iconfont='entypo-fontello' title='' data-avia-related-tooltip='Compartir por correo'><span class='avia_hidden_link_text'>Compartir por correo<\/span><\/a><\/li><\/ul><\/div><\/div>\n<div  style='height:50px' class='hr hr-invisible   avia-builder-el-8  el_after_av_social_share  el_before_av_comments_list '><span class='hr-inner ' ><span class='hr-inner-style'><\/span><\/span><\/div>\n<div  class='av-buildercomment  av-blog-meta-html-info-disabled av-blog-meta-tag-disabled  '><\/div>\n","protected":false},"excerpt":{"rendered":"","protected":false},"author":1,"featured_media":41768,"comment_status":"open","ping_status":"open","sticky":false,"template":"","format":"standard","meta":{"footnotes":""},"categories":[38],"tags":[],"class_list":["post-41767","post","type-post","status-publish","format-standard","has-post-thumbnail","hentry","category-regional"],"jetpack_featured_media_url":"https:\/\/radiorevelacionfm.cl\/wp-content\/uploads\/2024\/04\/mesa-1-1_optimized-1.jpeg","_links":{"self":[{"href":"https:\/\/radiorevelacionfm.cl\/index.php?rest_route=\/wp\/v2\/posts\/41767","targetHints":{"allow":["GET"]}}],"collection":[{"href":"https:\/\/radiorevelacionfm.cl\/index.php?rest_route=\/wp\/v2\/posts"}],"about":[{"href":"https:\/\/radiorevelacionfm.cl\/index.php?rest_route=\/wp\/v2\/types\/post"}],"author":[{"embeddable":true,"href":"https:\/\/radiorevelacionfm.cl\/index.php?rest_route=\/wp\/v2\/users\/1"}],"replies":[{"embeddable":true,"href":"https:\/\/radiorevelacionfm.cl\/index.php?rest_route=%2Fwp%2Fv2%2Fcomments&post=41767"}],"version-history":[{"count":1,"href":"https:\/\/radiorevelacionfm.cl\/index.php?rest_route=\/wp\/v2\/posts\/41767\/revisions"}],"predecessor-version":[{"id":41769,"href":"https:\/\/radiorevelacionfm.cl\/index.php?rest_route=\/wp\/v2\/posts\/41767\/revisions\/41769"}],"wp:featuredmedia":[{"embeddable":true,"href":"https:\/\/radiorevelacionfm.cl\/index.php?rest_route=\/wp\/v2\/media\/41768"}],"wp:attachment":[{"href":"https:\/\/radiorevelacionfm.cl\/index.php?rest_route=%2Fwp%2Fv2%2Fmedia&parent=41767"}],"wp:term":[{"taxonomy":"category","embeddable":true,"href":"https:\/\/radiorevelacionfm.cl\/index.php?rest_route=%2Fwp%2Fv2%2Fcategories&post=41767"},{"taxonomy":"post_tag","embeddable":true,"href":"https:\/\/radiorevelacionfm.cl\/index.php?rest_route=%2Fwp%2Fv2%2Ftags&post=41767"}],"curies":[{"name":"wp","href":"https:\/\/api.w.org\/{rel}","templated":true}]}}