{"id":41762,"date":"2024-04-29T18:49:26","date_gmt":"2024-04-29T21:49:26","guid":{"rendered":"https:\/\/radiorevelacionfm.cl\/?p=41762"},"modified":"2024-04-29T18:54:38","modified_gmt":"2024-04-29T21:54:38","slug":"en-prision-preventiva-imputado-que-ingreso-a-robar-a-una-vivienda-y-fue-reducido-por-el-dueno-de-casa","status":"publish","type":"post","link":"https:\/\/radiorevelacionfm.cl\/?p=41762","title":{"rendered":"En prisi\u00f3n preventiva imputado que ingres\u00f3 a robar a una vivienda y fue reducido por el due\u00f1o de casa"},"content":{"rendered":"<div class=\"flex_column av_one_full  flex_column_div av-zero-column-padding first  avia-builder-el-0  el_before_av_one_full  avia-builder-el-first  \" style='border-radius:0px; '><div  class='avia-image-container  av-styling-    avia-builder-el-1  avia-builder-el-no-sibling  avia-align-center '  itemprop=\"image\" itemscope=\"itemscope\" itemtype=\"https:\/\/schema.org\/ImageObject\"  ><div class='avia-image-container-inner'><div class='avia-image-overlay-wrap'><img decoding=\"async\" class='wp-image-41765 avia-img-lazy-loading-not-41765 avia_image' src=\"https:\/\/radiorevelacionfm.cl\/wp-content\/uploads\/2024\/04\/detenido_referencial_optimized-1.jpg\" alt='' title='detenido_referencial_optimized (1)' height=\"600\" width=\"800\"  itemprop=\"thumbnailUrl\" srcset=\"https:\/\/radiorevelacionfm.cl\/wp-content\/uploads\/2024\/04\/detenido_referencial_optimized-1.jpg 800w, https:\/\/radiorevelacionfm.cl\/wp-content\/uploads\/2024\/04\/detenido_referencial_optimized-1-300x225.jpg 300w, https:\/\/radiorevelacionfm.cl\/wp-content\/uploads\/2024\/04\/detenido_referencial_optimized-1-768x576.jpg 768w, https:\/\/radiorevelacionfm.cl\/wp-content\/uploads\/2024\/04\/detenido_referencial_optimized-1-705x529.jpg 705w, https:\/\/radiorevelacionfm.cl\/wp-content\/uploads\/2024\/04\/detenido_referencial_optimized-1-450x338.jpg 450w, https:\/\/radiorevelacionfm.cl\/wp-content\/uploads\/2024\/04\/detenido_referencial_optimized-1-600x450.jpg 600w\" sizes=\"(max-width: 800px) 100vw, 800px\" \/><\/div><\/div><\/div><\/div><div class=\"flex_column av_one_full  flex_column_div av-zero-column-padding first  avia-builder-el-2  el_after_av_one_full  el_before_av_one_full  column-top-margin\" style='border-radius:0px; '><section class=\"av_textblock_section \"  itemscope=\"itemscope\" itemtype=\"https:\/\/schema.org\/BlogPosting\" itemprop=\"blogPost\" ><div class='avia_textblock  '   itemprop=\"text\" ><p style=\"text-align: center;\"><span style=\"font-size: 18pt;\"><b>En prisi\u00f3n preventiva imputado que ingres\u00f3 a robar a una vivienda y fue reducido por el due\u00f1o de casa<\/b><\/span><\/p>\n<div id=\"gtx-trans\" style=\"position: absolute; left: -50px; top: 4.31534px;\">\n<div class=\"gtx-trans-icon\"><\/div>\n<\/div>\n<\/div><\/section><\/div><\/p>\n<div class=\"flex_column av_one_full  flex_column_div av-zero-column-padding first  avia-builder-el-4  el_after_av_one_full  el_before_av_hr  column-top-margin\" style='border-radius:0px; '><section class=\"av_textblock_section \"  itemscope=\"itemscope\" itemtype=\"https:\/\/schema.org\/BlogPosting\" itemprop=\"blogPost\" ><div class='avia_textblock  '   itemprop=\"text\" ><p style=\"font-weight: 400; text-align: justify;\">\u201cProducto del forcejeo para lograr reducirlo, la due\u00f1a de casa result\u00f3 con lesiones de car\u00e1cter grave, con una fractura de uno de sus dedos\u201d, explic\u00f3 el fiscal Luis Contreras.<\/p>\n<p style=\"font-weight: 400; text-align: justify;\">Como parte de una investigaci\u00f3n dirigida por la Fiscal\u00eda Local de Coyhaique, fue formalizado y puesto en prisi\u00f3n preventiva un imputado de 35 a\u00f1os, como autor del delito de robo con violencia frustrado causando lesiones graves, hecho ocurrido el 27 de abril, seg\u00fan explic\u00f3 el fiscal Luis Contreras.<\/p>\n<p style=\"font-weight: 400; text-align: justify;\">\u201cEn la madrugada de este s\u00e1bado 27 de abril, una persona de aproximadamente 35 a\u00f1os de edad, ingres\u00f3 sin conocimiento ni la autorizaci\u00f3n de sus propietarios a un domicilio de calle Los Molles. Salt\u00f3 un cerco perimetral, procedi\u00f3 a intentar forzar ambas puertas, la principal y la que da al patio y posteriormente fue reducido por el due\u00f1o de casa, en el momento en que esta persona acopiaba especies en el medio del patio\u201d, dijo el persecutor penal.<\/p>\n<p style=\"font-weight: 400; text-align: justify;\">\u201cLamentablemente,\u00a0producto del forcejeo para lograr reducirlo, la due\u00f1a de casa result\u00f3 con lesiones de car\u00e1cter grave, con una fractura de uno de sus dedos. Esta persona (el imputado) fue detenido por personal de Carabineros, posteriormente fue pasado a control detenci\u00f3n y se ampli\u00f3 su detenci\u00f3n hasta hoy\u201d, a\u00f1adi\u00f3 Luis Contreras.<\/p>\n<p style=\"font-weight: 400; text-align: justify;\">Sobre esta investigaci\u00f3n, el fiscal del Ministerio P\u00fablico agreg\u00f3 que \u201cse formaliz\u00f3 por el delito de robo con violencia, puesto que dentro de las acciones que se investigaron estaba el intento de sustracci\u00f3n de especies y adem\u00e1s el hecho de que una de las v\u00edctimas result\u00f3 con lesiones de car\u00e1cter grave\u201d.<\/p>\n<p style=\"font-weight: 400; text-align: justify;\">Finalmente, el abogado detall\u00f3 que \u201csin perjuicio de que el Tribunal no dio por acreditada la tesis del Ministerio P\u00fablico por robo, calific\u00f3 los hechos como otro delito, sin embargo, igualmente decret\u00f3 la prisi\u00f3n preventiva de esta persona. Se otorg\u00f3 un plazo investigaci\u00f3n de 90 d\u00edas para el t\u00e9rmino de las diligencias\u201d.<\/p>\n<\/div><\/section><\/div>\n<div  style='height:50px' class='hr hr-invisible   avia-builder-el-6  el_after_av_one_full  el_before_av_social_share '><span class='hr-inner ' ><span class='hr-inner-style'><\/span><\/span><\/div>\n<div  class='av-social-sharing-box  avia-builder-el-7  el_after_av_hr  el_before_av_hr  '><div class='av-share-box'><h5 class='av-share-link-description av-no-toc '>Compartir esta noticia<\/h5><ul class='av-share-box-list noLightbox'><li class='av-share-link av-social-link-facebook' ><a target=\"_blank\" aria-label=\"Compartir en Facebook\" href='https:\/\/www.facebook.com\/sharer.php?u=https:\/\/radiorevelacionfm.cl\/?p=41762&#038;t=En%20prisi%C3%B3n%20preventiva%20imputado%20que%20ingres%C3%B3%20a%20robar%20a%20una%20vivienda%20y%20fue%20reducido%20por%20el%20due%C3%B1o%20de%20casa' aria-hidden='false' data-av_icon='\ue8f3' data-av_iconfont='entypo-fontello' title='' data-avia-related-tooltip='Compartir en Facebook' rel=\"noopener\"><span class='avia_hidden_link_text'>Compartir en Facebook<\/span><\/a><\/li><li class='av-share-link av-social-link-twitter' ><a target=\"_blank\" aria-label=\"Compartir en Twitter\" href='https:\/\/twitter.com\/share?text=En%20prisi%C3%B3n%20preventiva%20imputado%20que%20ingres%C3%B3%20a%20robar%20a%20una%20vivienda%20y%20fue%20reducido%20por%20el%20due%C3%B1o%20de%20casa&#038;url=https:\/\/radiorevelacionfm.cl\/?p=41762' aria-hidden='false' data-av_icon='\ue8f1' data-av_iconfont='entypo-fontello' title='' data-avia-related-tooltip='Compartir en Twitter' rel=\"noopener\"><span class='avia_hidden_link_text'>Compartir en Twitter<\/span><\/a><\/li><li class='av-share-link av-social-link-whatsapp' ><a target=\"_blank\" aria-label=\"Compartir en Whatsapp\" href='https:\/\/api.whatsapp.com\/send?text=https:\/\/radiorevelacionfm.cl\/?p=41762' aria-hidden='false' data-av_icon='\uf232' data-av_iconfont='entypo-fontello' title='' data-avia-related-tooltip='Compartir en Whatsapp' rel=\"noopener\"><span class='avia_hidden_link_text'>Compartir en Whatsapp<\/span><\/a><\/li><li class='av-share-link av-social-link-linkedin' ><a target=\"_blank\" aria-label=\"Compartir en LinkedIn\" href='https:\/\/linkedin.com\/shareArticle?mini=true&#038;title=En%20prisi%C3%B3n%20preventiva%20imputado%20que%20ingres%C3%B3%20a%20robar%20a%20una%20vivienda%20y%20fue%20reducido%20por%20el%20due%C3%B1o%20de%20casa&#038;url=https:\/\/radiorevelacionfm.cl\/?p=41762' aria-hidden='false' data-av_icon='\ue8fc' data-av_iconfont='entypo-fontello' title='' data-avia-related-tooltip='Compartir en LinkedIn' rel=\"noopener\"><span class='avia_hidden_link_text'>Compartir en LinkedIn<\/span><\/a><\/li><li class='av-share-link av-social-link-mail' ><a  aria-label=\"Compartir por correo\" href='mailto:?subject=En%20prisi%C3%B3n%20preventiva%20imputado%20que%20ingres%C3%B3%20a%20robar%20a%20una%20vivienda%20y%20fue%20reducido%20por%20el%20due%C3%B1o%20de%20casa&#038;body=https:\/\/radiorevelacionfm.cl\/?p=41762' aria-hidden='false' data-av_icon='\ue805' data-av_iconfont='entypo-fontello' title='' data-avia-related-tooltip='Compartir por correo'><span class='avia_hidden_link_text'>Compartir por correo<\/span><\/a><\/li><\/ul><\/div><\/div>\n<div  style='height:50px' class='hr hr-invisible   avia-builder-el-8  el_after_av_social_share  el_before_av_comments_list '><span class='hr-inner ' ><span class='hr-inner-style'><\/span><\/span><\/div>\n<div  class='av-buildercomment  av-blog-meta-html-info-disabled av-blog-meta-tag-disabled  '><\/div>\n","protected":false},"excerpt":{"rendered":"","protected":false},"author":1,"featured_media":41765,"comment_status":"open","ping_status":"open","sticky":false,"template":"","format":"standard","meta":{"footnotes":""},"categories":[55],"tags":[],"class_list":["post-41762","post","type-post","status-publish","format-standard","has-post-thumbnail","hentry","category-justicia"],"jetpack_featured_media_url":"https:\/\/radiorevelacionfm.cl\/wp-content\/uploads\/2024\/04\/detenido_referencial_optimized-1.jpg","_links":{"self":[{"href":"https:\/\/radiorevelacionfm.cl\/index.php?rest_route=\/wp\/v2\/posts\/41762","targetHints":{"allow":["GET"]}}],"collection":[{"href":"https:\/\/radiorevelacionfm.cl\/index.php?rest_route=\/wp\/v2\/posts"}],"about":[{"href":"https:\/\/radiorevelacionfm.cl\/index.php?rest_route=\/wp\/v2\/types\/post"}],"author":[{"embeddable":true,"href":"https:\/\/radiorevelacionfm.cl\/index.php?rest_route=\/wp\/v2\/users\/1"}],"replies":[{"embeddable":true,"href":"https:\/\/radiorevelacionfm.cl\/index.php?rest_route=%2Fwp%2Fv2%2Fcomments&post=41762"}],"version-history":[{"count":2,"href":"https:\/\/radiorevelacionfm.cl\/index.php?rest_route=\/wp\/v2\/posts\/41762\/revisions"}],"predecessor-version":[{"id":41766,"href":"https:\/\/radiorevelacionfm.cl\/index.php?rest_route=\/wp\/v2\/posts\/41762\/revisions\/41766"}],"wp:featuredmedia":[{"embeddable":true,"href":"https:\/\/radiorevelacionfm.cl\/index.php?rest_route=\/wp\/v2\/media\/41765"}],"wp:attachment":[{"href":"https:\/\/radiorevelacionfm.cl\/index.php?rest_route=%2Fwp%2Fv2%2Fmedia&parent=41762"}],"wp:term":[{"taxonomy":"category","embeddable":true,"href":"https:\/\/radiorevelacionfm.cl\/index.php?rest_route=%2Fwp%2Fv2%2Fcategories&post=41762"},{"taxonomy":"post_tag","embeddable":true,"href":"https:\/\/radiorevelacionfm.cl\/index.php?rest_route=%2Fwp%2Fv2%2Ftags&post=41762"}],"curies":[{"name":"wp","href":"https:\/\/api.w.org\/{rel}","templated":true}]}}