{"id":41759,"date":"2024-04-29T21:39:14","date_gmt":"2024-04-30T00:39:14","guid":{"rendered":"https:\/\/radiorevelacionfm.cl\/?p=41759"},"modified":"2024-04-29T21:39:14","modified_gmt":"2024-04-30T00:39:14","slug":"crecen-exportaciones-de-cerezas-y-de-salmon-de-aysen-en-el-primer-trimestre-del-2024","status":"publish","type":"post","link":"https:\/\/radiorevelacionfm.cl\/?p=41759","title":{"rendered":"Crecen exportaciones de cerezas y de salm\u00f3n de Ays\u00e9n en el primer trimestre del 2024"},"content":{"rendered":"<div class=\"flex_column av_one_full  flex_column_div av-zero-column-padding first  avia-builder-el-0  el_before_av_one_full  avia-builder-el-first  \" style='border-radius:0px; '><div  class='avia-image-container  av-styling-    avia-builder-el-1  avia-builder-el-no-sibling  avia-align-center '  itemprop=\"image\" itemscope=\"itemscope\" itemtype=\"https:\/\/schema.org\/ImageObject\"  ><div class='avia-image-container-inner'><div class='avia-image-overlay-wrap'><img decoding=\"async\" class='wp-image-41760 avia-img-lazy-loading-not-41760 avia_image' src=\"https:\/\/radiorevelacionfm.cl\/wp-content\/uploads\/2024\/04\/Copia-Exportacion-1-1.jpg\" alt='' title='Copia Exportacion (1) (1)' height=\"600\" width=\"808\"  itemprop=\"thumbnailUrl\" srcset=\"https:\/\/radiorevelacionfm.cl\/wp-content\/uploads\/2024\/04\/Copia-Exportacion-1-1.jpg 808w, https:\/\/radiorevelacionfm.cl\/wp-content\/uploads\/2024\/04\/Copia-Exportacion-1-1-300x223.jpg 300w, https:\/\/radiorevelacionfm.cl\/wp-content\/uploads\/2024\/04\/Copia-Exportacion-1-1-768x570.jpg 768w, https:\/\/radiorevelacionfm.cl\/wp-content\/uploads\/2024\/04\/Copia-Exportacion-1-1-705x524.jpg 705w, https:\/\/radiorevelacionfm.cl\/wp-content\/uploads\/2024\/04\/Copia-Exportacion-1-1-450x334.jpg 450w, https:\/\/radiorevelacionfm.cl\/wp-content\/uploads\/2024\/04\/Copia-Exportacion-1-1-600x446.jpg 600w\" sizes=\"(max-width: 808px) 100vw, 808px\" \/><\/div><\/div><\/div><\/div><div class=\"flex_column av_one_full  flex_column_div av-zero-column-padding first  avia-builder-el-2  el_after_av_one_full  el_before_av_one_full  column-top-margin\" style='border-radius:0px; '><section class=\"av_textblock_section \"  itemscope=\"itemscope\" itemtype=\"https:\/\/schema.org\/BlogPosting\" itemprop=\"blogPost\" ><div class='avia_textblock  '   itemprop=\"text\" ><p style=\"text-align: center;\"><strong><span style=\"font-size: 18pt;\">Crecen exportaciones de cerezas y de salm\u00f3n de Ays\u00e9n en el primer trimestre del 2024<\/span><\/strong><\/p>\n<div id=\"gtx-trans\" style=\"position: absolute; left: -50px; top: 4.31534px;\">\n<div class=\"gtx-trans-icon\"><\/div>\n<\/div>\n<\/div><\/section><\/div><div class=\"flex_column av_one_full  flex_column_div av-zero-column-padding first  avia-builder-el-4  el_after_av_one_full  el_before_av_hr  column-top-margin\" style='border-radius:0px; '><section class=\"av_textblock_section \"  itemscope=\"itemscope\" itemtype=\"https:\/\/schema.org\/BlogPosting\" itemprop=\"blogPost\" ><div class='avia_textblock  '   itemprop=\"text\" ><p style=\"text-align: justify;\">Las exportaciones de la Regi\u00f3n de Ays\u00e9n durante el primer trimestre alcanzaron los US$ 60 millones, siendo los principales productos enviados al exterior el salm\u00f3n y trucha, las cerezas frescas, pescados blancos como merluza austral y flores, como peon\u00edas.<\/p>\n<p style=\"text-align: justify;\">La informaci\u00f3n la entreg\u00f3 el director regional de ProChile en Ays\u00e9n, Jaime Poblete, quien explic\u00f3 que los env\u00edos de salm\u00f3n y trucha se mantuvieron estables y con buenos precios, con respecto al mismo per\u00edodo del a\u00f1o anterior, siendo los principales mercados destino Estados Unidos y Brasil.<\/p>\n<p style=\"text-align: justify;\">En el caso de las cerezas frescas, que corresponden a este tipo de frutas m\u00e1s australes que se producen en el mundo, espec\u00edficamente en la localidad de Chile Chico, los retornos fueron muy buenos. \u201cTuvimos una temporada r\u00e9cord para la cereza de Ays\u00e9n, con una buena calidad del producto y una alta demanda internacional.<\/p>\n<p style=\"text-align: justify;\">A diferencia de las cerezas del resto de Chile, que se env\u00edan casi exclusivamente a China, el principal comprador de las cerezas de Ays\u00e9n es Reino Unido, seguido por China y Corea del sur. \u201cSe trata de una diferencia interesante, porque las frutas de Chile Chico tienen una caracter\u00edstica especial y que est\u00e1 siendo apreciada por el mercado brit\u00e1nico\u201d, afirm\u00f3 Poblete.<\/p>\n<p style=\"text-align: justify;\">Respecto a los env\u00edos de merluzas, as\u00ed como de otros productos de \u201cpesca blanca\u201d, estos van principalmente a Espa\u00f1a, Brasil y Estados Unidos, donde por su calidad son preferidos en el mercado de hoteles, restaurantes y catering (HORECA).<\/p>\n<p style=\"text-align: justify;\">El director regional de ProChile destac\u00f3 que en el sector agr\u00edcola tambi\u00e9n han tenido un buen inicio de a\u00f1o la exportaci\u00f3n de flores, espec\u00edficamente de peon\u00edas, las que se env\u00edan principalmente a Holanda, desde son distribuidas al resto del mercado europeo. \u201cHace cinco a\u00f1os que tenemos exportaciones de peon\u00edas desde Ays\u00e9n, lo que ha generado una interesante alternativa para el sector agr\u00edcola local.<\/p>\n<p style=\"text-align: justify;\">Jaime Poblete explic\u00f3 que la regi\u00f3n tambi\u00e9n exporta minerales, espec\u00edficamente concentrados de zinc, que se extrae en una mina subterr\u00e1nea polimet\u00e1lica, que tambi\u00e9n produce plomo, oro y plata.<\/p>\n<p style=\"text-align: justify;\">Finalmente, Poblete invit\u00f3 a las empresas regionales interesadas en comenzar a exportar o que, si lo hacen, a\u00fan no trabajan con ProChile, a acercarse a las oficinas regionales ubicadas en Pedro Aguirre Cerda 231 en Coyhaique, donde un ejecutivo los asesorar\u00e1 y responder\u00e1 todas sus dudas.<\/p>\n<\/div><\/section><\/div><div  style='height:50px' class='hr hr-invisible   avia-builder-el-6  el_after_av_one_full  el_before_av_social_share '><span class='hr-inner ' ><span class='hr-inner-style'><\/span><\/span><\/div><\/p>\n<div  class='av-social-sharing-box  avia-builder-el-7  el_after_av_hr  el_before_av_hr  '><div class='av-share-box'><h5 class='av-share-link-description av-no-toc '>Compartir esta noticia<\/h5><ul class='av-share-box-list noLightbox'><li class='av-share-link av-social-link-facebook' ><a target=\"_blank\" aria-label=\"Compartir en Facebook\" href='https:\/\/www.facebook.com\/sharer.php?u=https:\/\/radiorevelacionfm.cl\/?p=41759&#038;t=Crecen%20exportaciones%20de%20cerezas%20y%20de%20salm%C3%B3n%20de%20Ays%C3%A9n%20en%20el%20primer%20trimestre%20del%202024' aria-hidden='false' data-av_icon='\ue8f3' data-av_iconfont='entypo-fontello' title='' data-avia-related-tooltip='Compartir en Facebook' rel=\"noopener\"><span class='avia_hidden_link_text'>Compartir en Facebook<\/span><\/a><\/li><li class='av-share-link av-social-link-twitter' ><a target=\"_blank\" aria-label=\"Compartir en Twitter\" href='https:\/\/twitter.com\/share?text=Crecen%20exportaciones%20de%20cerezas%20y%20de%20salm%C3%B3n%20de%20Ays%C3%A9n%20en%20el%20primer%20trimestre%20del%202024&#038;url=https:\/\/radiorevelacionfm.cl\/?p=41759' aria-hidden='false' data-av_icon='\ue8f1' data-av_iconfont='entypo-fontello' title='' data-avia-related-tooltip='Compartir en Twitter' rel=\"noopener\"><span class='avia_hidden_link_text'>Compartir en Twitter<\/span><\/a><\/li><li class='av-share-link av-social-link-whatsapp' ><a target=\"_blank\" aria-label=\"Compartir en Whatsapp\" href='https:\/\/api.whatsapp.com\/send?text=https:\/\/radiorevelacionfm.cl\/?p=41759' aria-hidden='false' data-av_icon='\uf232' data-av_iconfont='entypo-fontello' title='' data-avia-related-tooltip='Compartir en Whatsapp' rel=\"noopener\"><span class='avia_hidden_link_text'>Compartir en Whatsapp<\/span><\/a><\/li><li class='av-share-link av-social-link-linkedin' ><a target=\"_blank\" aria-label=\"Compartir en LinkedIn\" href='https:\/\/linkedin.com\/shareArticle?mini=true&#038;title=Crecen%20exportaciones%20de%20cerezas%20y%20de%20salm%C3%B3n%20de%20Ays%C3%A9n%20en%20el%20primer%20trimestre%20del%202024&#038;url=https:\/\/radiorevelacionfm.cl\/?p=41759' aria-hidden='false' data-av_icon='\ue8fc' data-av_iconfont='entypo-fontello' title='' data-avia-related-tooltip='Compartir en LinkedIn' rel=\"noopener\"><span class='avia_hidden_link_text'>Compartir en LinkedIn<\/span><\/a><\/li><li class='av-share-link av-social-link-mail' ><a  aria-label=\"Compartir por correo\" href='mailto:?subject=Crecen%20exportaciones%20de%20cerezas%20y%20de%20salm%C3%B3n%20de%20Ays%C3%A9n%20en%20el%20primer%20trimestre%20del%202024&#038;body=https:\/\/radiorevelacionfm.cl\/?p=41759' aria-hidden='false' data-av_icon='\ue805' data-av_iconfont='entypo-fontello' title='' data-avia-related-tooltip='Compartir por correo'><span class='avia_hidden_link_text'>Compartir por correo<\/span><\/a><\/li><\/ul><\/div><\/div>\n<div  style='height:50px' class='hr hr-invisible   avia-builder-el-8  el_after_av_social_share  el_before_av_comments_list '><span class='hr-inner ' ><span class='hr-inner-style'><\/span><\/span><\/div>\n<div  class='av-buildercomment  av-blog-meta-html-info-disabled av-blog-meta-tag-disabled  '><\/div>\n","protected":false},"excerpt":{"rendered":"","protected":false},"author":1,"featured_media":41760,"comment_status":"open","ping_status":"open","sticky":false,"template":"","format":"standard","meta":{"footnotes":""},"categories":[38],"tags":[],"class_list":["post-41759","post","type-post","status-publish","format-standard","has-post-thumbnail","hentry","category-regional"],"jetpack_featured_media_url":"https:\/\/radiorevelacionfm.cl\/wp-content\/uploads\/2024\/04\/Copia-Exportacion-1-1.jpg","_links":{"self":[{"href":"https:\/\/radiorevelacionfm.cl\/index.php?rest_route=\/wp\/v2\/posts\/41759","targetHints":{"allow":["GET"]}}],"collection":[{"href":"https:\/\/radiorevelacionfm.cl\/index.php?rest_route=\/wp\/v2\/posts"}],"about":[{"href":"https:\/\/radiorevelacionfm.cl\/index.php?rest_route=\/wp\/v2\/types\/post"}],"author":[{"embeddable":true,"href":"https:\/\/radiorevelacionfm.cl\/index.php?rest_route=\/wp\/v2\/users\/1"}],"replies":[{"embeddable":true,"href":"https:\/\/radiorevelacionfm.cl\/index.php?rest_route=%2Fwp%2Fv2%2Fcomments&post=41759"}],"version-history":[{"count":1,"href":"https:\/\/radiorevelacionfm.cl\/index.php?rest_route=\/wp\/v2\/posts\/41759\/revisions"}],"predecessor-version":[{"id":41761,"href":"https:\/\/radiorevelacionfm.cl\/index.php?rest_route=\/wp\/v2\/posts\/41759\/revisions\/41761"}],"wp:featuredmedia":[{"embeddable":true,"href":"https:\/\/radiorevelacionfm.cl\/index.php?rest_route=\/wp\/v2\/media\/41760"}],"wp:attachment":[{"href":"https:\/\/radiorevelacionfm.cl\/index.php?rest_route=%2Fwp%2Fv2%2Fmedia&parent=41759"}],"wp:term":[{"taxonomy":"category","embeddable":true,"href":"https:\/\/radiorevelacionfm.cl\/index.php?rest_route=%2Fwp%2Fv2%2Fcategories&post=41759"},{"taxonomy":"post_tag","embeddable":true,"href":"https:\/\/radiorevelacionfm.cl\/index.php?rest_route=%2Fwp%2Fv2%2Ftags&post=41759"}],"curies":[{"name":"wp","href":"https:\/\/api.w.org\/{rel}","templated":true}]}}