{"id":41756,"date":"2024-05-02T13:07:36","date_gmt":"2024-05-02T16:07:36","guid":{"rendered":"https:\/\/radiorevelacionfm.cl\/?p=41756"},"modified":"2024-05-02T13:07:36","modified_gmt":"2024-05-02T16:07:36","slug":"ya-esta-disponible-el-informe-de-cuenta-publica-participativa-del-minciencia","status":"publish","type":"post","link":"https:\/\/radiorevelacionfm.cl\/?p=41756","title":{"rendered":"Ya est\u00e1 disponible el informe de Cuenta P\u00fablica Participativa del MinCiencia"},"content":{"rendered":"<div class=\"flex_column av_one_full  flex_column_div av-zero-column-padding first  avia-builder-el-0  el_before_av_one_full  avia-builder-el-first  \" style='border-radius:0px; '><div  class='avia-image-container  av-styling-    avia-builder-el-1  avia-builder-el-no-sibling  avia-align-center '  itemprop=\"image\" itemscope=\"itemscope\" itemtype=\"https:\/\/schema.org\/ImageObject\"  ><div class='avia-image-container-inner'><div class='avia-image-overlay-wrap'><img decoding=\"async\" class='wp-image-41757 avia-img-lazy-loading-not-41757 avia_image' src=\"https:\/\/radiorevelacionfm.cl\/wp-content\/uploads\/2024\/04\/cta-publica-1_optimized.jpg\" alt='' title='cta-publica-(1)_optimized' height=\"600\" width=\"1149\"  itemprop=\"thumbnailUrl\" srcset=\"https:\/\/radiorevelacionfm.cl\/wp-content\/uploads\/2024\/04\/cta-publica-1_optimized.jpg 1149w, https:\/\/radiorevelacionfm.cl\/wp-content\/uploads\/2024\/04\/cta-publica-1_optimized-300x157.jpg 300w, https:\/\/radiorevelacionfm.cl\/wp-content\/uploads\/2024\/04\/cta-publica-1_optimized-1030x538.jpg 1030w, https:\/\/radiorevelacionfm.cl\/wp-content\/uploads\/2024\/04\/cta-publica-1_optimized-768x401.jpg 768w, https:\/\/radiorevelacionfm.cl\/wp-content\/uploads\/2024\/04\/cta-publica-1_optimized-705x368.jpg 705w, https:\/\/radiorevelacionfm.cl\/wp-content\/uploads\/2024\/04\/cta-publica-1_optimized-450x235.jpg 450w, https:\/\/radiorevelacionfm.cl\/wp-content\/uploads\/2024\/04\/cta-publica-1_optimized-600x313.jpg 600w\" sizes=\"(max-width: 1149px) 100vw, 1149px\" \/><\/div><\/div><\/div><\/div><div class=\"flex_column av_one_full  flex_column_div av-zero-column-padding first  avia-builder-el-2  el_after_av_one_full  el_before_av_one_full  column-top-margin\" style='border-radius:0px; '><section class=\"av_textblock_section \"  itemscope=\"itemscope\" itemtype=\"https:\/\/schema.org\/BlogPosting\" itemprop=\"blogPost\" ><div class='avia_textblock  '   itemprop=\"text\" ><p style=\"text-align: center;\"><strong><span style=\"font-size: 18pt;\">Ya est\u00e1 disponible el informe de Cuenta P\u00fablica Participativa del MinCiencia<\/span><\/strong><\/p>\n<div id=\"gtx-trans\" style=\"position: absolute; left: -50px; top: 4.31534px;\">\n<div class=\"gtx-trans-icon\"><\/div>\n<\/div>\n<\/div><\/section><\/div><div class=\"flex_column av_one_full  flex_column_div av-zero-column-padding first  avia-builder-el-4  el_after_av_one_full  el_before_av_hr  column-top-margin\" style='border-radius:0px; '><section class=\"av_textblock_section \"  itemscope=\"itemscope\" itemtype=\"https:\/\/schema.org\/BlogPosting\" itemprop=\"blogPost\" ><div class='avia_textblock  '   itemprop=\"text\" ><p class=\"v1MsoNormal\" style=\"text-align: justify;\"><i>Hasta el 11 de mayo las personas interesadas podr\u00e1n enviar sus comentarios sobre el documento completando el formulario disponible en\u00a0<\/i><a href=\"https:\/\/tinyurl.com\/4rf3d2am\" target=\"_blank\" rel=\"noopener noreferrer\"><i>https:\/\/tinyurl.com\/4rf3d2am<\/i><\/a><\/p>\n<p class=\"v1MsoNormal\" style=\"text-align: justify;\">La seremi de Ciencia, Ver\u00f3nica Vallejos, invita a la comunidad a revisar el informe de Cuenta P\u00fablica Participativa y ser parte de este proceso enviando sus opiniones, las que ser\u00e1n consideradas en el documento final que ser\u00e1 presentado a finales de mayo.<\/p>\n<p class=\"v1MsoNormal\" style=\"text-align: justify;\">\u00abQuiero invitar a las personas a ser parte de este proceso, que es una instancia para generar di\u00e1logo e intercambio de opiniones entre las instituciones p\u00fablicas y la sociedad civil\u00bb, indic\u00f3 la autoridad, quien agreg\u00f3 \u00abcomo ministerio estamos trabajando para que la ciencia y la tecnolog\u00eda tengan un rol protag\u00f3nico en el desarrollo sostenible del pa\u00eds, poniendo en el centro la sostenibilidad de la vida, el cuidado de las personas y las comunidades\u00bb.<\/p>\n<p class=\"v1MsoNormal\" style=\"text-align: justify;\">En sus 38 p\u00e1ginas, el documento enumera las distintas iniciativas y acciones que el MinCiencia est\u00e1 ejecutando asociadas al desarrollo tecnol\u00f3gico; fomento a la investigaci\u00f3n, desarrollo e innovaci\u00f3n; fortalecimiento institucional; y rol articulador. \u00abHemos logrado avances significativos en la promoci\u00f3n del desarrollo y uso \u00e9tico de la inteligencia artificial. Tambi\u00e9n estamos postulando para que Chile sea miembro asociado del CERN, y estamos ejerciendo un rol clave en la promoci\u00f3n de leyes y pol\u00edticas nacionales, como la actualizaci\u00f3n de la Pol\u00edtica Nacional de CTCI, el fortalecimiento de institutos tecnol\u00f3gicos p\u00fablicos y de las instituciones de educaci\u00f3n superior en I+D+i, y fomentando los emprendimientos de base cient\u00edfica y tecnol\u00f3gica, como base para el desarrollo productivo, entre otras. Estos son grandes avances para el pa\u00eds, por eso queremos conocer la opini\u00f3n de las personas, que nos planteen sus dudas y eval\u00faen nuestra gesti\u00f3n\u00bb, explic\u00f3 la seremi de Ciencia.<\/p>\n<p class=\"v1MsoNormal\" style=\"text-align: justify;\">El informe tambi\u00e9n contempla los compromisos y proyecciones del MinCiencia para el 2024 \u2013 2025, donde se destacan el impulsar un desarrollo econ\u00f3mico sostenible y respetuoso con el medio ambiente; integrar los conocimientos de los pueblos originarios en el \u00e1mbito cient\u00edfico y tecnol\u00f3gico; y consolidar una visi\u00f3n com\u00fan sobre el rol de la CTCI en el desarrollo sostenible y bienestar del pa\u00eds.<\/p>\n<p class=\"v1MsoNormal\" style=\"text-align: justify;\">Quienes deseen participar de esta instancia podr\u00e1n hacerlo hasta el s\u00e1bado 11 de mayo. Para m\u00e1s informaci\u00f3n revisar el siguiente enlace\u00a0<a href=\"https:\/\/tinyurl.com\/4rf3d2am\" target=\"_blank\" rel=\"noopener noreferrer\">https:\/\/tinyurl.com\/4rf3d2am<\/a><\/p>\n<\/div><\/section><\/div><div  style='height:50px' class='hr hr-invisible   avia-builder-el-6  el_after_av_one_full  el_before_av_social_share '><span class='hr-inner ' ><span class='hr-inner-style'><\/span><\/span><\/div><\/p>\n<div  class='av-social-sharing-box  avia-builder-el-7  el_after_av_hr  el_before_av_hr  '><div class='av-share-box'><h5 class='av-share-link-description av-no-toc '>Compartir esta noticia<\/h5><ul class='av-share-box-list noLightbox'><li class='av-share-link av-social-link-facebook' ><a target=\"_blank\" aria-label=\"Compartir en Facebook\" href='https:\/\/www.facebook.com\/sharer.php?u=https:\/\/radiorevelacionfm.cl\/?p=41756&#038;t=Ya%20est%C3%A1%20disponible%20el%20informe%20de%20Cuenta%20P%C3%BAblica%20Participativa%20del%20MinCiencia' aria-hidden='false' data-av_icon='\ue8f3' data-av_iconfont='entypo-fontello' title='' data-avia-related-tooltip='Compartir en Facebook' rel=\"noopener\"><span class='avia_hidden_link_text'>Compartir en Facebook<\/span><\/a><\/li><li class='av-share-link av-social-link-twitter' ><a target=\"_blank\" aria-label=\"Compartir en Twitter\" href='https:\/\/twitter.com\/share?text=Ya%20est%C3%A1%20disponible%20el%20informe%20de%20Cuenta%20P%C3%BAblica%20Participativa%20del%20MinCiencia&#038;url=https:\/\/radiorevelacionfm.cl\/?p=41756' aria-hidden='false' data-av_icon='\ue8f1' data-av_iconfont='entypo-fontello' title='' data-avia-related-tooltip='Compartir en Twitter' rel=\"noopener\"><span class='avia_hidden_link_text'>Compartir en Twitter<\/span><\/a><\/li><li class='av-share-link av-social-link-whatsapp' ><a target=\"_blank\" aria-label=\"Compartir en Whatsapp\" href='https:\/\/api.whatsapp.com\/send?text=https:\/\/radiorevelacionfm.cl\/?p=41756' aria-hidden='false' data-av_icon='\uf232' data-av_iconfont='entypo-fontello' title='' data-avia-related-tooltip='Compartir en Whatsapp' rel=\"noopener\"><span class='avia_hidden_link_text'>Compartir en Whatsapp<\/span><\/a><\/li><li class='av-share-link av-social-link-linkedin' ><a target=\"_blank\" aria-label=\"Compartir en LinkedIn\" href='https:\/\/linkedin.com\/shareArticle?mini=true&#038;title=Ya%20est%C3%A1%20disponible%20el%20informe%20de%20Cuenta%20P%C3%BAblica%20Participativa%20del%20MinCiencia&#038;url=https:\/\/radiorevelacionfm.cl\/?p=41756' aria-hidden='false' data-av_icon='\ue8fc' data-av_iconfont='entypo-fontello' title='' data-avia-related-tooltip='Compartir en LinkedIn' rel=\"noopener\"><span class='avia_hidden_link_text'>Compartir en LinkedIn<\/span><\/a><\/li><li class='av-share-link av-social-link-mail' ><a  aria-label=\"Compartir por correo\" href='mailto:?subject=Ya%20est%C3%A1%20disponible%20el%20informe%20de%20Cuenta%20P%C3%BAblica%20Participativa%20del%20MinCiencia&#038;body=https:\/\/radiorevelacionfm.cl\/?p=41756' aria-hidden='false' data-av_icon='\ue805' data-av_iconfont='entypo-fontello' title='' data-avia-related-tooltip='Compartir por correo'><span class='avia_hidden_link_text'>Compartir por correo<\/span><\/a><\/li><\/ul><\/div><\/div>\n<div  style='height:50px' class='hr hr-invisible   avia-builder-el-8  el_after_av_social_share  el_before_av_comments_list '><span class='hr-inner ' ><span class='hr-inner-style'><\/span><\/span><\/div>\n<div  class='av-buildercomment  av-blog-meta-html-info-disabled av-blog-meta-tag-disabled  '><\/div>\n","protected":false},"excerpt":{"rendered":"","protected":false},"author":1,"featured_media":41757,"comment_status":"open","ping_status":"open","sticky":false,"template":"","format":"standard","meta":{"footnotes":""},"categories":[53],"tags":[],"class_list":["post-41756","post","type-post","status-publish","format-standard","has-post-thumbnail","hentry","category-ciencia"],"jetpack_featured_media_url":"https:\/\/radiorevelacionfm.cl\/wp-content\/uploads\/2024\/04\/cta-publica-1_optimized.jpg","_links":{"self":[{"href":"https:\/\/radiorevelacionfm.cl\/index.php?rest_route=\/wp\/v2\/posts\/41756","targetHints":{"allow":["GET"]}}],"collection":[{"href":"https:\/\/radiorevelacionfm.cl\/index.php?rest_route=\/wp\/v2\/posts"}],"about":[{"href":"https:\/\/radiorevelacionfm.cl\/index.php?rest_route=\/wp\/v2\/types\/post"}],"author":[{"embeddable":true,"href":"https:\/\/radiorevelacionfm.cl\/index.php?rest_route=\/wp\/v2\/users\/1"}],"replies":[{"embeddable":true,"href":"https:\/\/radiorevelacionfm.cl\/index.php?rest_route=%2Fwp%2Fv2%2Fcomments&post=41756"}],"version-history":[{"count":1,"href":"https:\/\/radiorevelacionfm.cl\/index.php?rest_route=\/wp\/v2\/posts\/41756\/revisions"}],"predecessor-version":[{"id":41758,"href":"https:\/\/radiorevelacionfm.cl\/index.php?rest_route=\/wp\/v2\/posts\/41756\/revisions\/41758"}],"wp:featuredmedia":[{"embeddable":true,"href":"https:\/\/radiorevelacionfm.cl\/index.php?rest_route=\/wp\/v2\/media\/41757"}],"wp:attachment":[{"href":"https:\/\/radiorevelacionfm.cl\/index.php?rest_route=%2Fwp%2Fv2%2Fmedia&parent=41756"}],"wp:term":[{"taxonomy":"category","embeddable":true,"href":"https:\/\/radiorevelacionfm.cl\/index.php?rest_route=%2Fwp%2Fv2%2Fcategories&post=41756"},{"taxonomy":"post_tag","embeddable":true,"href":"https:\/\/radiorevelacionfm.cl\/index.php?rest_route=%2Fwp%2Fv2%2Ftags&post=41756"}],"curies":[{"name":"wp","href":"https:\/\/api.w.org\/{rel}","templated":true}]}}