{"id":41753,"date":"2024-04-30T10:41:03","date_gmt":"2024-04-30T13:41:03","guid":{"rendered":"https:\/\/radiorevelacionfm.cl\/?p=41753"},"modified":"2024-04-30T10:41:03","modified_gmt":"2024-04-30T13:41:03","slug":"sec-recuerda-a-pacientes-electrodependientes-la-importancia-de-inscribirse-en-el-registro-oficial-para-acceder-a-beneficios","status":"publish","type":"post","link":"https:\/\/radiorevelacionfm.cl\/?p=41753","title":{"rendered":"SEC recuerda a pacientes electrodependientes la importancia de inscribirse en el registro oficial para acceder a beneficios"},"content":{"rendered":"<div class=\"flex_column av_one_full  flex_column_div av-zero-column-padding first  avia-builder-el-0  el_before_av_one_full  avia-builder-el-first  \" style='border-radius:0px; '><div  class='avia-image-container  av-styling-    avia-builder-el-1  avia-builder-el-no-sibling  avia-align-center '  itemprop=\"image\" itemscope=\"itemscope\" itemtype=\"https:\/\/schema.org\/ImageObject\"  ><div class='avia-image-container-inner'><div class='avia-image-overlay-wrap'><img decoding=\"async\" class='wp-image-41754 avia-img-lazy-loading-not-41754 avia_image' src=\"https:\/\/radiorevelacionfm.cl\/wp-content\/uploads\/2024\/04\/electrodependientes-1-1_optimized-1.jpg\" alt='' title='electrodependientes-(1)-(1)_optimized (1)' height=\"1144\" width=\"2000\"  itemprop=\"thumbnailUrl\" srcset=\"https:\/\/radiorevelacionfm.cl\/wp-content\/uploads\/2024\/04\/electrodependientes-1-1_optimized-1.jpg 2000w, https:\/\/radiorevelacionfm.cl\/wp-content\/uploads\/2024\/04\/electrodependientes-1-1_optimized-1-300x172.jpg 300w, https:\/\/radiorevelacionfm.cl\/wp-content\/uploads\/2024\/04\/electrodependientes-1-1_optimized-1-1030x589.jpg 1030w, https:\/\/radiorevelacionfm.cl\/wp-content\/uploads\/2024\/04\/electrodependientes-1-1_optimized-1-768x439.jpg 768w, https:\/\/radiorevelacionfm.cl\/wp-content\/uploads\/2024\/04\/electrodependientes-1-1_optimized-1-1536x879.jpg 1536w, https:\/\/radiorevelacionfm.cl\/wp-content\/uploads\/2024\/04\/electrodependientes-1-1_optimized-1-1500x858.jpg 1500w, https:\/\/radiorevelacionfm.cl\/wp-content\/uploads\/2024\/04\/electrodependientes-1-1_optimized-1-705x403.jpg 705w, https:\/\/radiorevelacionfm.cl\/wp-content\/uploads\/2024\/04\/electrodependientes-1-1_optimized-1-450x257.jpg 450w, https:\/\/radiorevelacionfm.cl\/wp-content\/uploads\/2024\/04\/electrodependientes-1-1_optimized-1-600x343.jpg 600w\" sizes=\"(max-width: 2000px) 100vw, 2000px\" \/><\/div><\/div><\/div><\/div><div class=\"flex_column av_one_full  flex_column_div av-zero-column-padding first  avia-builder-el-2  el_after_av_one_full  el_before_av_one_full  column-top-margin\" style='border-radius:0px; '><section class=\"av_textblock_section \"  itemscope=\"itemscope\" itemtype=\"https:\/\/schema.org\/BlogPosting\" itemprop=\"blogPost\" ><div class='avia_textblock  '   itemprop=\"text\" ><p style=\"text-align: center;\"><span style=\"font-size: 18pt;\"><b>SEC recuerda a pacientes electrodependientes la importancia de inscribirse en el registro oficial para acceder a beneficios<\/b><\/span><\/p>\n<div id=\"gtx-trans\" style=\"position: absolute; left: -50px; top: 4.31534px;\">\n<div class=\"gtx-trans-icon\"><\/div>\n<\/div>\n<\/div><\/section><\/div><div class=\"flex_column av_one_full  flex_column_div av-zero-column-padding first  avia-builder-el-4  el_after_av_one_full  el_before_av_hr  column-top-margin\" style='border-radius:0px; '><section class=\"av_textblock_section \"  itemscope=\"itemscope\" itemtype=\"https:\/\/schema.org\/BlogPosting\" itemprop=\"blogPost\" ><div class='avia_textblock  '   itemprop=\"text\" ><p style=\"text-align: justify;\"><em>Ante la llegada de una nueva temporada invernal, la Superintendencia de Electricidad y Combustibles recalc\u00f3 que la normativa establece a las compa\u00f1\u00edas el\u00e9ctricas una serie de obligaciones con este tipo de pacientes, entre ellas, descuentos en la cuenta de la luz y atenci\u00f3n preferencial ante cortes de energ\u00eda.<\/em><\/p>\n<p style=\"font-weight: 400; text-align: justify;\">Un corte de luz es algo que afecta a todos y todas en su cotidianeidad, pero para una persona que es electrodependiente, es decir, que debido a alguna patolog\u00eda necesita permanecer conectada a un elemento de uso m\u00e9dico que funciona con electricidad, significa un riesgo vital.<\/p>\n<p style=\"font-weight: 400; text-align: justify;\">Es por esta raz\u00f3n que, ante cualquier interrupci\u00f3n de suministro el\u00e9ctrico \u2013 situaci\u00f3n que puede incrementarse en la \u00e9poca de invierno \u2013 el monitoreo a los pacientes electrodependientes es prioritario. As\u00ed lo recalc\u00f3 la Superintendencia de Electricidad y Combustibles, SEC, recordando, adem\u00e1s, que las compa\u00f1\u00edas el\u00e9ctricas tienen una serie de obligaciones al respecto que est\u00e1n normadas por la Ley 21.304.<\/p>\n<p style=\"font-weight: 400; text-align: justify;\">De esta forma, las empresas concesionarias deben descontar el consumo de energ\u00eda asociado al funcionamiento de los dispositivos de uso m\u00e9dico que requiera una persona electrodependiente, proporcionarles atenci\u00f3n preferencial ante un corte prolongado de luz, no pueden cortarles el suministro el\u00e9ctrico en caso de deuda y, adem\u00e1s, deben adoptar medidas para que los aparatos que los mantienen con vida contin\u00faen abastecidos de energ\u00eda, como, por ejemplo, entreg\u00e1ndoles en comodato, ya sea en forma temporal o permanente, un generador el\u00e9ctrico o bater\u00eda de respaldo.<\/p>\n<p style=\"font-weight: 400; text-align: justify;\">El Director Regional de SEC Ays\u00e9n, Hugo Ardiles, record\u00f3 que para acceder a estos beneficios, es necesario que los pacientes sean parte del registro oficial de electrodependientes, por lo que hizo un llamado a quienes cuenten con alg\u00fan familiar en esta situaci\u00f3n, a que los inscriban. Para ello, deben presentar un certificado del m\u00e9dico tratante.<\/p>\n<p style=\"font-weight: 400; text-align: justify;\">\u201cEste tr\u00e1mite puede realizarse en la SEC de manera online en nuestra p\u00e1gina\u00a0<a href=\"https:\/\/www.sec.cl\/pacientes-electrodependientes\/\" data-saferedirecturl=\"https:\/\/www.google.com\/url?q=https:\/\/www.sec.cl\/pacientes-electrodependientes\/&amp;source=gmail&amp;ust=1714507257557000&amp;usg=AOvVaw0THOrp2T01JZ5ilSHsW2Z5\">www.sec.cl\/pacientes-electrodependientes\/<\/a>\u00a0y tambi\u00e9n de forma presencial en nuestra oficina regional, o directamente con la empresa de distribuci\u00f3n el\u00e9ctrica. Es importante que lo hagan, ya que los pacientes electrodependientes con hospitalizaci\u00f3n domiciliaria est\u00e1n amparados en una ley y como SEC vigilamos que as\u00ed se cumpla\u201d, se\u00f1al\u00f3 la autoridad regional.<\/p>\n<p style=\"font-weight: 400; text-align: justify;\"><strong>FISCALIZACI\u00d3N PERMANENTE<\/strong><\/p>\n<p style=\"font-weight: 400; text-align: justify;\">Cabe se\u00f1alar que la Superintendencia de Electricidad y Combustibles fiscaliza de forma permanente el cumplimiento de las obligaciones de las empresas a trav\u00e9s de todas sus Direcciones Regionales. As\u00ed, ante cualquier interrupci\u00f3n del suministro el\u00e9ctrico, la SEC no s\u00f3lo monitorea todas las acciones implementadas por las compa\u00f1\u00edas para restablecer el servicio, sino que, adem\u00e1s, presta especial atenci\u00f3n a los pacientes electrodependientes que se encuentren en la zona afectada.<\/p>\n<p style=\"font-weight: 400; text-align: justify;\">As\u00ed, en caso de que las empresas no cumplan con la normativa, se exponen a procesos de formulaci\u00f3n de cargos y eventuales sanciones. Por ello, desde el organismo fiscalizador indicaron que, si las familias detectan cualquier incumplimiento de estas disposiciones, pueden hacer la denuncia a trav\u00e9s de\u00a0<a href=\"http:\/\/www.sec.cl\/\" data-saferedirecturl=\"https:\/\/www.google.com\/url?q=http:\/\/www.sec.cl&amp;source=gmail&amp;ust=1714507257557000&amp;usg=AOvVaw2so2xSMGpXh-tNnMWykoSL\">www.sec.cl<\/a>, p\u00e1gina a la que se puede acceder desde el celular sin necesidad de descargar ninguna aplicaci\u00f3n.<\/p>\n<\/div><\/section><\/div><div  style='height:50px' class='hr hr-invisible   avia-builder-el-6  el_after_av_one_full  el_before_av_social_share '><span class='hr-inner ' ><span class='hr-inner-style'><\/span><\/span><\/div><\/p>\n<div  class='av-social-sharing-box  avia-builder-el-7  el_after_av_hr  el_before_av_hr  '><div class='av-share-box'><h5 class='av-share-link-description av-no-toc '>Compartir esta noticia<\/h5><ul class='av-share-box-list noLightbox'><li class='av-share-link av-social-link-facebook' ><a target=\"_blank\" aria-label=\"Compartir en Facebook\" href='https:\/\/www.facebook.com\/sharer.php?u=https:\/\/radiorevelacionfm.cl\/?p=41753&#038;t=SEC%20recuerda%20a%20pacientes%20electrodependientes%20la%20importancia%20de%20inscribirse%20en%20el%20registro%20oficial%20para%20acceder%20a%20beneficios' aria-hidden='false' data-av_icon='\ue8f3' data-av_iconfont='entypo-fontello' title='' data-avia-related-tooltip='Compartir en Facebook' rel=\"noopener\"><span class='avia_hidden_link_text'>Compartir en Facebook<\/span><\/a><\/li><li class='av-share-link av-social-link-twitter' ><a target=\"_blank\" aria-label=\"Compartir en Twitter\" href='https:\/\/twitter.com\/share?text=SEC%20recuerda%20a%20pacientes%20electrodependientes%20la%20importancia%20de%20inscribirse%20en%20el%20registro%20oficial%20para%20acceder%20a%20beneficios&#038;url=https:\/\/radiorevelacionfm.cl\/?p=41753' aria-hidden='false' data-av_icon='\ue8f1' data-av_iconfont='entypo-fontello' title='' data-avia-related-tooltip='Compartir en Twitter' rel=\"noopener\"><span class='avia_hidden_link_text'>Compartir en Twitter<\/span><\/a><\/li><li class='av-share-link av-social-link-whatsapp' ><a target=\"_blank\" aria-label=\"Compartir en Whatsapp\" href='https:\/\/api.whatsapp.com\/send?text=https:\/\/radiorevelacionfm.cl\/?p=41753' aria-hidden='false' data-av_icon='\uf232' data-av_iconfont='entypo-fontello' title='' data-avia-related-tooltip='Compartir en Whatsapp' rel=\"noopener\"><span class='avia_hidden_link_text'>Compartir en Whatsapp<\/span><\/a><\/li><li class='av-share-link av-social-link-linkedin' ><a target=\"_blank\" aria-label=\"Compartir en LinkedIn\" href='https:\/\/linkedin.com\/shareArticle?mini=true&#038;title=SEC%20recuerda%20a%20pacientes%20electrodependientes%20la%20importancia%20de%20inscribirse%20en%20el%20registro%20oficial%20para%20acceder%20a%20beneficios&#038;url=https:\/\/radiorevelacionfm.cl\/?p=41753' aria-hidden='false' data-av_icon='\ue8fc' data-av_iconfont='entypo-fontello' title='' data-avia-related-tooltip='Compartir en LinkedIn' rel=\"noopener\"><span class='avia_hidden_link_text'>Compartir en LinkedIn<\/span><\/a><\/li><li class='av-share-link av-social-link-mail' ><a  aria-label=\"Compartir por correo\" href='mailto:?subject=SEC%20recuerda%20a%20pacientes%20electrodependientes%20la%20importancia%20de%20inscribirse%20en%20el%20registro%20oficial%20para%20acceder%20a%20beneficios&#038;body=https:\/\/radiorevelacionfm.cl\/?p=41753' aria-hidden='false' data-av_icon='\ue805' data-av_iconfont='entypo-fontello' title='' data-avia-related-tooltip='Compartir por correo'><span class='avia_hidden_link_text'>Compartir por correo<\/span><\/a><\/li><\/ul><\/div><\/div>\n<div  style='height:50px' class='hr hr-invisible   avia-builder-el-8  el_after_av_social_share  el_before_av_comments_list '><span class='hr-inner ' ><span class='hr-inner-style'><\/span><\/span><\/div>\n<div  class='av-buildercomment  av-blog-meta-html-info-disabled av-blog-meta-tag-disabled  '><\/div>\n","protected":false},"excerpt":{"rendered":"","protected":false},"author":1,"featured_media":41754,"comment_status":"open","ping_status":"open","sticky":false,"template":"","format":"standard","meta":{"footnotes":""},"categories":[38],"tags":[],"class_list":["post-41753","post","type-post","status-publish","format-standard","has-post-thumbnail","hentry","category-regional"],"jetpack_featured_media_url":"https:\/\/radiorevelacionfm.cl\/wp-content\/uploads\/2024\/04\/electrodependientes-1-1_optimized-1.jpg","_links":{"self":[{"href":"https:\/\/radiorevelacionfm.cl\/index.php?rest_route=\/wp\/v2\/posts\/41753","targetHints":{"allow":["GET"]}}],"collection":[{"href":"https:\/\/radiorevelacionfm.cl\/index.php?rest_route=\/wp\/v2\/posts"}],"about":[{"href":"https:\/\/radiorevelacionfm.cl\/index.php?rest_route=\/wp\/v2\/types\/post"}],"author":[{"embeddable":true,"href":"https:\/\/radiorevelacionfm.cl\/index.php?rest_route=\/wp\/v2\/users\/1"}],"replies":[{"embeddable":true,"href":"https:\/\/radiorevelacionfm.cl\/index.php?rest_route=%2Fwp%2Fv2%2Fcomments&post=41753"}],"version-history":[{"count":1,"href":"https:\/\/radiorevelacionfm.cl\/index.php?rest_route=\/wp\/v2\/posts\/41753\/revisions"}],"predecessor-version":[{"id":41755,"href":"https:\/\/radiorevelacionfm.cl\/index.php?rest_route=\/wp\/v2\/posts\/41753\/revisions\/41755"}],"wp:featuredmedia":[{"embeddable":true,"href":"https:\/\/radiorevelacionfm.cl\/index.php?rest_route=\/wp\/v2\/media\/41754"}],"wp:attachment":[{"href":"https:\/\/radiorevelacionfm.cl\/index.php?rest_route=%2Fwp%2Fv2%2Fmedia&parent=41753"}],"wp:term":[{"taxonomy":"category","embeddable":true,"href":"https:\/\/radiorevelacionfm.cl\/index.php?rest_route=%2Fwp%2Fv2%2Fcategories&post=41753"},{"taxonomy":"post_tag","embeddable":true,"href":"https:\/\/radiorevelacionfm.cl\/index.php?rest_route=%2Fwp%2Fv2%2Ftags&post=41753"}],"curies":[{"name":"wp","href":"https:\/\/api.w.org\/{rel}","templated":true}]}}