{"id":41750,"date":"2024-04-29T17:44:02","date_gmt":"2024-04-29T20:44:02","guid":{"rendered":"https:\/\/radiorevelacionfm.cl\/?p=41750"},"modified":"2024-04-29T17:44:02","modified_gmt":"2024-04-29T20:44:02","slug":"dictan-talleres-de-gestion-del-cambio-a-funcionarios-del-hospital-de-chile-chico-y-de-la-direccion-del-ssa","status":"publish","type":"post","link":"https:\/\/radiorevelacionfm.cl\/?p=41750","title":{"rendered":"Dictan talleres de Gesti\u00f3n del Cambio a funcionarios del Hospital de Chile Chico y de la Direcci\u00f3n del SSA"},"content":{"rendered":"<div class=\"flex_column av_one_full  flex_column_div av-zero-column-padding first  avia-builder-el-0  el_before_av_one_full  avia-builder-el-first  \" style='border-radius:0px; '><div  class='avia-image-container  av-styling-    avia-builder-el-1  avia-builder-el-no-sibling  avia-align-center '  itemprop=\"image\" itemscope=\"itemscope\" itemtype=\"https:\/\/schema.org\/ImageObject\"  ><div class='avia-image-container-inner'><div class='avia-image-overlay-wrap'><img decoding=\"async\" class='wp-image-41751 avia-img-lazy-loading-not-41751 avia_image' src=\"https:\/\/radiorevelacionfm.cl\/wp-content\/uploads\/2024\/04\/foto-chile-chico1-1_optimized.jpeg\" alt='' title='foto-chile-chico1-(1)_optimized' height=\"600\" width=\"800\"  itemprop=\"thumbnailUrl\" srcset=\"https:\/\/radiorevelacionfm.cl\/wp-content\/uploads\/2024\/04\/foto-chile-chico1-1_optimized.jpeg 800w, https:\/\/radiorevelacionfm.cl\/wp-content\/uploads\/2024\/04\/foto-chile-chico1-1_optimized-300x225.jpeg 300w, https:\/\/radiorevelacionfm.cl\/wp-content\/uploads\/2024\/04\/foto-chile-chico1-1_optimized-768x576.jpeg 768w, https:\/\/radiorevelacionfm.cl\/wp-content\/uploads\/2024\/04\/foto-chile-chico1-1_optimized-705x529.jpeg 705w, https:\/\/radiorevelacionfm.cl\/wp-content\/uploads\/2024\/04\/foto-chile-chico1-1_optimized-450x338.jpeg 450w, https:\/\/radiorevelacionfm.cl\/wp-content\/uploads\/2024\/04\/foto-chile-chico1-1_optimized-600x450.jpeg 600w\" sizes=\"(max-width: 800px) 100vw, 800px\" \/><\/div><\/div><\/div><\/div><div class=\"flex_column av_one_full  flex_column_div av-zero-column-padding first  avia-builder-el-2  el_after_av_one_full  el_before_av_one_full  column-top-margin\" style='border-radius:0px; '><section class=\"av_textblock_section \"  itemscope=\"itemscope\" itemtype=\"https:\/\/schema.org\/BlogPosting\" itemprop=\"blogPost\" ><div class='avia_textblock  '   itemprop=\"text\" ><p style=\"text-align: center;\"><strong><span style=\"font-size: 18pt;\">Dictan talleres de Gesti\u00f3n del Cambio a funcionarios del Hospital de Chile Chico y de la Direcci\u00f3n del SSA<\/span><\/strong><\/p>\n<div id=\"gtx-trans\" style=\"position: absolute; left: -50px; top: 4.31534px;\">\n<div class=\"gtx-trans-icon\"><\/div>\n<\/div>\n<\/div><\/section><\/div><div class=\"flex_column av_one_full  flex_column_div av-zero-column-padding first  avia-builder-el-4  el_after_av_one_full  el_before_av_hr  column-top-margin\" style='border-radius:0px; '><section class=\"av_textblock_section \"  itemscope=\"itemscope\" itemtype=\"https:\/\/schema.org\/BlogPosting\" itemprop=\"blogPost\" ><div class='avia_textblock  '   itemprop=\"text\" ><p style=\"text-align: justify;\">Con la participaci\u00f3n de cerca de ochenta funcionarios del hospital de Chile Chico y de la Direcci\u00f3n del Servicio de Salud Ays\u00e9n (SSA), se desarroll\u00f3 el taller \u201cImportancia de los Procesos de Gesti\u00f3n del Cambio y Puesta en Marcha del Hospital Dr. Leopoldo Ortega Rodr\u00edguez\u201d, presentado por la Dra. Mar\u00eda Bego\u00f1a Yarza S\u00e1ez, experta en esta materia y ex ministra de salud en Chile.<\/p>\n<p style=\"text-align: justify;\">\u201cDescubrimos en conjunto que los valores de los funcionarios, su compromiso, creatividad, contamos historias maravillosas y establecimos es que vamos a iniciar la gesti\u00f3n del cambio, que significa que se van a ir a un edificio nuevo a hacer las cosas mejores para la gente de Chile Chico, quienes son las personas que se merecen ese cambio\u201d, expres\u00f3 Yarza S\u00e1ez.<\/p>\n<p style=\"text-align: justify;\">La primera jornada se realiz\u00f3 en la \u2018Ciudad del Sol\u2019, encuentro donde el equipo de Gesti\u00f3n del Cambio y Puesta en Marcha del hospital, tuvo la oportunidad de compartir historias creativas, enriqueciendo as\u00ed el camino hacia la atenci\u00f3n de salud en el nuevo recinto de la Provincia General Carrera.<\/p>\n<p style=\"text-align: justify;\">\u201cEmpezamos a vernos en la capacidad de trabajar en equipo, una caracter\u00edstica importante, sobre todo como es la Puesta en Marcha de un nuevo hospital, un espacio en donde vamos a estar trabajando, mucho m\u00e1s grande y debemos tener siempre presente que la labor en conjunto es para dar resultados no s\u00f3lo a nosotros, sino a la comunidad\u201d, indic\u00f3 Marcelo Alvarado Sanzana, tecn\u00f3logo m\u00e9dico del Hospital Chile Chico.<\/p>\n<p style=\"text-align: justify;\">En esa misma l\u00ednea, Camila V\u00e1zquez Ib\u00e1\u00f1ez, qu\u00edmica farmac\u00e9utica del Hospital de Chile Chico, agreg\u00f3 que \u201ca trav\u00e9s del taller conocimos otras historias de superaci\u00f3n y de \u00e9xito que han tenido otros funcionarios y la verdad que eso motiva bastante para el trabajo que tenemos diariamente. Durante el cambio, cuando estemos en el hospital vamos a estar en mejora continua y as\u00ed aprovechar todas las oportunidades que se nos den (\u2026) para brindar una atenci\u00f3n de calidad a los pacientes y satisfactoria para ellos\u201d.<\/p>\n<p style=\"text-align: justify;\"><strong><u>En el SSA<\/u><\/strong><\/p>\n<p style=\"text-align: justify;\">El segundo encuentro fue realizado en la sala de reuniones del Servicio de Salud Ays\u00e9n, Coyhaique, instancia que concentr\u00f3 a directores y subdirectores que hacen parte del proceso de la gesti\u00f3n del cambio del nuevo recinto.<\/p>\n<p style=\"text-align: justify;\">\u201cEl trabajo y el taller realizado impact\u00f3 de manera positiva en los equipos del Servicio de Salud y tambi\u00e9n en las y los referentes del hospital de Chile Chico y que obviamente nos genera buen pie para seguir avanzando en el proceso del nuevo hospital\u201d, coment\u00f3 Gino Banchieri Mell, encargado de relaciones laborales del SSA.<\/p>\n<p style=\"text-align: justify;\">Cabe destacar que, la realizaci\u00f3n de los talleres, son parte de la planificaci\u00f3n de la puesta en marcha del recinto, con el objetivo de brindar a las y los funcionarios nuevas herramientas para reforzar sus habilidades como equipo frente a todo proceso de cambio o reinstalaci\u00f3n en el nuevo hospital.<\/p>\n<\/div><\/section><\/div><div  style='height:50px' class='hr hr-invisible   avia-builder-el-6  el_after_av_one_full  el_before_av_social_share '><span class='hr-inner ' ><span class='hr-inner-style'><\/span><\/span><\/div><\/p>\n<div  class='av-social-sharing-box  avia-builder-el-7  el_after_av_hr  el_before_av_hr  '><div class='av-share-box'><h5 class='av-share-link-description av-no-toc '>Compartir esta noticia<\/h5><ul class='av-share-box-list noLightbox'><li class='av-share-link av-social-link-facebook' ><a target=\"_blank\" aria-label=\"Compartir en Facebook\" href='https:\/\/www.facebook.com\/sharer.php?u=https:\/\/radiorevelacionfm.cl\/?p=41750&#038;t=Dictan%20talleres%20de%20Gesti%C3%B3n%20del%20Cambio%20a%20funcionarios%20del%20Hospital%20de%20Chile%20Chico%20y%20de%20la%20Direcci%C3%B3n%20del%20SSA' aria-hidden='false' data-av_icon='\ue8f3' data-av_iconfont='entypo-fontello' title='' data-avia-related-tooltip='Compartir en Facebook' rel=\"noopener\"><span class='avia_hidden_link_text'>Compartir en Facebook<\/span><\/a><\/li><li class='av-share-link av-social-link-twitter' ><a target=\"_blank\" aria-label=\"Compartir en Twitter\" href='https:\/\/twitter.com\/share?text=Dictan%20talleres%20de%20Gesti%C3%B3n%20del%20Cambio%20a%20funcionarios%20del%20Hospital%20de%20Chile%20Chico%20y%20de%20la%20Direcci%C3%B3n%20del%20SSA&#038;url=https:\/\/radiorevelacionfm.cl\/?p=41750' aria-hidden='false' data-av_icon='\ue8f1' data-av_iconfont='entypo-fontello' title='' data-avia-related-tooltip='Compartir en Twitter' rel=\"noopener\"><span class='avia_hidden_link_text'>Compartir en Twitter<\/span><\/a><\/li><li class='av-share-link av-social-link-whatsapp' ><a target=\"_blank\" aria-label=\"Compartir en Whatsapp\" href='https:\/\/api.whatsapp.com\/send?text=https:\/\/radiorevelacionfm.cl\/?p=41750' aria-hidden='false' data-av_icon='\uf232' data-av_iconfont='entypo-fontello' title='' data-avia-related-tooltip='Compartir en Whatsapp' rel=\"noopener\"><span class='avia_hidden_link_text'>Compartir en Whatsapp<\/span><\/a><\/li><li class='av-share-link av-social-link-linkedin' ><a target=\"_blank\" aria-label=\"Compartir en LinkedIn\" href='https:\/\/linkedin.com\/shareArticle?mini=true&#038;title=Dictan%20talleres%20de%20Gesti%C3%B3n%20del%20Cambio%20a%20funcionarios%20del%20Hospital%20de%20Chile%20Chico%20y%20de%20la%20Direcci%C3%B3n%20del%20SSA&#038;url=https:\/\/radiorevelacionfm.cl\/?p=41750' aria-hidden='false' data-av_icon='\ue8fc' data-av_iconfont='entypo-fontello' title='' data-avia-related-tooltip='Compartir en LinkedIn' rel=\"noopener\"><span class='avia_hidden_link_text'>Compartir en LinkedIn<\/span><\/a><\/li><li class='av-share-link av-social-link-mail' ><a  aria-label=\"Compartir por correo\" href='mailto:?subject=Dictan%20talleres%20de%20Gesti%C3%B3n%20del%20Cambio%20a%20funcionarios%20del%20Hospital%20de%20Chile%20Chico%20y%20de%20la%20Direcci%C3%B3n%20del%20SSA&#038;body=https:\/\/radiorevelacionfm.cl\/?p=41750' aria-hidden='false' data-av_icon='\ue805' data-av_iconfont='entypo-fontello' title='' data-avia-related-tooltip='Compartir por correo'><span class='avia_hidden_link_text'>Compartir por correo<\/span><\/a><\/li><\/ul><\/div><\/div>\n<div  style='height:50px' class='hr hr-invisible   avia-builder-el-8  el_after_av_social_share  el_before_av_comments_list '><span class='hr-inner ' ><span class='hr-inner-style'><\/span><\/span><\/div>\n<div  class='av-buildercomment  av-blog-meta-html-info-disabled av-blog-meta-tag-disabled  '><\/div>\n","protected":false},"excerpt":{"rendered":"","protected":false},"author":1,"featured_media":41751,"comment_status":"open","ping_status":"open","sticky":false,"template":"","format":"standard","meta":{"footnotes":""},"categories":[46],"tags":[],"class_list":["post-41750","post","type-post","status-publish","format-standard","has-post-thumbnail","hentry","category-salud"],"jetpack_featured_media_url":"https:\/\/radiorevelacionfm.cl\/wp-content\/uploads\/2024\/04\/foto-chile-chico1-1_optimized.jpeg","_links":{"self":[{"href":"https:\/\/radiorevelacionfm.cl\/index.php?rest_route=\/wp\/v2\/posts\/41750","targetHints":{"allow":["GET"]}}],"collection":[{"href":"https:\/\/radiorevelacionfm.cl\/index.php?rest_route=\/wp\/v2\/posts"}],"about":[{"href":"https:\/\/radiorevelacionfm.cl\/index.php?rest_route=\/wp\/v2\/types\/post"}],"author":[{"embeddable":true,"href":"https:\/\/radiorevelacionfm.cl\/index.php?rest_route=\/wp\/v2\/users\/1"}],"replies":[{"embeddable":true,"href":"https:\/\/radiorevelacionfm.cl\/index.php?rest_route=%2Fwp%2Fv2%2Fcomments&post=41750"}],"version-history":[{"count":1,"href":"https:\/\/radiorevelacionfm.cl\/index.php?rest_route=\/wp\/v2\/posts\/41750\/revisions"}],"predecessor-version":[{"id":41752,"href":"https:\/\/radiorevelacionfm.cl\/index.php?rest_route=\/wp\/v2\/posts\/41750\/revisions\/41752"}],"wp:featuredmedia":[{"embeddable":true,"href":"https:\/\/radiorevelacionfm.cl\/index.php?rest_route=\/wp\/v2\/media\/41751"}],"wp:attachment":[{"href":"https:\/\/radiorevelacionfm.cl\/index.php?rest_route=%2Fwp%2Fv2%2Fmedia&parent=41750"}],"wp:term":[{"taxonomy":"category","embeddable":true,"href":"https:\/\/radiorevelacionfm.cl\/index.php?rest_route=%2Fwp%2Fv2%2Fcategories&post=41750"},{"taxonomy":"post_tag","embeddable":true,"href":"https:\/\/radiorevelacionfm.cl\/index.php?rest_route=%2Fwp%2Fv2%2Ftags&post=41750"}],"curies":[{"name":"wp","href":"https:\/\/api.w.org\/{rel}","templated":true}]}}