{"id":4174,"date":"2021-05-14T17:49:41","date_gmt":"2021-05-14T20:49:41","guid":{"rendered":"https:\/\/radiorevelacionfm.cl\/?p=4174"},"modified":"2021-05-14T18:06:43","modified_gmt":"2021-05-14T21:06:43","slug":"conadi-financiara-la-tramitacion-de-derechos-de-aguas-para-100-familias-indigenas-en-la-region-de-aysen","status":"publish","type":"post","link":"https:\/\/radiorevelacionfm.cl\/?p=4174","title":{"rendered":"Conadi financiar\u00e1 la tramitaci\u00f3n de Derechos de Aguas para 100 familias ind\u00edgenas en la Regi\u00f3n de Ays\u00e9n"},"content":{"rendered":"<div class=\"flex_column av_one_full  flex_column_div av-zero-column-padding first  avia-builder-el-0  el_before_av_one_full  avia-builder-el-first  \" style='border-radius:0px; '><div  class='avia-image-container  av-styling-    avia-builder-el-1  avia-builder-el-no-sibling  avia-align-center '  itemprop=\"image\" itemscope=\"itemscope\" itemtype=\"https:\/\/schema.org\/ImageObject\"  ><div class='avia-image-container-inner'><div class='avia-image-overlay-wrap'><img decoding=\"async\" class='wp-image-0 avia-img-lazy-loading-not-0 avia_image' src=\"https:\/\/radiorevelacionfm.cl\/wp-content\/uploads\/2021\/05\/firma_convenio-1_optimized.png\" alt='' title=''   itemprop=\"thumbnailUrl\"  \/><\/div><\/div><\/div><\/div>\n<div class=\"flex_column av_one_full  flex_column_div av-zero-column-padding first  avia-builder-el-2  el_after_av_one_full  el_before_av_one_full  column-top-margin\" style='border-radius:0px; '><section class=\"av_textblock_section \"  itemscope=\"itemscope\" itemtype=\"https:\/\/schema.org\/BlogPosting\" itemprop=\"blogPost\" ><div class='avia_textblock  '   itemprop=\"text\" ><p style=\"text-align: center;\"><strong><span style=\"font-size: 18pt;\">Conadi financiar\u00e1 la tramitaci\u00f3n de Derechos de Aguas para 100 familias ind\u00edgenas en la Regi\u00f3n de Ays\u00e9n<\/span><\/strong><\/p>\n<div id=\"gtx-trans\" style=\"position: absolute; left: -50px; top: 4.31534px;\">\n<div class=\"gtx-trans-icon\"><\/div>\n<\/div>\n<\/div><\/section><\/div>\n<div class=\"flex_column av_one_full  flex_column_div av-zero-column-padding first  avia-builder-el-4  el_after_av_one_full  el_before_av_hr  column-top-margin\" style='border-radius:0px; '><section class=\"av_textblock_section \"  itemscope=\"itemscope\" itemtype=\"https:\/\/schema.org\/BlogPosting\" itemprop=\"blogPost\" ><div class='avia_textblock  '   itemprop=\"text\" ><p style=\"text-align: justify;\">Con la firma de una Carta de Compromiso, que tambi\u00e9n sum\u00f3 al Ministerio Agricultura y de Desarrollo Social y Familia, se acord\u00f3 sentar las bases de un nuevo convenio que busca apoyar a los productores locales -que son parte de un pueblo originario-, en la tramitaci\u00f3n de sus respectivos saneamientos de propiedad, aprovechamiento y regularizaci\u00f3n.<\/p>\n<p style=\"text-align: justify;\">Esta semana se comenz\u00f3 a trabajar en la segunda versi\u00f3n de un convenio que tuvo un exitoso pilotaje en la Regi\u00f3n de Ays\u00e9n en 2019 y que permiti\u00f3, gracias al trabajo mancomunado de la Corporaci\u00f3n Nacional de Desarrollo Ind\u00edgena y el Ministerio de Agricultura, sumar una centena de regularizaciones de Derechos de Agua. Esta nueva instancia ya tiene comprometido el financiamiento por parte de Conadi y este 2021 persigue beneficiar a 100 productores de Ays\u00e9n que pertenezcan a algunos de los diez pueblos originarios reconocidos.<\/p>\n<p style=\"text-align: justify;\">La Carta de Compromiso para la suscripci\u00f3n del convenio interministerial fue firmada por el Seremi de Desarrollo Social y Familia Marcelo J\u00e9lvez, el Director Regional de la Conadi en Los Lagos Cristian Soto (que supervisa el trabajo de la Oficina de Enlace local), y el Secretario de Agricultura Felipe Henr\u00edquez.<\/p>\n<p style=\"text-align: justify;\">\u201cHemos logrado satisfacer muchas de las necesidades que ten\u00edan nuestros usuarios en este territorio y, tambi\u00e9n, prospectar una tremenda demanda que en este caso est\u00e1n dirigidas justamente a un tema sensible, que son los derechos de agua, de regularizar su propiedad\u00a0 en virtud de los pueblos originarios, que es algo muy relevante para generar fomento productivo, porque hay que administrar el recurso h\u00eddrico y esta es una tremenda herramienta que va a ser materia futura de legislaci\u00f3n\u201d, explic\u00f3 Cristian Soto Barrientos, director de Conadi Los Lagos.<\/p>\n<p style=\"text-align: justify;\">El Seremi de Agricultura Felipe Henr\u00edquez Raglianti, detall\u00f3 que \u201cen el primer convenio ya llevamos m\u00e1s de 105 familias atendidas con regularizaci\u00f3n y saneamiento de Derechos de Agua. Este compromiso nos va a permitir llegar a otras 100 familias distribuidas desde Lago Verde hasta Villa O\u2019Higgins, para que puedan realizar sus labores productivas en distintos tipos de emprendimientos que tienen las familias de los pueblos originarios en el mundo rural\u201d.<\/p>\n<p style=\"text-align: justify;\">\u201cCada vez se est\u00e1n acercando m\u00e1s personas a nuestras oficinas, que est\u00e1n interesadas en regularizar sus Derechos de Agua y este convenio nos va a permitir atenderlos. Creo que este es un paso muy importante, porque estamos cambiando el sistema de trabajo, trayendo las competencias a la Regi\u00f3n de Ays\u00e9n y descentralizando de manera efectiva\u201d, replic\u00f3 Henr\u00edquez.<\/p>\n<p style=\"text-align: justify;\">Finalmente, el Seremi de Desarrollo Social y Familia Marcelo J\u00e9lvez C\u00e1rdenas, puntualiz\u00f3 que \u201cesto demuestra el trabajo mancomunado que estamos realizando como Gobierno. Aqu\u00ed hay dos ministerios que se unieron para trabajar por las personas que necesitan regularizar los derechos de este vital elemento, llegando a m\u00e1s personas dentro de la regi\u00f3n y esperamos ampliar las coberturas con este tipo de convenios, que son muy necesarios para la agricultura familiar campesina\u201d.<\/p>\n<\/div><\/section><\/div><div  style='height:50px' class='hr hr-invisible   avia-builder-el-6  el_after_av_one_full  el_before_av_social_share '><span class='hr-inner ' ><span class='hr-inner-style'><\/span><\/span><\/div><\/p>\n<div  class='av-social-sharing-box  avia-builder-el-7  el_after_av_hr  el_before_av_hr  '><div class='av-share-box'><h5 class='av-share-link-description av-no-toc '>Compartir esta noticia<\/h5><ul class='av-share-box-list noLightbox'><li class='av-share-link av-social-link-facebook' ><a target=\"_blank\" aria-label=\"Compartir en Facebook\" href='https:\/\/www.facebook.com\/sharer.php?u=https:\/\/radiorevelacionfm.cl\/?p=4174&#038;t=Conadi%20financiar%C3%A1%20la%20tramitaci%C3%B3n%20de%20Derechos%20de%20Aguas%20para%20100%20familias%20ind%C3%ADgenas%20en%20la%20Regi%C3%B3n%20de%20Ays%C3%A9n' aria-hidden='false' data-av_icon='\ue8f3' data-av_iconfont='entypo-fontello' title='' data-avia-related-tooltip='Compartir en Facebook' rel=\"noopener\"><span class='avia_hidden_link_text'>Compartir en Facebook<\/span><\/a><\/li><li class='av-share-link av-social-link-twitter' ><a target=\"_blank\" aria-label=\"Compartir en Twitter\" href='https:\/\/twitter.com\/share?text=Conadi%20financiar%C3%A1%20la%20tramitaci%C3%B3n%20de%20Derechos%20de%20Aguas%20para%20100%20familias%20ind%C3%ADgenas%20en%20la%20Regi%C3%B3n%20de%20Ays%C3%A9n&#038;url=https:\/\/radiorevelacionfm.cl\/?p=4174' aria-hidden='false' data-av_icon='\ue8f1' data-av_iconfont='entypo-fontello' title='' data-avia-related-tooltip='Compartir en Twitter' rel=\"noopener\"><span class='avia_hidden_link_text'>Compartir en Twitter<\/span><\/a><\/li><li class='av-share-link av-social-link-whatsapp' ><a target=\"_blank\" aria-label=\"Compartir en Whatsapp\" href='https:\/\/api.whatsapp.com\/send?text=https:\/\/radiorevelacionfm.cl\/?p=4174' aria-hidden='false' data-av_icon='\uf232' data-av_iconfont='entypo-fontello' title='' data-avia-related-tooltip='Compartir en Whatsapp' rel=\"noopener\"><span class='avia_hidden_link_text'>Compartir en Whatsapp<\/span><\/a><\/li><li class='av-share-link av-social-link-linkedin' ><a target=\"_blank\" aria-label=\"Compartir en LinkedIn\" href='https:\/\/linkedin.com\/shareArticle?mini=true&#038;title=Conadi%20financiar%C3%A1%20la%20tramitaci%C3%B3n%20de%20Derechos%20de%20Aguas%20para%20100%20familias%20ind%C3%ADgenas%20en%20la%20Regi%C3%B3n%20de%20Ays%C3%A9n&#038;url=https:\/\/radiorevelacionfm.cl\/?p=4174' aria-hidden='false' data-av_icon='\ue8fc' data-av_iconfont='entypo-fontello' title='' data-avia-related-tooltip='Compartir en LinkedIn' rel=\"noopener\"><span class='avia_hidden_link_text'>Compartir en LinkedIn<\/span><\/a><\/li><li class='av-share-link av-social-link-mail' ><a  aria-label=\"Compartir por correo\" href='mailto:?subject=Conadi%20financiar%C3%A1%20la%20tramitaci%C3%B3n%20de%20Derechos%20de%20Aguas%20para%20100%20familias%20ind%C3%ADgenas%20en%20la%20Regi%C3%B3n%20de%20Ays%C3%A9n&#038;body=https:\/\/radiorevelacionfm.cl\/?p=4174' aria-hidden='false' data-av_icon='\ue805' data-av_iconfont='entypo-fontello' title='' data-avia-related-tooltip='Compartir por correo'><span class='avia_hidden_link_text'>Compartir por correo<\/span><\/a><\/li><\/ul><\/div><\/div>\n<div  style='height:50px' class='hr hr-invisible   avia-builder-el-8  el_after_av_social_share  el_before_av_comments_list '><span class='hr-inner ' ><span class='hr-inner-style'><\/span><\/span><\/div>\n<div  class='av-buildercomment  av-blog-meta-html-info-disabled av-blog-meta-tag-disabled  '><\/div>\n","protected":false},"excerpt":{"rendered":"","protected":false},"author":1,"featured_media":0,"comment_status":"open","ping_status":"open","sticky":false,"template":"","format":"standard","meta":{"footnotes":""},"categories":[38],"tags":[],"class_list":["post-4174","post","type-post","status-publish","format-standard","hentry","category-regional"],"jetpack_featured_media_url":"","_links":{"self":[{"href":"https:\/\/radiorevelacionfm.cl\/index.php?rest_route=\/wp\/v2\/posts\/4174","targetHints":{"allow":["GET"]}}],"collection":[{"href":"https:\/\/radiorevelacionfm.cl\/index.php?rest_route=\/wp\/v2\/posts"}],"about":[{"href":"https:\/\/radiorevelacionfm.cl\/index.php?rest_route=\/wp\/v2\/types\/post"}],"author":[{"embeddable":true,"href":"https:\/\/radiorevelacionfm.cl\/index.php?rest_route=\/wp\/v2\/users\/1"}],"replies":[{"embeddable":true,"href":"https:\/\/radiorevelacionfm.cl\/index.php?rest_route=%2Fwp%2Fv2%2Fcomments&post=4174"}],"version-history":[{"count":2,"href":"https:\/\/radiorevelacionfm.cl\/index.php?rest_route=\/wp\/v2\/posts\/4174\/revisions"}],"predecessor-version":[{"id":4178,"href":"https:\/\/radiorevelacionfm.cl\/index.php?rest_route=\/wp\/v2\/posts\/4174\/revisions\/4178"}],"wp:attachment":[{"href":"https:\/\/radiorevelacionfm.cl\/index.php?rest_route=%2Fwp%2Fv2%2Fmedia&parent=4174"}],"wp:term":[{"taxonomy":"category","embeddable":true,"href":"https:\/\/radiorevelacionfm.cl\/index.php?rest_route=%2Fwp%2Fv2%2Fcategories&post=4174"},{"taxonomy":"post_tag","embeddable":true,"href":"https:\/\/radiorevelacionfm.cl\/index.php?rest_route=%2Fwp%2Fv2%2Ftags&post=4174"}],"curies":[{"name":"wp","href":"https:\/\/api.w.org\/{rel}","templated":true}]}}