{"id":41731,"date":"2024-04-29T11:06:16","date_gmt":"2024-04-29T14:06:16","guid":{"rendered":"https:\/\/radiorevelacionfm.cl\/?p=41731"},"modified":"2024-04-29T11:06:16","modified_gmt":"2024-04-29T14:06:16","slug":"slep-aysen-inicia-visitas-de-asesoria-directa-a-los-establecimientos-educacionales","status":"publish","type":"post","link":"https:\/\/radiorevelacionfm.cl\/?p=41731","title":{"rendered":"SLEP Ays\u00e9n inicia visitas de asesor\u00eda directa a los establecimientos educacionales"},"content":{"rendered":"<div class=\"flex_column av_one_full  flex_column_div av-zero-column-padding first  avia-builder-el-0  el_before_av_one_full  avia-builder-el-first  \" style='border-radius:0px; '><div  class='avia-image-container  av-styling-    avia-builder-el-1  avia-builder-el-no-sibling  avia-align-center '  itemprop=\"image\" itemscope=\"itemscope\" itemtype=\"https:\/\/schema.org\/ImageObject\"  ><div class='avia-image-container-inner'><div class='avia-image-overlay-wrap'><img decoding=\"async\" class='wp-image-41732 avia-img-lazy-loading-not-41732 avia_image' src=\"https:\/\/radiorevelacionfm.cl\/wp-content\/uploads\/2024\/04\/2-83-2_optimized.jpg\" alt='' title='2-(83)-(2)_optimized' height=\"600\" width=\"1084\"  itemprop=\"thumbnailUrl\" srcset=\"https:\/\/radiorevelacionfm.cl\/wp-content\/uploads\/2024\/04\/2-83-2_optimized.jpg 1084w, https:\/\/radiorevelacionfm.cl\/wp-content\/uploads\/2024\/04\/2-83-2_optimized-300x166.jpg 300w, https:\/\/radiorevelacionfm.cl\/wp-content\/uploads\/2024\/04\/2-83-2_optimized-1030x570.jpg 1030w, https:\/\/radiorevelacionfm.cl\/wp-content\/uploads\/2024\/04\/2-83-2_optimized-768x425.jpg 768w, https:\/\/radiorevelacionfm.cl\/wp-content\/uploads\/2024\/04\/2-83-2_optimized-705x390.jpg 705w, https:\/\/radiorevelacionfm.cl\/wp-content\/uploads\/2024\/04\/2-83-2_optimized-450x249.jpg 450w, https:\/\/radiorevelacionfm.cl\/wp-content\/uploads\/2024\/04\/2-83-2_optimized-600x332.jpg 600w\" sizes=\"(max-width: 1084px) 100vw, 1084px\" \/><\/div><\/div><\/div><\/div><div class=\"flex_column av_one_full  flex_column_div av-zero-column-padding first  avia-builder-el-2  el_after_av_one_full  el_before_av_one_full  column-top-margin\" style='border-radius:0px; '><section class=\"av_textblock_section \"  itemscope=\"itemscope\" itemtype=\"https:\/\/schema.org\/BlogPosting\" itemprop=\"blogPost\" ><div class='avia_textblock  '   itemprop=\"text\" ><p style=\"text-align: center;\"><strong><span style=\"font-size: 18pt;\">SLEP Ays\u00e9n inicia visitas de asesor\u00eda directa a los establecimientos educacionales<\/span><\/strong><\/p>\n<div id=\"gtx-trans\" style=\"position: absolute; left: -50px; top: 4.31534px;\">\n<div class=\"gtx-trans-icon\"><\/div>\n<\/div>\n<\/div><\/section><\/div><div class=\"flex_column av_one_full  flex_column_div av-zero-column-padding first  avia-builder-el-4  el_after_av_one_full  el_before_av_hr  column-top-margin\" style='border-radius:0px; '><section class=\"av_textblock_section \"  itemscope=\"itemscope\" itemtype=\"https:\/\/schema.org\/BlogPosting\" itemprop=\"blogPost\" ><div class='avia_textblock  '   itemprop=\"text\" ><p style=\"text-align: justify;\"><em>La implementaci\u00f3n de esta estrategia tiene como finalidad que los asesores t\u00e9cnico-pedag\u00f3gicos del SLEP Ays\u00e9n trabajen con los equipos de liderazgo a trav\u00e9s de un modelo de mejora denominado Modelo de Desarrollo de Capacidades.<\/em><\/p>\n<p style=\"text-align: justify;\">Como un gran hito para la educaci\u00f3n p\u00fablica de la regi\u00f3n calific\u00f3 el director ejecutivo del Servicio Local de Educaci\u00f3n P\u00fablica de Ays\u00e9n, Sebasti\u00e1n Gonz\u00e1lez, el inicio de las visitas a los establecimientos educacionales de la administraci\u00f3n p\u00fablica, con el objetivo de implementar la estrategia de asesor\u00eda directa a los docentes y equipos directivos de jardines, escuelas y liceos.<\/p>\n<p style=\"text-align: justify;\">La iniciativa, a cargo del \u00e1rea de mejora continua de la subdirecci\u00f3n de Apoyo T\u00e9cnico Pedag\u00f3gico del SLEP, se focaliz\u00f3 inicialmente en 18 escuelas y liceos p\u00fablicos y en los diez jardines infantiles VTF de la regi\u00f3n. La implementaci\u00f3n de esta estrategia tiene como finalidad que los asesores t\u00e9cnico-pedag\u00f3gicos del SLEP Ays\u00e9n trabajen con los equipos de liderazgo a trav\u00e9s de un modelo de mejora denominado \u201cModelo de Desarrollo de Capacidades\u201d, en donde las comunidades logren identificar problemas de pr\u00e1ctica y a partir de ello, se levante un plan de trabajo t\u00e9cnico pedag\u00f3gico que permita movilizar hacia una pr\u00e1ctica deseada y hacia la mejora continua de los aprendizajes de ni\u00f1os, ni\u00f1as, j\u00f3venes y adultos.<\/p>\n<p style=\"text-align: justify;\">En esta l\u00ednea, el director ejecutivo del SLEP indic\u00f3 que \u201cel gran desaf\u00edo que tiene el servicio local es mejorar los aprendizajes de los y las estudiantes. En este sentido, estamos generando un plan donde vamos a asesorar a cada establecimiento educativo para revisar las pr\u00e1cticas pedag\u00f3gicas que tienen los docentes, los asistentes de la educaci\u00f3n y apoyarlos en este trabajo. Tenemos tambi\u00e9n un mandato legal que es monitorear los aprendizajes de los estudiantes, por tanto, estamos comenzando este proceso, fomentando adem\u00e1s la participaci\u00f3n en \u00e9l de toda la comunidad educativa, para trabajar en conjunto en el fortalecimiento de la educaci\u00f3n p\u00fablica en la regi\u00f3n\u201d.<\/p>\n<p style=\"text-align: justify;\">Dentro de las capacidades que se trabajan con las comunidades se encuentra la reflexi\u00f3n, la colaboraci\u00f3n, la confianza relacional y el liderazgo distribuido, que ponen como eje central a las y los estudiantes del territorio y su desarrollo integral en un ambiente inclusivo que responda a las necesidades e intereses de cada uno.<\/p>\n<p style=\"text-align: justify;\">\u201cNuestro equipo ha comenzado el proceso de acompa\u00f1amiento t\u00e9cnico pedag\u00f3gico en los establecimientos de la zona sur de la regi\u00f3n y parte de la zona insular. La semana pasada tambi\u00e9n estuvimos presentes en Chile Chico con nuestras comunidades educativas, revisando en conjunto los desaf\u00edos que tenemos en cuanto a los aprendizajes, desaf\u00edo que reci\u00e9n comienza y que requiere el trabajo de todos y todas\u201d, agreg\u00f3 Sebasti\u00e1n Gonz\u00e1lez.<\/p>\n<p style=\"text-align: justify;\">La otra estrategia de acompa\u00f1amiento aplicada en esta nueva iniciativa para la educaci\u00f3n es el trabajo en red, en donde los 66 establecimientos (jardines, escuelas y liceos) pertenecientes al SLEP Ays\u00e9n participar\u00e1n de manera activa a trav\u00e9s de redes directivas y docentes, lo que permitir\u00e1 el desarrollo de capacidades, intercambio de experiencias y fortalecimiento de comunidades de aprendizaje, fortaleciendo as\u00ed \u00a0la gesti\u00f3n y la convivencia hacia la mejora de los aprendizajes con foco en las trayectorias educativas desde la \u00a0educaci\u00f3n parvularia, las \u00a0habilidades de lectura y comunicaci\u00f3n, la educaci\u00f3n rural y la educaci\u00f3n t\u00e9cnico profesional, \u00a0pilares para el acompa\u00f1amiento y fortalecimiento en el territorio.<\/p>\n<p style=\"text-align: justify;\">Durante abril, el proceso de acompa\u00f1amiento comenz\u00f3 con los establecimientos de La Junta, Lago Verde, Puyuhuapi e Islas Huichas, para posteriormente continuar con Villa O\u2019Higgins, Cochrane, Tortel y Chile Chico. \u00a0Durante mayo, el trabajo continuar\u00e1 en Melinka, Coyhaique y Puerto Ays\u00e9n, completando as\u00ed la primera sesi\u00f3n de acompa\u00f1amiento a las comunidades educativas p\u00fablicas focalizadas de la regi\u00f3n.<\/p>\n<\/div><\/section><\/div><div  style='height:50px' class='hr hr-invisible   avia-builder-el-6  el_after_av_one_full  el_before_av_social_share '><span class='hr-inner ' ><span class='hr-inner-style'><\/span><\/span><\/div><\/p>\n<div  class='av-social-sharing-box  avia-builder-el-7  el_after_av_hr  el_before_av_hr  '><div class='av-share-box'><h5 class='av-share-link-description av-no-toc '>Compartir esta noticia<\/h5><ul class='av-share-box-list noLightbox'><li class='av-share-link av-social-link-facebook' ><a target=\"_blank\" aria-label=\"Compartir en Facebook\" href='https:\/\/www.facebook.com\/sharer.php?u=https:\/\/radiorevelacionfm.cl\/?p=41731&#038;t=SLEP%20Ays%C3%A9n%20inicia%20visitas%20de%20asesor%C3%ADa%20directa%20a%20los%20establecimientos%20educacionales' aria-hidden='false' data-av_icon='\ue8f3' data-av_iconfont='entypo-fontello' title='' data-avia-related-tooltip='Compartir en Facebook' rel=\"noopener\"><span class='avia_hidden_link_text'>Compartir en Facebook<\/span><\/a><\/li><li class='av-share-link av-social-link-twitter' ><a target=\"_blank\" aria-label=\"Compartir en Twitter\" href='https:\/\/twitter.com\/share?text=SLEP%20Ays%C3%A9n%20inicia%20visitas%20de%20asesor%C3%ADa%20directa%20a%20los%20establecimientos%20educacionales&#038;url=https:\/\/radiorevelacionfm.cl\/?p=41731' aria-hidden='false' data-av_icon='\ue8f1' data-av_iconfont='entypo-fontello' title='' data-avia-related-tooltip='Compartir en Twitter' rel=\"noopener\"><span class='avia_hidden_link_text'>Compartir en Twitter<\/span><\/a><\/li><li class='av-share-link av-social-link-whatsapp' ><a target=\"_blank\" aria-label=\"Compartir en Whatsapp\" href='https:\/\/api.whatsapp.com\/send?text=https:\/\/radiorevelacionfm.cl\/?p=41731' aria-hidden='false' data-av_icon='\uf232' data-av_iconfont='entypo-fontello' title='' data-avia-related-tooltip='Compartir en Whatsapp' rel=\"noopener\"><span class='avia_hidden_link_text'>Compartir en Whatsapp<\/span><\/a><\/li><li class='av-share-link av-social-link-linkedin' ><a target=\"_blank\" aria-label=\"Compartir en LinkedIn\" href='https:\/\/linkedin.com\/shareArticle?mini=true&#038;title=SLEP%20Ays%C3%A9n%20inicia%20visitas%20de%20asesor%C3%ADa%20directa%20a%20los%20establecimientos%20educacionales&#038;url=https:\/\/radiorevelacionfm.cl\/?p=41731' aria-hidden='false' data-av_icon='\ue8fc' data-av_iconfont='entypo-fontello' title='' data-avia-related-tooltip='Compartir en LinkedIn' rel=\"noopener\"><span class='avia_hidden_link_text'>Compartir en LinkedIn<\/span><\/a><\/li><li class='av-share-link av-social-link-mail' ><a  aria-label=\"Compartir por correo\" href='mailto:?subject=SLEP%20Ays%C3%A9n%20inicia%20visitas%20de%20asesor%C3%ADa%20directa%20a%20los%20establecimientos%20educacionales&#038;body=https:\/\/radiorevelacionfm.cl\/?p=41731' aria-hidden='false' data-av_icon='\ue805' data-av_iconfont='entypo-fontello' title='' data-avia-related-tooltip='Compartir por correo'><span class='avia_hidden_link_text'>Compartir por correo<\/span><\/a><\/li><\/ul><\/div><\/div>\n<div  style='height:50px' class='hr hr-invisible   avia-builder-el-8  el_after_av_social_share  el_before_av_comments_list '><span class='hr-inner ' ><span class='hr-inner-style'><\/span><\/span><\/div>\n<div  class='av-buildercomment  av-blog-meta-html-info-disabled av-blog-meta-tag-disabled  '><\/div>\n","protected":false},"excerpt":{"rendered":"","protected":false},"author":1,"featured_media":41732,"comment_status":"open","ping_status":"open","sticky":false,"template":"","format":"standard","meta":{"footnotes":""},"categories":[49],"tags":[],"class_list":["post-41731","post","type-post","status-publish","format-standard","has-post-thumbnail","hentry","category-educacion"],"jetpack_featured_media_url":"https:\/\/radiorevelacionfm.cl\/wp-content\/uploads\/2024\/04\/2-83-2_optimized.jpg","_links":{"self":[{"href":"https:\/\/radiorevelacionfm.cl\/index.php?rest_route=\/wp\/v2\/posts\/41731","targetHints":{"allow":["GET"]}}],"collection":[{"href":"https:\/\/radiorevelacionfm.cl\/index.php?rest_route=\/wp\/v2\/posts"}],"about":[{"href":"https:\/\/radiorevelacionfm.cl\/index.php?rest_route=\/wp\/v2\/types\/post"}],"author":[{"embeddable":true,"href":"https:\/\/radiorevelacionfm.cl\/index.php?rest_route=\/wp\/v2\/users\/1"}],"replies":[{"embeddable":true,"href":"https:\/\/radiorevelacionfm.cl\/index.php?rest_route=%2Fwp%2Fv2%2Fcomments&post=41731"}],"version-history":[{"count":1,"href":"https:\/\/radiorevelacionfm.cl\/index.php?rest_route=\/wp\/v2\/posts\/41731\/revisions"}],"predecessor-version":[{"id":41733,"href":"https:\/\/radiorevelacionfm.cl\/index.php?rest_route=\/wp\/v2\/posts\/41731\/revisions\/41733"}],"wp:featuredmedia":[{"embeddable":true,"href":"https:\/\/radiorevelacionfm.cl\/index.php?rest_route=\/wp\/v2\/media\/41732"}],"wp:attachment":[{"href":"https:\/\/radiorevelacionfm.cl\/index.php?rest_route=%2Fwp%2Fv2%2Fmedia&parent=41731"}],"wp:term":[{"taxonomy":"category","embeddable":true,"href":"https:\/\/radiorevelacionfm.cl\/index.php?rest_route=%2Fwp%2Fv2%2Fcategories&post=41731"},{"taxonomy":"post_tag","embeddable":true,"href":"https:\/\/radiorevelacionfm.cl\/index.php?rest_route=%2Fwp%2Fv2%2Ftags&post=41731"}],"curies":[{"name":"wp","href":"https:\/\/api.w.org\/{rel}","templated":true}]}}