{"id":41728,"date":"2024-04-29T00:13:48","date_gmt":"2024-04-29T03:13:48","guid":{"rendered":"https:\/\/radiorevelacionfm.cl\/?p=41728"},"modified":"2024-04-29T00:13:48","modified_gmt":"2024-04-29T03:13:48","slug":"red-futuro-tecnico-aysen-presento-su-plan-formativo-2024-y-realizo-la-primera-sesion-de-acompanamiento-en-el-contexto-de-liderazgo-distribuido","status":"publish","type":"post","link":"https:\/\/radiorevelacionfm.cl\/?p=41728","title":{"rendered":"Red Futuro T\u00e9cnico Ays\u00e9n present\u00f3 su plan formativo 2024 y realiz\u00f3 la primera sesi\u00f3n de acompa\u00f1amiento en el contexto de liderazgo distribuido"},"content":{"rendered":"<div class=\"flex_column av_one_full  flex_column_div av-zero-column-padding first  avia-builder-el-0  el_before_av_one_full  avia-builder-el-first  \" style='border-radius:0px; '><div  class='avia-image-container  av-styling-    avia-builder-el-1  avia-builder-el-no-sibling  avia-align-center '  itemprop=\"image\" itemscope=\"itemscope\" itemtype=\"https:\/\/schema.org\/ImageObject\"  ><div class='avia-image-container-inner'><div class='avia-image-overlay-wrap'><img decoding=\"async\" class='wp-image-41729 avia-img-lazy-loading-not-41729 avia_image' src=\"https:\/\/radiorevelacionfm.cl\/wp-content\/uploads\/2024\/04\/grupal-lanzamiento_rft_aysen-1536x1152-1_optimized.jpg\" alt='' title='grupal-lanzamiento_rft_aysen-1536x1152-(1)_optimized' height=\"600\" width=\"972\"  itemprop=\"thumbnailUrl\" srcset=\"https:\/\/radiorevelacionfm.cl\/wp-content\/uploads\/2024\/04\/grupal-lanzamiento_rft_aysen-1536x1152-1_optimized.jpg 972w, https:\/\/radiorevelacionfm.cl\/wp-content\/uploads\/2024\/04\/grupal-lanzamiento_rft_aysen-1536x1152-1_optimized-300x185.jpg 300w, https:\/\/radiorevelacionfm.cl\/wp-content\/uploads\/2024\/04\/grupal-lanzamiento_rft_aysen-1536x1152-1_optimized-768x474.jpg 768w, https:\/\/radiorevelacionfm.cl\/wp-content\/uploads\/2024\/04\/grupal-lanzamiento_rft_aysen-1536x1152-1_optimized-705x435.jpg 705w, https:\/\/radiorevelacionfm.cl\/wp-content\/uploads\/2024\/04\/grupal-lanzamiento_rft_aysen-1536x1152-1_optimized-450x278.jpg 450w, https:\/\/radiorevelacionfm.cl\/wp-content\/uploads\/2024\/04\/grupal-lanzamiento_rft_aysen-1536x1152-1_optimized-600x370.jpg 600w\" sizes=\"(max-width: 972px) 100vw, 972px\" \/><\/div><\/div><\/div><\/div><div class=\"flex_column av_one_full  flex_column_div av-zero-column-padding first  avia-builder-el-2  el_after_av_one_full  el_before_av_one_full  column-top-margin\" style='border-radius:0px; '><section class=\"av_textblock_section \"  itemscope=\"itemscope\" itemtype=\"https:\/\/schema.org\/BlogPosting\" itemprop=\"blogPost\" ><div class='avia_textblock  '   itemprop=\"text\" ><p style=\"text-align: center;\"><span style=\"font-size: 18pt;\"><b>Red Futuro T\u00e9cnico Ays\u00e9n present\u00f3 su plan formativo 2024 y realiz\u00f3 la primera sesi\u00f3n de acompa\u00f1amiento en el contexto de liderazgo distribuido<\/b><\/span><\/p>\n<div id=\"gtx-trans\" style=\"position: absolute; left: -50px; top: 4.31534px;\">\n<div class=\"gtx-trans-icon\"><\/div>\n<\/div>\n<\/div><\/section><\/div><div class=\"flex_column av_one_full  flex_column_div av-zero-column-padding first  avia-builder-el-4  el_after_av_one_full  el_before_av_hr  column-top-margin\" style='border-radius:0px; '><section class=\"av_textblock_section \"  itemscope=\"itemscope\" itemtype=\"https:\/\/schema.org\/BlogPosting\" itemprop=\"blogPost\" ><div class='avia_textblock  '   itemprop=\"text\" ><p class=\"v1MsoNormal\" style=\"text-align: justify;\"><i>Autoridades de la cartera de Educaci\u00f3n, representantes de los 9 establecimientos t\u00e9cnico profesionales de la regi\u00f3n e invitados especiales, asistieron a la actividad para conocer el Plan Formativo de la Red y participar en la sesi\u00f3n de acompa\u00f1amiento para equipos directivos.<\/i><\/p>\n<p class=\"v1MsoNormal\" style=\"text-align: justify;\">Con la presencia de la secretaria regional ministerial de Educaci\u00f3n de Ays\u00e9n, Isabel Garrido Casasa; el director del Servicio Local de Educaci\u00f3n P\u00fablica de Ays\u00e9n, Sebasti\u00e1n Gonz\u00e1lez Rogers, la subdirectora del \u00c1rea T\u00e9cnico Pedag\u00f3gica del SLEP Ays\u00e9n, Francisca Camus; el profesional de la Secretar\u00eda Ejecutiva de Educaci\u00f3n Media T\u00e9cnico Profesional, Manuel Morales Pezoa; directivos de establecimientos t\u00e9cnico profesionales e invitados especiales; el pasado viernes 19 de abril, se dieron a conocer los lineamientos, avances y acciones contempladas en el trabajo de la Red Futuro T\u00e9cnico Ays\u00e9n, pol\u00edtica p\u00fablica del Ministerio de Educaci\u00f3n, implementada por ONG Canales en la regi\u00f3n.<\/p>\n<p class=\"v1MsoNormal\" style=\"text-align: justify;\">Tras los saludos protocolares, la Seremi de Educaci\u00f3n de Ays\u00e9n, Isabel Garrido Casasa, destac\u00f3 la importancia de promover la vinculaci\u00f3n con actores del territorio, que es otro de los objetivos de la Red y en este contexto, se\u00f1al\u00f3 que: \u00ab<i>Como gobierno, hemos fortalecido distintas iniciativas existentes y potenciado otras nuevas, por ejemplo en el \u00faltimo per\u00edodo, cinco establecimientos de la regi\u00f3n se adjudicaron importantes fondos, por m\u00e1s de 300 millones de pesos, para actualizar su equipamiento t\u00e9cnico profesional y por otra parte, estamos desarrollando una actualizaci\u00f3n curricular de distintas especialidades, en conjunto con el Congreso Pedag\u00f3gico y Curricular y, continuamos trabajando junto a ONG Canales para seguir constituyendo redes de articulaci\u00f3n de establecimientos t\u00e9cnico profesionales, lo que es muy valorado y necesario para seguir mejorando la calidad de la ense\u00f1anza en este espacio TP<\/i>\u00ab.<\/p>\n<p class=\"v1MsoNormal\" style=\"text-align: justify;\"><b>Sostenibilidad y Desarrollo Pa\u00eds<\/b><\/p>\n<p class=\"v1MsoNormal\" style=\"text-align: justify;\">Por su parte, el profesional de la Secretar\u00eda Ejecutiva de Educaci\u00f3n Media T\u00e9cnico Profesional, Manuel Morales, expuso sobre la tem\u00e1tica \u00abEducaci\u00f3n T\u00e9cnico Profesional para el Desarrollo Humano Sostenible\u00bb, abordando as\u00ed los desaf\u00edos para la educaci\u00f3n TP desde la formaci\u00f3n y desde el \u00e1mbito laboral, relevando tambi\u00e9n el \u00ab<i>fortalecimiento de la participaci\u00f3n de los estudiantes, docentes y comunidades educativas para la toma de decisiones, lo que nos lleva a tener, efectivamente, una idea de desarrollo sostenible del pa\u00eds y particularmente, de la regi\u00f3n<\/i>\u00ab, indic\u00f3.<\/p>\n<p class=\"v1MsoNormal\" style=\"text-align: justify;\">Adem\u00e1s de proporcionar detalles sobre las actividades contenidas en el plan formativo 2024, la directora regional de ONG Canales Ays\u00e9n, Bernardita Lazo Reyes, realiz\u00f3 un balance del trabajo ejecutado en 2023, identificando los aprendizajes y avances, adem\u00e1s de plantear los pr\u00f3ximos desaf\u00edos, mostr\u00e1ndose agradecida por la convocatoria. \u00ab<i>Este tipo de actividades siempre son muy favorables para la relaci\u00f3n entre establecimientos de la Red, sobre todo presencial y con la participaci\u00f3n de las autoridades que estuvieron dispuestas a conversar, aclarar dudas e involucrarse en las actividades. Adem\u00e1s, agradecemos que los establecimientos ubicados fuera de la comuna se movilizaran para participar de este hito de lanzamiento y del taller de liderazgo distribuido<\/i>.\u00bb, enfatiz\u00f3.<\/p>\n<p class=\"v1MsoNormal\" style=\"text-align: justify;\"><b>Identidad Territorial<\/b><\/p>\n<p class=\"v1MsoNormal\" style=\"text-align: justify;\">M\u00e1s tarde, se llev\u00f3 a cabo la primera sesi\u00f3n de acompa\u00f1amiento para equipos directivos en el contexto de liderazgo distribuido, dictada por Viviana Zapata, en la que se analizaron las actuales pr\u00e1cticas de la gesti\u00f3n institucional, instando a los participantes a realizar un levantamiento de informaci\u00f3n y posterior proceso reflexivo para identificar las oportunidades de mejora en la gesti\u00f3n escolar de sus establecimientos.<\/p>\n<p class=\"v1MsoNormal\" style=\"text-align: justify;\">El objetivo de la Red Futuro T\u00e9cnico es fortalecer la Educaci\u00f3n Media T\u00e9cnico Profesional del pa\u00eds, generando y promoviendo la asociaci\u00f3n y colaboraci\u00f3n entre establecimientos educacionales pertenecientes a la regi\u00f3n de Ays\u00e9n, articulando con el entorno regional, por medio de la vinculaci\u00f3n con instituciones de Educaci\u00f3n Superior p\u00fablicas y privadas y, con el mundo del trabajo, manteniendo un enfoque de identidad territorial.<\/p>\n<\/div><\/section><\/div><div  style='height:50px' class='hr hr-invisible   avia-builder-el-6  el_after_av_one_full  el_before_av_social_share '><span class='hr-inner ' ><span class='hr-inner-style'><\/span><\/span><\/div><\/p>\n<div  class='av-social-sharing-box  avia-builder-el-7  el_after_av_hr  el_before_av_hr  '><div class='av-share-box'><h5 class='av-share-link-description av-no-toc '>Compartir esta noticia<\/h5><ul class='av-share-box-list noLightbox'><li class='av-share-link av-social-link-facebook' ><a target=\"_blank\" aria-label=\"Compartir en Facebook\" href='https:\/\/www.facebook.com\/sharer.php?u=https:\/\/radiorevelacionfm.cl\/?p=41728&#038;t=Red%20Futuro%20T%C3%A9cnico%20Ays%C3%A9n%20present%C3%B3%20su%20plan%20formativo%202024%20y%20realiz%C3%B3%20la%20primera%20sesi%C3%B3n%20de%20acompa%C3%B1amiento%20en%20el%20contexto%20de%20liderazgo%20distribuido' aria-hidden='false' data-av_icon='\ue8f3' data-av_iconfont='entypo-fontello' title='' data-avia-related-tooltip='Compartir en Facebook' rel=\"noopener\"><span class='avia_hidden_link_text'>Compartir en Facebook<\/span><\/a><\/li><li class='av-share-link av-social-link-twitter' ><a target=\"_blank\" aria-label=\"Compartir en Twitter\" href='https:\/\/twitter.com\/share?text=Red%20Futuro%20T%C3%A9cnico%20Ays%C3%A9n%20present%C3%B3%20su%20plan%20formativo%202024%20y%20realiz%C3%B3%20la%20primera%20sesi%C3%B3n%20de%20acompa%C3%B1amiento%20en%20el%20contexto%20de%20liderazgo%20distribuido&#038;url=https:\/\/radiorevelacionfm.cl\/?p=41728' aria-hidden='false' data-av_icon='\ue8f1' data-av_iconfont='entypo-fontello' title='' data-avia-related-tooltip='Compartir en Twitter' rel=\"noopener\"><span class='avia_hidden_link_text'>Compartir en Twitter<\/span><\/a><\/li><li class='av-share-link av-social-link-whatsapp' ><a target=\"_blank\" aria-label=\"Compartir en Whatsapp\" href='https:\/\/api.whatsapp.com\/send?text=https:\/\/radiorevelacionfm.cl\/?p=41728' aria-hidden='false' data-av_icon='\uf232' data-av_iconfont='entypo-fontello' title='' data-avia-related-tooltip='Compartir en Whatsapp' rel=\"noopener\"><span class='avia_hidden_link_text'>Compartir en Whatsapp<\/span><\/a><\/li><li class='av-share-link av-social-link-linkedin' ><a target=\"_blank\" aria-label=\"Compartir en LinkedIn\" href='https:\/\/linkedin.com\/shareArticle?mini=true&#038;title=Red%20Futuro%20T%C3%A9cnico%20Ays%C3%A9n%20present%C3%B3%20su%20plan%20formativo%202024%20y%20realiz%C3%B3%20la%20primera%20sesi%C3%B3n%20de%20acompa%C3%B1amiento%20en%20el%20contexto%20de%20liderazgo%20distribuido&#038;url=https:\/\/radiorevelacionfm.cl\/?p=41728' aria-hidden='false' data-av_icon='\ue8fc' data-av_iconfont='entypo-fontello' title='' data-avia-related-tooltip='Compartir en LinkedIn' rel=\"noopener\"><span class='avia_hidden_link_text'>Compartir en LinkedIn<\/span><\/a><\/li><li class='av-share-link av-social-link-mail' ><a  aria-label=\"Compartir por correo\" href='mailto:?subject=Red%20Futuro%20T%C3%A9cnico%20Ays%C3%A9n%20present%C3%B3%20su%20plan%20formativo%202024%20y%20realiz%C3%B3%20la%20primera%20sesi%C3%B3n%20de%20acompa%C3%B1amiento%20en%20el%20contexto%20de%20liderazgo%20distribuido&#038;body=https:\/\/radiorevelacionfm.cl\/?p=41728' aria-hidden='false' data-av_icon='\ue805' data-av_iconfont='entypo-fontello' title='' data-avia-related-tooltip='Compartir por correo'><span class='avia_hidden_link_text'>Compartir por correo<\/span><\/a><\/li><\/ul><\/div><\/div>\n<div  style='height:50px' class='hr hr-invisible   avia-builder-el-8  el_after_av_social_share  el_before_av_comments_list '><span class='hr-inner ' ><span class='hr-inner-style'><\/span><\/span><\/div>\n<div  class='av-buildercomment  av-blog-meta-html-info-disabled av-blog-meta-tag-disabled  '><\/div>\n","protected":false},"excerpt":{"rendered":"","protected":false},"author":1,"featured_media":41729,"comment_status":"open","ping_status":"open","sticky":false,"template":"","format":"standard","meta":{"footnotes":""},"categories":[49],"tags":[],"class_list":["post-41728","post","type-post","status-publish","format-standard","has-post-thumbnail","hentry","category-educacion"],"jetpack_featured_media_url":"https:\/\/radiorevelacionfm.cl\/wp-content\/uploads\/2024\/04\/grupal-lanzamiento_rft_aysen-1536x1152-1_optimized.jpg","_links":{"self":[{"href":"https:\/\/radiorevelacionfm.cl\/index.php?rest_route=\/wp\/v2\/posts\/41728","targetHints":{"allow":["GET"]}}],"collection":[{"href":"https:\/\/radiorevelacionfm.cl\/index.php?rest_route=\/wp\/v2\/posts"}],"about":[{"href":"https:\/\/radiorevelacionfm.cl\/index.php?rest_route=\/wp\/v2\/types\/post"}],"author":[{"embeddable":true,"href":"https:\/\/radiorevelacionfm.cl\/index.php?rest_route=\/wp\/v2\/users\/1"}],"replies":[{"embeddable":true,"href":"https:\/\/radiorevelacionfm.cl\/index.php?rest_route=%2Fwp%2Fv2%2Fcomments&post=41728"}],"version-history":[{"count":1,"href":"https:\/\/radiorevelacionfm.cl\/index.php?rest_route=\/wp\/v2\/posts\/41728\/revisions"}],"predecessor-version":[{"id":41730,"href":"https:\/\/radiorevelacionfm.cl\/index.php?rest_route=\/wp\/v2\/posts\/41728\/revisions\/41730"}],"wp:featuredmedia":[{"embeddable":true,"href":"https:\/\/radiorevelacionfm.cl\/index.php?rest_route=\/wp\/v2\/media\/41729"}],"wp:attachment":[{"href":"https:\/\/radiorevelacionfm.cl\/index.php?rest_route=%2Fwp%2Fv2%2Fmedia&parent=41728"}],"wp:term":[{"taxonomy":"category","embeddable":true,"href":"https:\/\/radiorevelacionfm.cl\/index.php?rest_route=%2Fwp%2Fv2%2Fcategories&post=41728"},{"taxonomy":"post_tag","embeddable":true,"href":"https:\/\/radiorevelacionfm.cl\/index.php?rest_route=%2Fwp%2Fv2%2Ftags&post=41728"}],"curies":[{"name":"wp","href":"https:\/\/api.w.org\/{rel}","templated":true}]}}