{"id":41725,"date":"2024-04-28T23:00:20","date_gmt":"2024-04-29T02:00:20","guid":{"rendered":"https:\/\/radiorevelacionfm.cl\/?p=41725"},"modified":"2024-04-28T23:00:20","modified_gmt":"2024-04-29T02:00:20","slug":"luperciano-munoz-evaluaremos-ser-candidato-en-coyhaique","status":"publish","type":"post","link":"https:\/\/radiorevelacionfm.cl\/?p=41725","title":{"rendered":"Luperciano Mu\u00f1oz: \u00abEvaluaremos ser candidato en Coyhaique\u00bb"},"content":{"rendered":"<div class=\"flex_column av_one_full  flex_column_div av-zero-column-padding first  avia-builder-el-0  el_before_av_one_full  avia-builder-el-first  \" style='border-radius:0px; '><div  class='avia-image-container  av-styling-    avia-builder-el-1  avia-builder-el-no-sibling  avia-align-center '  itemprop=\"image\" itemscope=\"itemscope\" itemtype=\"https:\/\/schema.org\/ImageObject\"  ><div class='avia-image-container-inner'><div class='avia-image-overlay-wrap'><img decoding=\"async\" class='wp-image-41726 avia-img-lazy-loading-not-41726 avia_image' src=\"https:\/\/radiorevelacionfm.cl\/wp-content\/uploads\/2024\/04\/Luperciano-1-1.jpg\" alt='' title='Luperciano (1) (1)' height=\"600\" width=\"800\"  itemprop=\"thumbnailUrl\" srcset=\"https:\/\/radiorevelacionfm.cl\/wp-content\/uploads\/2024\/04\/Luperciano-1-1.jpg 800w, https:\/\/radiorevelacionfm.cl\/wp-content\/uploads\/2024\/04\/Luperciano-1-1-300x225.jpg 300w, https:\/\/radiorevelacionfm.cl\/wp-content\/uploads\/2024\/04\/Luperciano-1-1-768x576.jpg 768w, https:\/\/radiorevelacionfm.cl\/wp-content\/uploads\/2024\/04\/Luperciano-1-1-705x529.jpg 705w, https:\/\/radiorevelacionfm.cl\/wp-content\/uploads\/2024\/04\/Luperciano-1-1-450x338.jpg 450w, https:\/\/radiorevelacionfm.cl\/wp-content\/uploads\/2024\/04\/Luperciano-1-1-600x450.jpg 600w\" sizes=\"(max-width: 800px) 100vw, 800px\" \/><\/div><\/div><\/div><\/div><div class=\"flex_column av_one_full  flex_column_div av-zero-column-padding first  avia-builder-el-2  el_after_av_one_full  el_before_av_one_full  column-top-margin\" style='border-radius:0px; '><section class=\"av_textblock_section \"  itemscope=\"itemscope\" itemtype=\"https:\/\/schema.org\/BlogPosting\" itemprop=\"blogPost\" ><div class='avia_textblock  '   itemprop=\"text\" ><p style=\"text-align: center;\"><strong><span style=\"font-size: 18pt;\">Luperciano Mu\u00f1oz: \u00abEvaluaremos ser candidato en Coyhaique\u00bb<\/span><\/strong><\/p>\n<div id=\"gtx-trans\" style=\"position: absolute; left: -50px; top: 4.31534px;\">\n<div class=\"gtx-trans-icon\"><\/div>\n<\/div>\n<\/div><\/section><\/div><div class=\"flex_column av_one_full  flex_column_div av-zero-column-padding first  avia-builder-el-4  el_after_av_one_full  el_before_av_hr  column-top-margin\" style='border-radius:0px; '><section class=\"av_textblock_section \"  itemscope=\"itemscope\" itemtype=\"https:\/\/schema.org\/BlogPosting\" itemprop=\"blogPost\" ><div class='avia_textblock  '   itemprop=\"text\" ><p style=\"text-align: justify;\">El alcalde de Chile Chico, Luperciano Mu\u00f1oz, se refiri\u00f3 a la solicitud que le han realizado vecinos\/as y organizaciones sociales de Coyhaique para que se presente como candidato a alcalde en la capital regional.<\/p>\n<p style=\"text-align: justify;\">De acuerdo a lo indicado por el edil, han sido muchos los llamados telef\u00f3nicos y mensajes por redes sociales de diferentes representantes de juntas de vecinos, organizaciones sociales y clubes deportivos, argumentando que la comuna necesita otro tipo de liderazgo e iniciativas innovadoras que la transformen en un capital regional atractiva y moderna. \u00abPor este motivo y bas\u00e1ndose adem\u00e1s en la exitosa gesti\u00f3n que hemos realizado en Chile Chico, me han pedido que sea candidato a alcalde en la comuna de Coyhaique, situaci\u00f3n que evidentemente estamos evaluando\u00bb, asegur\u00f3 Luperciano Mu\u00f1oz.<\/p>\n<p style=\"text-align: justify;\">Adem\u00e1s se\u00f1al\u00f3 que \u00abes muy importante que todos los actores pol\u00edticos, sociales, gremiales, vecinas y vecinos entremos en un debate en torno a \u00bfC\u00f3mo es el Coyhaique que queremos construir?, desde el punto de vista comunal, pero tambi\u00e9n como capital regional. La falta de visi\u00f3n urban\u00edstica es evidente, por lo tanto, estamos absolutamente disponibles para ser parte de este proceso de discusi\u00f3n regional en tormo a un Coyhaique innovador, moderno y pujante, con una mirada siempre constructiva\u00bb.<\/p>\n<p style=\"text-align: justify;\">Finalmente, Luperciano Mu\u00f1oz agradeci\u00f3 todas las muestras de cari\u00f1o y apoyo de dirigentes, vecinos\/as, amigas y amigos \u00abque al enterarse de que no vamos a la reelecci\u00f3n en Chile Chico nos proponen ser una alternativa para Coyhaique. Nos sentimos muy orgullosos, ya que actualmente no es habitual que a un pol\u00edtico lo llamen para que sea candidato\u00bb.<\/p>\n<\/div><\/section><\/div><div  style='height:50px' class='hr hr-invisible   avia-builder-el-6  el_after_av_one_full  el_before_av_social_share '><span class='hr-inner ' ><span class='hr-inner-style'><\/span><\/span><\/div><\/p>\n<div  class='av-social-sharing-box  avia-builder-el-7  el_after_av_hr  el_before_av_hr  '><div class='av-share-box'><h5 class='av-share-link-description av-no-toc '>Compartir esta noticia<\/h5><ul class='av-share-box-list noLightbox'><li class='av-share-link av-social-link-facebook' ><a target=\"_blank\" aria-label=\"Compartir en Facebook\" href='https:\/\/www.facebook.com\/sharer.php?u=https:\/\/radiorevelacionfm.cl\/?p=41725&#038;t=Luperciano%20Mu%C3%B1oz%3A%20%C2%ABEvaluaremos%20ser%20candidato%20en%20Coyhaique%C2%BB' aria-hidden='false' data-av_icon='\ue8f3' data-av_iconfont='entypo-fontello' title='' data-avia-related-tooltip='Compartir en Facebook' rel=\"noopener\"><span class='avia_hidden_link_text'>Compartir en Facebook<\/span><\/a><\/li><li class='av-share-link av-social-link-twitter' ><a target=\"_blank\" aria-label=\"Compartir en Twitter\" href='https:\/\/twitter.com\/share?text=Luperciano%20Mu%C3%B1oz%3A%20%C2%ABEvaluaremos%20ser%20candidato%20en%20Coyhaique%C2%BB&#038;url=https:\/\/radiorevelacionfm.cl\/?p=41725' aria-hidden='false' data-av_icon='\ue8f1' data-av_iconfont='entypo-fontello' title='' data-avia-related-tooltip='Compartir en Twitter' rel=\"noopener\"><span class='avia_hidden_link_text'>Compartir en Twitter<\/span><\/a><\/li><li class='av-share-link av-social-link-whatsapp' ><a target=\"_blank\" aria-label=\"Compartir en Whatsapp\" href='https:\/\/api.whatsapp.com\/send?text=https:\/\/radiorevelacionfm.cl\/?p=41725' aria-hidden='false' data-av_icon='\uf232' data-av_iconfont='entypo-fontello' title='' data-avia-related-tooltip='Compartir en Whatsapp' rel=\"noopener\"><span class='avia_hidden_link_text'>Compartir en Whatsapp<\/span><\/a><\/li><li class='av-share-link av-social-link-linkedin' ><a target=\"_blank\" aria-label=\"Compartir en LinkedIn\" href='https:\/\/linkedin.com\/shareArticle?mini=true&#038;title=Luperciano%20Mu%C3%B1oz%3A%20%C2%ABEvaluaremos%20ser%20candidato%20en%20Coyhaique%C2%BB&#038;url=https:\/\/radiorevelacionfm.cl\/?p=41725' aria-hidden='false' data-av_icon='\ue8fc' data-av_iconfont='entypo-fontello' title='' data-avia-related-tooltip='Compartir en LinkedIn' rel=\"noopener\"><span class='avia_hidden_link_text'>Compartir en LinkedIn<\/span><\/a><\/li><li class='av-share-link av-social-link-mail' ><a  aria-label=\"Compartir por correo\" href='mailto:?subject=Luperciano%20Mu%C3%B1oz%3A%20%C2%ABEvaluaremos%20ser%20candidato%20en%20Coyhaique%C2%BB&#038;body=https:\/\/radiorevelacionfm.cl\/?p=41725' aria-hidden='false' data-av_icon='\ue805' data-av_iconfont='entypo-fontello' title='' data-avia-related-tooltip='Compartir por correo'><span class='avia_hidden_link_text'>Compartir por correo<\/span><\/a><\/li><\/ul><\/div><\/div>\n<div  style='height:50px' class='hr hr-invisible   avia-builder-el-8  el_after_av_social_share  el_before_av_comments_list '><span class='hr-inner ' ><span class='hr-inner-style'><\/span><\/span><\/div>\n<div  class='av-buildercomment  av-blog-meta-html-info-disabled av-blog-meta-tag-disabled  '><\/div>\n","protected":false},"excerpt":{"rendered":"","protected":false},"author":1,"featured_media":41726,"comment_status":"open","ping_status":"open","sticky":false,"template":"","format":"standard","meta":{"footnotes":""},"categories":[35],"tags":[],"class_list":["post-41725","post","type-post","status-publish","format-standard","has-post-thumbnail","hentry","category-politica"],"jetpack_featured_media_url":"https:\/\/radiorevelacionfm.cl\/wp-content\/uploads\/2024\/04\/Luperciano-1-1.jpg","_links":{"self":[{"href":"https:\/\/radiorevelacionfm.cl\/index.php?rest_route=\/wp\/v2\/posts\/41725","targetHints":{"allow":["GET"]}}],"collection":[{"href":"https:\/\/radiorevelacionfm.cl\/index.php?rest_route=\/wp\/v2\/posts"}],"about":[{"href":"https:\/\/radiorevelacionfm.cl\/index.php?rest_route=\/wp\/v2\/types\/post"}],"author":[{"embeddable":true,"href":"https:\/\/radiorevelacionfm.cl\/index.php?rest_route=\/wp\/v2\/users\/1"}],"replies":[{"embeddable":true,"href":"https:\/\/radiorevelacionfm.cl\/index.php?rest_route=%2Fwp%2Fv2%2Fcomments&post=41725"}],"version-history":[{"count":1,"href":"https:\/\/radiorevelacionfm.cl\/index.php?rest_route=\/wp\/v2\/posts\/41725\/revisions"}],"predecessor-version":[{"id":41727,"href":"https:\/\/radiorevelacionfm.cl\/index.php?rest_route=\/wp\/v2\/posts\/41725\/revisions\/41727"}],"wp:featuredmedia":[{"embeddable":true,"href":"https:\/\/radiorevelacionfm.cl\/index.php?rest_route=\/wp\/v2\/media\/41726"}],"wp:attachment":[{"href":"https:\/\/radiorevelacionfm.cl\/index.php?rest_route=%2Fwp%2Fv2%2Fmedia&parent=41725"}],"wp:term":[{"taxonomy":"category","embeddable":true,"href":"https:\/\/radiorevelacionfm.cl\/index.php?rest_route=%2Fwp%2Fv2%2Fcategories&post=41725"},{"taxonomy":"post_tag","embeddable":true,"href":"https:\/\/radiorevelacionfm.cl\/index.php?rest_route=%2Fwp%2Fv2%2Ftags&post=41725"}],"curies":[{"name":"wp","href":"https:\/\/api.w.org\/{rel}","templated":true}]}}