{"id":41722,"date":"2024-04-28T22:46:34","date_gmt":"2024-04-29T01:46:34","guid":{"rendered":"https:\/\/radiorevelacionfm.cl\/?p=41722"},"modified":"2024-04-28T22:46:34","modified_gmt":"2024-04-29T01:46:34","slug":"carabineros-aysen-rindio-homenaje-postumo-a-sus-tres-martires-en-97-aniversario-institucional","status":"publish","type":"post","link":"https:\/\/radiorevelacionfm.cl\/?p=41722","title":{"rendered":"Carabineros Ays\u00e9n rindi\u00f3 homenaje p\u00f3stumo a sus tres m\u00e1rtires en 97 aniversario institucional"},"content":{"rendered":"<div class=\"flex_column av_one_full  flex_column_div av-zero-column-padding first  avia-builder-el-0  el_before_av_one_full  avia-builder-el-first  \" style='border-radius:0px; '><div  class='avia-image-container  av-styling-    avia-builder-el-1  avia-builder-el-no-sibling  avia-align-center '  itemprop=\"image\" itemscope=\"itemscope\" itemtype=\"https:\/\/schema.org\/ImageObject\"  ><div class='avia-image-container-inner'><div class='avia-image-overlay-wrap'><img decoding=\"async\" class='wp-image-41723 avia-img-lazy-loading-not-41723 avia_image' src=\"https:\/\/radiorevelacionfm.cl\/wp-content\/uploads\/2024\/04\/bb208219-46a2-4e5f-9fc8-086525f3ac90-1-1.jpg\" alt='' title='bb208219-46a2-4e5f-9fc8-086525f3ac90 (1) (1)' height=\"600\" width=\"1067\"  itemprop=\"thumbnailUrl\" srcset=\"https:\/\/radiorevelacionfm.cl\/wp-content\/uploads\/2024\/04\/bb208219-46a2-4e5f-9fc8-086525f3ac90-1-1.jpg 1067w, https:\/\/radiorevelacionfm.cl\/wp-content\/uploads\/2024\/04\/bb208219-46a2-4e5f-9fc8-086525f3ac90-1-1-300x169.jpg 300w, https:\/\/radiorevelacionfm.cl\/wp-content\/uploads\/2024\/04\/bb208219-46a2-4e5f-9fc8-086525f3ac90-1-1-1030x579.jpg 1030w, https:\/\/radiorevelacionfm.cl\/wp-content\/uploads\/2024\/04\/bb208219-46a2-4e5f-9fc8-086525f3ac90-1-1-768x432.jpg 768w, https:\/\/radiorevelacionfm.cl\/wp-content\/uploads\/2024\/04\/bb208219-46a2-4e5f-9fc8-086525f3ac90-1-1-705x396.jpg 705w, https:\/\/radiorevelacionfm.cl\/wp-content\/uploads\/2024\/04\/bb208219-46a2-4e5f-9fc8-086525f3ac90-1-1-450x253.jpg 450w, https:\/\/radiorevelacionfm.cl\/wp-content\/uploads\/2024\/04\/bb208219-46a2-4e5f-9fc8-086525f3ac90-1-1-600x337.jpg 600w\" sizes=\"(max-width: 1067px) 100vw, 1067px\" \/><\/div><\/div><\/div><\/div><div class=\"flex_column av_one_full  flex_column_div av-zero-column-padding first  avia-builder-el-2  el_after_av_one_full  el_before_av_one_full  column-top-margin\" style='border-radius:0px; '><section class=\"av_textblock_section \"  itemscope=\"itemscope\" itemtype=\"https:\/\/schema.org\/BlogPosting\" itemprop=\"blogPost\" ><div class='avia_textblock  '   itemprop=\"text\" ><p style=\"text-align: center;\"><span style=\"font-size: 18pt;\"><b><span lang=\"ES\">Carabineros Ays\u00e9n rindi\u00f3 homenaje p\u00f3stumo a sus tres m\u00e1rtires en 97 aniversario institucional<\/span><\/b><\/span><\/p>\n<div id=\"gtx-trans\" style=\"position: absolute; left: -50px; top: 4.31534px;\">\n<div class=\"gtx-trans-icon\"><\/div>\n<\/div>\n<\/div><\/section><\/div><div class=\"flex_column av_one_full  flex_column_div av-zero-column-padding first  avia-builder-el-4  el_after_av_one_full  el_before_av_hr  column-top-margin\" style='border-radius:0px; '><section class=\"av_textblock_section \"  itemscope=\"itemscope\" itemtype=\"https:\/\/schema.org\/BlogPosting\" itemprop=\"blogPost\" ><div class='avia_textblock  '   itemprop=\"text\" ><p class=\"v1gmail-MsoListParagraphCxSpFirst\" style=\"text-align: justify;\"><em><span lang=\"ES\">Ceremonias protocolares y actos conmemorativos fueron suspendidos a nivel nacional tras asesinato de tres funcionarios en la regi\u00f3n del Bio Bio.<\/span><\/em><\/p>\n<p class=\"v1gmail-MsoListParagraphCxSpLast\" style=\"text-align: justify;\"><em><span lang=\"ES\">Carabineros agradeci\u00f3 a la comunidad que se traslad\u00f3 a los cuarteles a entregar muestras de cari\u00f1o, afecto y respeto junto con expresar sus condolencias y sentimientos de pesar por tan irreparable p\u00e9rdida.<\/span><\/em><\/p>\n<p class=\"v1MsoNormal\" style=\"text-align: justify;\"><span lang=\"ES\">Con un toque de silencio, el pabell\u00f3n nacional e institucional a media asta durante tres d\u00edas de duelo nacional y la suspensi\u00f3n de todo acto conmemorativo, marcaron el inicio del 27 de abril, tras el asesinato de tres carabineros la regi\u00f3n del Bio Bio.<\/span><\/p>\n<p class=\"v1MsoNormal\" style=\"text-align: justify;\"><span lang=\"ES\">Con un profundo sentimiento de pesar, Carabineros inici\u00f3 la jornada de su 97 aniversario con un toque de silencio frente a la 1ra Comisar\u00eda de Coyhaique, con una formaci\u00f3n encabezada por el Jefe de Zona Ays\u00e9n, General Patricio Santos Poblete, lo cual se replic\u00f3 en todos los cuarteles a lo largo y ancho de la regi\u00f3n y el pa\u00eds, en memoria de los h\u00e9roes institucionales, aquellos 1.240 hombres y mujeres que, a lo largo de 97 a\u00f1os de historia, han rendido la vida en defensa del orden y de la patria.<\/span><\/p>\n<p class=\"v1MsoNormal\" style=\"text-align: justify;\"><span lang=\"ES\">Se trata del Sargento 1ro Carlos Cisterna Navarro (QEPD), el Cabo 1ro Misael Vidal Cid (QEPD) y el Cabo 1ro Sergio Ar\u00e9valo Lobo (QEPD), quienes al igual que la Sargento Rita Olivares Raio, el Cabo 1ro \u00c1lex Salazar Rodr\u00edguez, el Carabinero Breant Rivas Manr\u00edquez, el Cabo 1ro Daniel Palma Y\u00e1\u00f1ez -en 2023- tal como lo hizo a comienzo del mes de abril del presente a\u00f1o, el Teniente Emmanuel S\u00e1nchez Soto, son ellos los h\u00e9roes de Carabineros, los h\u00e9roes de Chile, quienes han rendido su vida protegiendo a la comunidad.<\/span><\/p>\n<p class=\"v1MsoNormal\" style=\"text-align: justify;\"><b><span lang=\"ES\">Apoyo de la comunidad<\/span><\/b><\/p>\n<p class=\"v1MsoNormal\" style=\"text-align: justify;\"><span lang=\"ES\">Desde las primeras horas de la ma\u00f1ana, Carabineros recibi\u00f3 en sus cuarteles expresiones de cari\u00f1o, afecto y respeto de la comunidad, quienes concurrieron a manifestar sus condolencias y sentimientos de pesar por la irreparable p\u00e9rdida de los tres nuevos m\u00e1rtires de carabineros fallecidos en actos de servicio.<\/span><\/p>\n<p class=\"v1MsoNormal\" style=\"text-align: justify;\"><span lang=\"ES\">\u00abLos Carabineros trabajamos en el ex post a las causas de los problemas, trabajamos para mantener el orden p\u00fablico, para llevar tranquilidad a las personas, trabajamos sobre los delincuentes (&#8230;) hoy d\u00eda, cuando nos embarga el dolor, el sufrimiento, la pena, suspendemos todas nuestras actividades protocolares porque la forma de honrar a nuestros m\u00e1rtires, es haciendo lo que sabemos hacer, protegiendo a las personas, patrullando las calles, estar donde las personas nos necesitan y cumpliendo el juramento de servicio\u00bb, expres\u00f3 el Jefe de Zona Ays\u00e9n, General Patricio Santos Poblete en su alocuci\u00f3n en ceremonia de izamiento del pabell\u00f3n patrio.<\/span><\/p>\n<p class=\"v1MsoNormal\" style=\"text-align: justify;\"><span lang=\"ES\">El Oficial General a\u00f1adi\u00f3 que pese al dolor que vive la Instituci\u00f3n, Carabineros continuar\u00e1 trabajando y cumpliendo con el deber. \u00abLo \u00fanico que nos moviliza es la vocaci\u00f3n de servicio p\u00fablico, somos capaces de entregar la vida por los dem\u00e1s, porque lo que nos moviliza es una causa que trasciende en el tiempo que no tiene uniforme ni frontera, que es la causa de servir a quienes m\u00e1s lo necesitan\u00bb, indic\u00f3 con profunda tristeza el Jefe de Zona Ays\u00e9n, quien agradeci\u00f3 el respeto y cari\u00f1o expresado por la comunidad.<\/span><\/p>\n<p class=\"v1MsoNormal\" style=\"text-align: justify;\"><b><span lang=\"ES\">Nobleza en su ideal<\/span><\/b><\/p>\n<p class=\"v1MsoNormal\" style=\"text-align: justify;\"><span lang=\"ES\">La jornada finaliz\u00f3 a las 19:00 horas del s\u00e1bado con una misa en la catedral de Coyhaique en memoria de los m\u00e1rtires institucionales, ceremonia religiosa por el Obispo de Ays\u00e9n Mose\u00f1or Luis Infanti de la Mora y el Obispo Castrense Monse\u00f1or Pedro Ossandon Buljevic, <\/span>a la cual concurri\u00f3 la familia institucional, sumado a la presencia de autoridades y una masiva concurrencia de la comunidad que acompa\u00f1\u00f3 a sus carabineros en el primero de los tres d\u00edas de duelo nacional producto de esta tragedia.<\/p>\n<p class=\"v1MsoNormal\" style=\"text-align: justify;\"><span lang=\"ES\">Con profunda tristeza, el General Santos reiter\u00f3 en este acto religioso que \u00ablo que nos moviliza y nos inspira es orientar nuestro prop\u00f3sito a una causa y un deber p\u00fablico y posicional, y es una causa porque es noble en su ideal, proteger a la comunidad, sin distinci\u00f3n de g\u00e9nero, credo, condici\u00f3n u orientaci\u00f3n pol\u00edtica, es una causa porque la protecci\u00f3n de la comunidad trasciende a las instituciones, trasciende a los uniformes y trasciende a los tiempos. Proteger a la comunidad es un deber constitucional, el cual se relaciona con la posici\u00f3n que ocupamos dentro de las estructuras sociales\u00bb, expres\u00f3.<\/span><\/p>\n<p class=\"v1MsoNormal\" style=\"text-align: justify;\"><span lang=\"ES\">En los \u00faltimos 12 a\u00f1os en la macrozona sur, 588 carabineros han sido lesionados, 120 de ellos por impactos bal\u00edsticos y 7 han rendido la vida. \u00a0<\/span><\/p>\n<p style=\"text-align: justify;\"><span lang=\"ES\">Carabineros reafirma su contribuci\u00f3n a generar las condiciones de seguridad que permitan el desarrollo humano por parte de esta instituci\u00f3n de verde uniforme integrada por servidores p\u00fablicos movilizados por el deber de protecci\u00f3n de la comunidad, deber que -al igual que desde hace 97 a\u00f1os- hoy cumplen 60 mil hombres y mujeres, quienes por vocaci\u00f3n y entrega lo dan todo por los dem\u00e1s y, pese a la adversidad sigue de pie cumpliendo su misi\u00f3n.<\/span><\/p>\n<\/div><\/section><\/div><div  style='height:50px' class='hr hr-invisible   avia-builder-el-6  el_after_av_one_full  el_before_av_social_share '><span class='hr-inner ' ><span class='hr-inner-style'><\/span><\/span><\/div><\/p>\n<div  class='av-social-sharing-box  avia-builder-el-7  el_after_av_hr  el_before_av_hr  '><div class='av-share-box'><h5 class='av-share-link-description av-no-toc '>Compartir esta noticia<\/h5><ul class='av-share-box-list noLightbox'><li class='av-share-link av-social-link-facebook' ><a target=\"_blank\" aria-label=\"Compartir en Facebook\" href='https:\/\/www.facebook.com\/sharer.php?u=https:\/\/radiorevelacionfm.cl\/?p=41722&#038;t=Carabineros%20Ays%C3%A9n%20rindi%C3%B3%20homenaje%20p%C3%B3stumo%20a%20sus%20tres%20m%C3%A1rtires%20en%2097%20aniversario%20institucional' aria-hidden='false' data-av_icon='\ue8f3' data-av_iconfont='entypo-fontello' title='' data-avia-related-tooltip='Compartir en Facebook' rel=\"noopener\"><span class='avia_hidden_link_text'>Compartir en Facebook<\/span><\/a><\/li><li class='av-share-link av-social-link-twitter' ><a target=\"_blank\" aria-label=\"Compartir en Twitter\" href='https:\/\/twitter.com\/share?text=Carabineros%20Ays%C3%A9n%20rindi%C3%B3%20homenaje%20p%C3%B3stumo%20a%20sus%20tres%20m%C3%A1rtires%20en%2097%20aniversario%20institucional&#038;url=https:\/\/radiorevelacionfm.cl\/?p=41722' aria-hidden='false' data-av_icon='\ue8f1' data-av_iconfont='entypo-fontello' title='' data-avia-related-tooltip='Compartir en Twitter' rel=\"noopener\"><span class='avia_hidden_link_text'>Compartir en Twitter<\/span><\/a><\/li><li class='av-share-link av-social-link-whatsapp' ><a target=\"_blank\" aria-label=\"Compartir en Whatsapp\" href='https:\/\/api.whatsapp.com\/send?text=https:\/\/radiorevelacionfm.cl\/?p=41722' aria-hidden='false' data-av_icon='\uf232' data-av_iconfont='entypo-fontello' title='' data-avia-related-tooltip='Compartir en Whatsapp' rel=\"noopener\"><span class='avia_hidden_link_text'>Compartir en Whatsapp<\/span><\/a><\/li><li class='av-share-link av-social-link-linkedin' ><a target=\"_blank\" aria-label=\"Compartir en LinkedIn\" href='https:\/\/linkedin.com\/shareArticle?mini=true&#038;title=Carabineros%20Ays%C3%A9n%20rindi%C3%B3%20homenaje%20p%C3%B3stumo%20a%20sus%20tres%20m%C3%A1rtires%20en%2097%20aniversario%20institucional&#038;url=https:\/\/radiorevelacionfm.cl\/?p=41722' aria-hidden='false' data-av_icon='\ue8fc' data-av_iconfont='entypo-fontello' title='' data-avia-related-tooltip='Compartir en LinkedIn' rel=\"noopener\"><span class='avia_hidden_link_text'>Compartir en LinkedIn<\/span><\/a><\/li><li class='av-share-link av-social-link-mail' ><a  aria-label=\"Compartir por correo\" href='mailto:?subject=Carabineros%20Ays%C3%A9n%20rindi%C3%B3%20homenaje%20p%C3%B3stumo%20a%20sus%20tres%20m%C3%A1rtires%20en%2097%20aniversario%20institucional&#038;body=https:\/\/radiorevelacionfm.cl\/?p=41722' aria-hidden='false' data-av_icon='\ue805' data-av_iconfont='entypo-fontello' title='' data-avia-related-tooltip='Compartir por correo'><span class='avia_hidden_link_text'>Compartir por correo<\/span><\/a><\/li><\/ul><\/div><\/div>\n<div  style='height:50px' class='hr hr-invisible   avia-builder-el-8  el_after_av_social_share  el_before_av_comments_list '><span class='hr-inner ' ><span class='hr-inner-style'><\/span><\/span><\/div>\n<div  class='av-buildercomment  av-blog-meta-html-info-disabled av-blog-meta-tag-disabled  '><\/div>\n","protected":false},"excerpt":{"rendered":"","protected":false},"author":1,"featured_media":41723,"comment_status":"open","ping_status":"open","sticky":false,"template":"","format":"standard","meta":{"footnotes":""},"categories":[36],"tags":[],"class_list":["post-41722","post","type-post","status-publish","format-standard","has-post-thumbnail","hentry","category-policial"],"jetpack_featured_media_url":"https:\/\/radiorevelacionfm.cl\/wp-content\/uploads\/2024\/04\/bb208219-46a2-4e5f-9fc8-086525f3ac90-1-1.jpg","_links":{"self":[{"href":"https:\/\/radiorevelacionfm.cl\/index.php?rest_route=\/wp\/v2\/posts\/41722","targetHints":{"allow":["GET"]}}],"collection":[{"href":"https:\/\/radiorevelacionfm.cl\/index.php?rest_route=\/wp\/v2\/posts"}],"about":[{"href":"https:\/\/radiorevelacionfm.cl\/index.php?rest_route=\/wp\/v2\/types\/post"}],"author":[{"embeddable":true,"href":"https:\/\/radiorevelacionfm.cl\/index.php?rest_route=\/wp\/v2\/users\/1"}],"replies":[{"embeddable":true,"href":"https:\/\/radiorevelacionfm.cl\/index.php?rest_route=%2Fwp%2Fv2%2Fcomments&post=41722"}],"version-history":[{"count":1,"href":"https:\/\/radiorevelacionfm.cl\/index.php?rest_route=\/wp\/v2\/posts\/41722\/revisions"}],"predecessor-version":[{"id":41724,"href":"https:\/\/radiorevelacionfm.cl\/index.php?rest_route=\/wp\/v2\/posts\/41722\/revisions\/41724"}],"wp:featuredmedia":[{"embeddable":true,"href":"https:\/\/radiorevelacionfm.cl\/index.php?rest_route=\/wp\/v2\/media\/41723"}],"wp:attachment":[{"href":"https:\/\/radiorevelacionfm.cl\/index.php?rest_route=%2Fwp%2Fv2%2Fmedia&parent=41722"}],"wp:term":[{"taxonomy":"category","embeddable":true,"href":"https:\/\/radiorevelacionfm.cl\/index.php?rest_route=%2Fwp%2Fv2%2Fcategories&post=41722"},{"taxonomy":"post_tag","embeddable":true,"href":"https:\/\/radiorevelacionfm.cl\/index.php?rest_route=%2Fwp%2Fv2%2Ftags&post=41722"}],"curies":[{"name":"wp","href":"https:\/\/api.w.org\/{rel}","templated":true}]}}