{"id":41719,"date":"2024-04-28T22:38:31","date_gmt":"2024-04-29T01:38:31","guid":{"rendered":"https:\/\/radiorevelacionfm.cl\/?p=41719"},"modified":"2024-04-28T22:38:31","modified_gmt":"2024-04-29T01:38:31","slug":"declaran-alerta-preventiva-ante-evento-meteorologico-que-afectara-a-la-region-de-aysen","status":"publish","type":"post","link":"https:\/\/radiorevelacionfm.cl\/?p=41719","title":{"rendered":"Declaran alerta preventiva ante evento meteorol\u00f3gico que afectar\u00e1 a la regi\u00f3n de Ays\u00e9n"},"content":{"rendered":"<div class=\"flex_column av_one_full  flex_column_div av-zero-column-padding first  avia-builder-el-0  el_before_av_one_full  avia-builder-el-first  \" style='border-radius:0px; '><div  class='avia-image-container  av-styling-    avia-builder-el-1  avia-builder-el-no-sibling  avia-align-center '  itemprop=\"image\" itemscope=\"itemscope\" itemtype=\"https:\/\/schema.org\/ImageObject\"  ><div class='avia-image-container-inner'><div class='avia-image-overlay-wrap'><img decoding=\"async\" class='wp-image-41720 avia-img-lazy-loading-not-41720 avia_image' src=\"https:\/\/radiorevelacionfm.cl\/wp-content\/uploads\/2024\/04\/438085974_956265223166039_5330949231985239252_n-1_optimized.jpg\" alt='' title='438085974_956265223166039_5330949231985239252_n-(1)_optimized' height=\"600\" width=\"835\"  itemprop=\"thumbnailUrl\" srcset=\"https:\/\/radiorevelacionfm.cl\/wp-content\/uploads\/2024\/04\/438085974_956265223166039_5330949231985239252_n-1_optimized.jpg 835w, https:\/\/radiorevelacionfm.cl\/wp-content\/uploads\/2024\/04\/438085974_956265223166039_5330949231985239252_n-1_optimized-300x216.jpg 300w, https:\/\/radiorevelacionfm.cl\/wp-content\/uploads\/2024\/04\/438085974_956265223166039_5330949231985239252_n-1_optimized-768x552.jpg 768w, https:\/\/radiorevelacionfm.cl\/wp-content\/uploads\/2024\/04\/438085974_956265223166039_5330949231985239252_n-1_optimized-705x507.jpg 705w, https:\/\/radiorevelacionfm.cl\/wp-content\/uploads\/2024\/04\/438085974_956265223166039_5330949231985239252_n-1_optimized-450x323.jpg 450w, https:\/\/radiorevelacionfm.cl\/wp-content\/uploads\/2024\/04\/438085974_956265223166039_5330949231985239252_n-1_optimized-600x431.jpg 600w\" sizes=\"(max-width: 835px) 100vw, 835px\" \/><\/div><\/div><\/div><\/div><div class=\"flex_column av_one_full  flex_column_div av-zero-column-padding first  avia-builder-el-2  el_after_av_one_full  el_before_av_one_full  column-top-margin\" style='border-radius:0px; '><section class=\"av_textblock_section \"  itemscope=\"itemscope\" itemtype=\"https:\/\/schema.org\/BlogPosting\" itemprop=\"blogPost\" ><div class='avia_textblock  '   itemprop=\"text\" ><p style=\"text-align: center;\"><strong><span style=\"font-size: 18pt;\">Declaran alerta preventiva ante evento meteorol\u00f3gico que afectar\u00e1 a la regi\u00f3n de Ays\u00e9n<\/span><\/strong><\/p>\n<div id=\"gtx-trans\" style=\"position: absolute; left: -50px; top: 4.31534px;\">\n<div class=\"gtx-trans-icon\"><\/div>\n<\/div>\n<\/div><\/section><\/div><div class=\"flex_column av_one_full  flex_column_div av-zero-column-padding first  avia-builder-el-4  el_after_av_one_full  el_before_av_hr  column-top-margin\" style='border-radius:0px; '><section class=\"av_textblock_section \"  itemscope=\"itemscope\" itemtype=\"https:\/\/schema.org\/BlogPosting\" itemprop=\"blogPost\" ><div class='avia_textblock  '   itemprop=\"text\" ><p style=\"text-align: justify;\">De acuerdo con la informaci\u00f3n proporcionada por la Direcci\u00f3n Meteorol\u00f3gica de Chile a trav\u00e9s de su Aviso Meteorol\u00f3gico A117\/2024, emitido el d\u00eda de s\u00e1bado 27 de abril del 2024, el cual indica Precipitaciones Normales a Moderadas en la Regi\u00f3n de Ays\u00e9n (Litoral Interior Norte), desde la ma\u00f1ana del domingo 28 de abril, hasta la ma\u00f1ana del lunes 29 de abril 2024. Debido a condici\u00f3n sin\u00f3ptico sistema frontal.<\/p>\n<p style=\"text-align: justify;\">Adicionalmente lo indicado por la Direcci\u00f3n Meteorol\u00f3gica de Chile a trav\u00e9s de su Aviso Meteorol\u00f3gico A<strong>119\/2024, <\/strong>emitido el s\u00e1bado 27 de abril 2024, el cual indica Viento Normal a Moderado en la Regi\u00f3n de Ays\u00e9n (insular Norte), desde la madrugada del lunes 29 de abril, hasta la tarde del lunes 29 de abril del 2024. Debido a condici\u00f3n sin\u00f3ptico: sistema frontal fr\u00edo.<\/p>\n<p style=\"text-align: justify;\">Y posteriormente al aviso meteorol\u00f3gico A123\/2024 emitido el d\u00eda de hoy 28 de abril del 2024, por la Direcci\u00f3n Meteorol\u00f3gica de Chile, que indica Probables Nevadas en la Regi\u00f3n de Ays\u00e9n (Litoral Interior Norte, Patagonia Subandina Norte, Patagonia Subandina Sur), desde la ma\u00f1ana del lunes 29 de abril, hasta la ma\u00f1ana del martes 30 de abril del 2024.<\/p>\n<p style=\"text-align: justify;\">Finalmente, se adjunta Informe de montos de aviso de nevadas en zonas no habituales, emitido por la Direcci\u00f3n meteorol\u00f3gica de Chile el d\u00eda de hoy 28 de abril a las 15:45 horas. Indica lo siguiente;<\/p>\n<p style=\"text-align: justify;\"><strong><u>Montos <\/u><\/strong><strong><u>Periodo <\/u><\/strong><u>Lunes 2<\/u><u>9 <\/u><u>12UTC- <\/u><u>Martes <\/u><u>30 <\/u><u>12UTC<\/u><\/p>\n<table>\n<tbody>\n<tr>\n<td width=\"74\">Regi\u00d3n<\/td>\n<td width=\"184\">LITORAL <strong>INT <\/strong><strong>NORTE<\/strong><\/td>\n<td width=\"148\"><strong>PATAGONIA <\/strong><strong>SUB<\/strong><\/p>\n<p>NORTE<\/td>\n<td width=\"135\"><strong>PATAGONIA <\/strong><strong>SUB<\/strong><\/p>\n<p>SUR<\/td>\n<\/tr>\n<tr>\n<td width=\"74\"><strong>AYSEN<\/strong><\/td>\n<td width=\"184\">&lt; 2 Cm.<\/td>\n<td width=\"148\">2-7 Cm.<\/td>\n<td width=\"135\">5-10 Cm.<\/td>\n<\/tr>\n<\/tbody>\n<\/table>\n<p style=\"text-align: justify;\">En consideraci\u00f3n a estos antecedentes emitidos por la Direcci\u00f3n Meteorol\u00f3gica de Chile, que suponen un aumento del riesgo asociado a dichas variables y en coordinaci\u00f3n con la Delegaci\u00f3n Presidencial de la Regi\u00f3n de Ays\u00e9n, la <strong>Direcci\u00f3n Regional de SENAPRED, <\/strong>Declara Alerta Verde Temprana <strong>Preventiva <\/strong>(AVTP) para la regi\u00f3n de Ays\u00e9n, <strong>por EVENTO METEOROL\u00d3GICO.<\/strong><\/p>\n<p>RECOMENDACIONES<\/p>\n<p style=\"text-align: justify;\">Con relaci\u00f3n a las precipitaciones se debe tener especial resguardo, par acumulaci\u00f3n de agua en sectores bajos, posib\u0142e aumentos de caudal de los cursos de agua con potencial desborde, por lo que se deber\u00e1 monitorear estado de r\u00edos y casinos. Adem\u00e1s, se deber\u00e1 mantener monitoreo de los cursos de agua y quebradas que se pudieran activar o generar arrastre de sedimento con las precipitaciones.<\/p>\n<p style=\"text-align: justify;\">En atenci\u00f3n a la condici\u00f3n de <strong>viento, <\/strong>el Sistema Nacional de Prevenci\u00f3n y Respuesta ante Desastres (SINAPRED), deber\u00e1 mantener las coordinaciones necesarias para la efectividad de los mecanismos de alerta y de gestiones de prevenci\u00f3n a fin de evitar situaciones de riesgo para la poblaci\u00f3n, ya que se podr\u00eda general afectaci\u00f3n por voladuras de techumbres, alteraci\u00f3n de conectividad, interrupci\u00f3n de suministro el\u00e9ctrico y telef\u00f3nico por ca\u00eddas de \u00e1rboles o parte de sus ramas en tendido el\u00e9ctrico, tanto en sectores rurales como urbanos, adem\u00e1s se podr\u00eda afectar muros y cierres de sitios en construcci\u00f3n. Se recomienda a la poblaci\u00f3n asegurar techumbre de las viviendas, realizar poda de \u00e1rboles y ramas y asegurar objetos colgantes que pudieran desprenderse por acci\u00f3n del viento, generando situaciones de emergencia.<\/p>\n<p style=\"text-align: justify;\">En atenci\u00f3n a las nevadas pronosticadas, se deber\u00e1 mantener atenci\u00f3n a posibles situaciones de aislamiento por acumulaci\u00f3n de nieve en caminos interiores y al congelamiento en rutas. Se recomienda a los conductores tomar precauciones producto de posibles problemas en las v\u00edas. Adem\u00e1s, se deber\u00e1 tomar atenci\u00f3n a las posibles acumulaciones de nieve en relaci\u00f3n con predios agr\u00edcolas y ganaderos. Por otra parte, se deber\u00e1n adoptar las recomendaciones generales, evitar cambios bruscos de temperatura y realizar una adecuada mantenci\u00f3n y uso de los artefactos de calefacci\u00f3n.<\/p>\n<\/div><\/section><\/div><div  style='height:50px' class='hr hr-invisible   avia-builder-el-6  el_after_av_one_full  el_before_av_social_share '><span class='hr-inner ' ><span class='hr-inner-style'><\/span><\/span><\/div><\/p>\n<div  class='av-social-sharing-box  avia-builder-el-7  el_after_av_hr  el_before_av_hr  '><div class='av-share-box'><h5 class='av-share-link-description av-no-toc '>Compartir esta noticia<\/h5><ul class='av-share-box-list noLightbox'><li class='av-share-link av-social-link-facebook' ><a target=\"_blank\" aria-label=\"Compartir en Facebook\" href='https:\/\/www.facebook.com\/sharer.php?u=https:\/\/radiorevelacionfm.cl\/?p=41719&#038;t=Declaran%20alerta%20preventiva%20ante%20evento%20meteorol%C3%B3gico%20que%20afectar%C3%A1%20a%20la%20regi%C3%B3n%20de%20Ays%C3%A9n' aria-hidden='false' data-av_icon='\ue8f3' data-av_iconfont='entypo-fontello' title='' data-avia-related-tooltip='Compartir en Facebook' rel=\"noopener\"><span class='avia_hidden_link_text'>Compartir en Facebook<\/span><\/a><\/li><li class='av-share-link av-social-link-twitter' ><a target=\"_blank\" aria-label=\"Compartir en Twitter\" href='https:\/\/twitter.com\/share?text=Declaran%20alerta%20preventiva%20ante%20evento%20meteorol%C3%B3gico%20que%20afectar%C3%A1%20a%20la%20regi%C3%B3n%20de%20Ays%C3%A9n&#038;url=https:\/\/radiorevelacionfm.cl\/?p=41719' aria-hidden='false' data-av_icon='\ue8f1' data-av_iconfont='entypo-fontello' title='' data-avia-related-tooltip='Compartir en Twitter' rel=\"noopener\"><span class='avia_hidden_link_text'>Compartir en Twitter<\/span><\/a><\/li><li class='av-share-link av-social-link-whatsapp' ><a target=\"_blank\" aria-label=\"Compartir en Whatsapp\" href='https:\/\/api.whatsapp.com\/send?text=https:\/\/radiorevelacionfm.cl\/?p=41719' aria-hidden='false' data-av_icon='\uf232' data-av_iconfont='entypo-fontello' title='' data-avia-related-tooltip='Compartir en Whatsapp' rel=\"noopener\"><span class='avia_hidden_link_text'>Compartir en Whatsapp<\/span><\/a><\/li><li class='av-share-link av-social-link-linkedin' ><a target=\"_blank\" aria-label=\"Compartir en LinkedIn\" href='https:\/\/linkedin.com\/shareArticle?mini=true&#038;title=Declaran%20alerta%20preventiva%20ante%20evento%20meteorol%C3%B3gico%20que%20afectar%C3%A1%20a%20la%20regi%C3%B3n%20de%20Ays%C3%A9n&#038;url=https:\/\/radiorevelacionfm.cl\/?p=41719' aria-hidden='false' data-av_icon='\ue8fc' data-av_iconfont='entypo-fontello' title='' data-avia-related-tooltip='Compartir en LinkedIn' rel=\"noopener\"><span class='avia_hidden_link_text'>Compartir en LinkedIn<\/span><\/a><\/li><li class='av-share-link av-social-link-mail' ><a  aria-label=\"Compartir por correo\" href='mailto:?subject=Declaran%20alerta%20preventiva%20ante%20evento%20meteorol%C3%B3gico%20que%20afectar%C3%A1%20a%20la%20regi%C3%B3n%20de%20Ays%C3%A9n&#038;body=https:\/\/radiorevelacionfm.cl\/?p=41719' aria-hidden='false' data-av_icon='\ue805' data-av_iconfont='entypo-fontello' title='' data-avia-related-tooltip='Compartir por correo'><span class='avia_hidden_link_text'>Compartir por correo<\/span><\/a><\/li><\/ul><\/div><\/div>\n<div  style='height:50px' class='hr hr-invisible   avia-builder-el-8  el_after_av_social_share  el_before_av_comments_list '><span class='hr-inner ' ><span class='hr-inner-style'><\/span><\/span><\/div>\n<div  class='av-buildercomment  av-blog-meta-html-info-disabled av-blog-meta-tag-disabled  '><\/div>\n","protected":false},"excerpt":{"rendered":"","protected":false},"author":1,"featured_media":41720,"comment_status":"open","ping_status":"open","sticky":false,"template":"","format":"standard","meta":{"footnotes":""},"categories":[38],"tags":[],"class_list":["post-41719","post","type-post","status-publish","format-standard","has-post-thumbnail","hentry","category-regional"],"jetpack_featured_media_url":"https:\/\/radiorevelacionfm.cl\/wp-content\/uploads\/2024\/04\/438085974_956265223166039_5330949231985239252_n-1_optimized.jpg","_links":{"self":[{"href":"https:\/\/radiorevelacionfm.cl\/index.php?rest_route=\/wp\/v2\/posts\/41719","targetHints":{"allow":["GET"]}}],"collection":[{"href":"https:\/\/radiorevelacionfm.cl\/index.php?rest_route=\/wp\/v2\/posts"}],"about":[{"href":"https:\/\/radiorevelacionfm.cl\/index.php?rest_route=\/wp\/v2\/types\/post"}],"author":[{"embeddable":true,"href":"https:\/\/radiorevelacionfm.cl\/index.php?rest_route=\/wp\/v2\/users\/1"}],"replies":[{"embeddable":true,"href":"https:\/\/radiorevelacionfm.cl\/index.php?rest_route=%2Fwp%2Fv2%2Fcomments&post=41719"}],"version-history":[{"count":1,"href":"https:\/\/radiorevelacionfm.cl\/index.php?rest_route=\/wp\/v2\/posts\/41719\/revisions"}],"predecessor-version":[{"id":41721,"href":"https:\/\/radiorevelacionfm.cl\/index.php?rest_route=\/wp\/v2\/posts\/41719\/revisions\/41721"}],"wp:featuredmedia":[{"embeddable":true,"href":"https:\/\/radiorevelacionfm.cl\/index.php?rest_route=\/wp\/v2\/media\/41720"}],"wp:attachment":[{"href":"https:\/\/radiorevelacionfm.cl\/index.php?rest_route=%2Fwp%2Fv2%2Fmedia&parent=41719"}],"wp:term":[{"taxonomy":"category","embeddable":true,"href":"https:\/\/radiorevelacionfm.cl\/index.php?rest_route=%2Fwp%2Fv2%2Fcategories&post=41719"},{"taxonomy":"post_tag","embeddable":true,"href":"https:\/\/radiorevelacionfm.cl\/index.php?rest_route=%2Fwp%2Fv2%2Ftags&post=41719"}],"curies":[{"name":"wp","href":"https:\/\/api.w.org\/{rel}","templated":true}]}}