{"id":41716,"date":"2024-04-28T16:07:47","date_gmt":"2024-04-28T19:07:47","guid":{"rendered":"https:\/\/radiorevelacionfm.cl\/?p=41716"},"modified":"2024-04-28T16:07:47","modified_gmt":"2024-04-28T19:07:47","slug":"inia-realiza-seminario-en-aysen-para-abordar-alternativas-de-riego-para-ganaderia","status":"publish","type":"post","link":"https:\/\/radiorevelacionfm.cl\/?p=41716","title":{"rendered":"INIA realiza Seminario en Ays\u00e9n para abordar alternativas de riego para ganader\u00eda"},"content":{"rendered":"<div class=\"flex_column av_one_full  flex_column_div av-zero-column-padding first  avia-builder-el-0  el_before_av_one_full  avia-builder-el-first  \" style='border-radius:0px; '><div  class='avia-image-container  av-styling-    avia-builder-el-1  avia-builder-el-no-sibling  avia-align-center '  itemprop=\"image\" itemscope=\"itemscope\" itemtype=\"https:\/\/schema.org\/ImageObject\"  ><div class='avia-image-container-inner'><div class='avia-image-overlay-wrap'><img decoding=\"async\" class='wp-image-41717 avia-img-lazy-loading-not-41717 avia_image' src=\"https:\/\/radiorevelacionfm.cl\/wp-content\/uploads\/2024\/04\/z9a9380-1_optimized.jpg\" alt='' title='_z9a9380-(1)_optimized' height=\"600\" width=\"1094\"  itemprop=\"thumbnailUrl\" srcset=\"https:\/\/radiorevelacionfm.cl\/wp-content\/uploads\/2024\/04\/z9a9380-1_optimized.jpg 1094w, https:\/\/radiorevelacionfm.cl\/wp-content\/uploads\/2024\/04\/z9a9380-1_optimized-300x165.jpg 300w, https:\/\/radiorevelacionfm.cl\/wp-content\/uploads\/2024\/04\/z9a9380-1_optimized-1030x565.jpg 1030w, https:\/\/radiorevelacionfm.cl\/wp-content\/uploads\/2024\/04\/z9a9380-1_optimized-768x421.jpg 768w, https:\/\/radiorevelacionfm.cl\/wp-content\/uploads\/2024\/04\/z9a9380-1_optimized-705x387.jpg 705w, https:\/\/radiorevelacionfm.cl\/wp-content\/uploads\/2024\/04\/z9a9380-1_optimized-450x247.jpg 450w, https:\/\/radiorevelacionfm.cl\/wp-content\/uploads\/2024\/04\/z9a9380-1_optimized-600x329.jpg 600w\" sizes=\"(max-width: 1094px) 100vw, 1094px\" \/><\/div><\/div><\/div><\/div><div class=\"flex_column av_one_full  flex_column_div av-zero-column-padding first  avia-builder-el-2  el_after_av_one_full  el_before_av_one_full  column-top-margin\" style='border-radius:0px; '><section class=\"av_textblock_section \"  itemscope=\"itemscope\" itemtype=\"https:\/\/schema.org\/BlogPosting\" itemprop=\"blogPost\" ><div class='avia_textblock  '   itemprop=\"text\" ><p style=\"text-align: center;\"><strong><span style=\"font-size: 18pt;\">INIA realiza Seminario en Ays\u00e9n para abordar alternativas de riego para ganader\u00eda<\/span><\/strong><\/p>\n<div id=\"gtx-trans\" style=\"position: absolute; left: -50px; top: 4.31534px;\">\n<div class=\"gtx-trans-icon\"><\/div>\n<\/div>\n<\/div><\/section><\/div><div class=\"flex_column av_one_full  flex_column_div av-zero-column-padding first  avia-builder-el-4  el_after_av_one_full  el_before_av_hr  column-top-margin\" style='border-radius:0px; '><section class=\"av_textblock_section \"  itemscope=\"itemscope\" itemtype=\"https:\/\/schema.org\/BlogPosting\" itemprop=\"blogPost\" ><div class='avia_textblock  '   itemprop=\"text\" ><p style=\"text-align: justify;\">El Instituto de Investigaciones Agropecuarias (Centro INIA Tamel Aike) llev\u00f3 a cabo el Seminario \u00abAlternativas para la Implementaci\u00f3n de Riego para la Ganader\u00eda de Ays\u00e9n\u00bb. El evento, organizado a trav\u00e9s de su Centro de Investigaci\u00f3n INIA Tamel Aike, reuni\u00f3 a un p\u00fablico diverso compuesto por autoridades locales, expertos en agricultura y ganader\u00eda, productores, profesionales y estudiantes del sector agropecuario.<\/p>\n<p style=\"text-align: justify;\">El objetivo principal fue explorar diversas estrategias y alternativas para la implementaci\u00f3n de sistemas de riego en la ganader\u00eda de la regi\u00f3n de Ays\u00e9n, considerando las particularidades clim\u00e1ticas y de suelo del \u00e1rea.<\/p>\n<p style=\"text-align: justify;\">Este seminario se enmarca en el proyecto \u00abUso del agua en sistemas ganaderos vulnerables: estrategia de adaptaci\u00f3n al cambio clim\u00e1tico en Ays\u00e9n\u00bb, cofinanciado por CORFO a trav\u00e9s de la l\u00ednea Innova-Bienes P\u00fablicos para la Competitividad, y desarrollado por el Centro INIA Tamel Aike entre 2020 y 2024.<\/p>\n<p style=\"text-align: justify;\">\u00abEn los \u00faltimos a\u00f1os hemos ido avanzando en el tema del riego, sobre todo asociado a la ganader\u00eda. Sin embargo, no estaba tan claro para nuestros productores c\u00f3mo regar, d\u00f3nde regar, cu\u00e1ndo regar y qu\u00e9 regar. Entonces nos hemos enfocado principalmente en poder dar respuestas a estas interrogantes, a trav\u00e9s de datos concretos que puedan ser aplicables en terreno\u00bb, indic\u00f3 la directora de INIA Tamel Aike, Camila Reyes Santolalla, sobre la pertinencia del proyecto.<\/p>\n<p style=\"text-align: justify;\">Por su parte el director de CORFO en Ays\u00e9n, Humberto Mar\u00edn Leiva, resalt\u00f3 la importancia de la investigaci\u00f3n especializada para abordar el desarrollo del sector agropecuario de Ays\u00e9n.<\/p>\n<p style=\"text-align: justify;\">\u00abLos estudios nos indican la necesidad de la incorporaci\u00f3n de tecnolog\u00edas, conocimiento para gestionar el tema del riego en las comunidades en la regi\u00f3n de Ays\u00e9n, donde en muchos sectores hay que instalar este concepto precisamente en el marco del cambio clim\u00e1tico y la capacidad de resiliencia que tenemos que tener como regi\u00f3n\u00bb, sostuvo.<\/p>\n<p style=\"text-align: justify;\">En torno a este evento, el Investigador y coordinador del proyecto, Christian Hepp Kuschel, \u00a0resalt\u00f3 la importancia de este seminario para dar cuenta de los avances en su ejecuci\u00f3n.<\/p>\n<p style=\"text-align: justify;\">\u00abCreo que estamos en un pie distinto a lo que est\u00e1bamos en 2020. Estamos con mucha m\u00e1s informaci\u00f3n disponible y conocemos mucho mejor la f\u00edsica de nuestro suelo, conocemos mejor temas de agua y tambi\u00e9n ha permitido mejorar las vinculaciones con distintas regiones, con especialistas y por supuesto, la generaci\u00f3n de nuestra plataforma de riego\u00bb, sostuvo el investigador de INIA Tamel Aike.<\/p>\n<p style=\"text-align: justify;\">Por su parte \u00a0Rafael L\u00f3pez Olivari, Subdirector de INIA Carillanca de la Regi\u00f3n de la Araucan\u00eda y uno de los expositores del seminario destac\u00f3 la instancia para continuar abordando desde los territorios, iniciativas de adaptaci\u00f3n productivas al cambio clim\u00e1tico.<\/p>\n<p style=\"text-align: justify;\">\u00abSon las instancias m\u00e1s importantes para poder desarrollar iniciativas, analizar situaciones locales, territoriales, comunales con respecto a todo lo que es la cultura del agua, adem\u00e1s de c\u00f3mo nosotros como instituci\u00f3n e interaccionando con otras instituciones del Ministerio de Agricultura, universidades y productores\u00bb, se\u00f1al\u00f3.<\/p>\n<p style=\"text-align: justify;\">En sinton\u00eda con los lineamientos del Ministerio de Agricultura para el uso del agua y la mitigaci\u00f3n de los impactos de la emergencia clim\u00e1tica, el proyecto, que ha culminado con el seminario de este jueves, ha sido ejecutado desde el a\u00f1o 2020 por INIA Tamel Aike. Se ha enfocado en la generaci\u00f3n de informaci\u00f3n detallada sobre el riego en praderas en Ays\u00e9n y en el an\u00e1lisis de la eficiencia del riego en la regi\u00f3n. Adem\u00e1s, se ha puesto \u00e9nfasis en la capacitaci\u00f3n para la formaci\u00f3n de capital humano en el manejo del riego, desarrollando un curso dirigido a t\u00e9cnicos y profesionales locales, con m\u00e1s de 50 participantes hasta la fecha.<\/p>\n<p style=\"text-align: justify;\">Asimismo, ha habilitado una plataforma web (<a href=\"https:\/\/recursos.riegoaysen.cl\/\">https:\/\/recursos.riegoaysen.cl\/<\/a>) especializada en el manejo del agua, que permite simular perfiles de proyectos y acceder libremente a informaci\u00f3n regional relevante para los productores\/as y p\u00fablico interesado.<\/p>\n<\/div><\/section><\/div><div  style='height:50px' class='hr hr-invisible   avia-builder-el-6  el_after_av_one_full  el_before_av_social_share '><span class='hr-inner ' ><span class='hr-inner-style'><\/span><\/span><\/div><\/p>\n<div  class='av-social-sharing-box  avia-builder-el-7  el_after_av_hr  el_before_av_hr  '><div class='av-share-box'><h5 class='av-share-link-description av-no-toc '>Compartir esta noticia<\/h5><ul class='av-share-box-list noLightbox'><li class='av-share-link av-social-link-facebook' ><a target=\"_blank\" aria-label=\"Compartir en Facebook\" href='https:\/\/www.facebook.com\/sharer.php?u=https:\/\/radiorevelacionfm.cl\/?p=41716&#038;t=INIA%20realiza%20Seminario%20en%20Ays%C3%A9n%20para%20abordar%20alternativas%20de%20riego%20para%20ganader%C3%ADa' aria-hidden='false' data-av_icon='\ue8f3' data-av_iconfont='entypo-fontello' title='' data-avia-related-tooltip='Compartir en Facebook' rel=\"noopener\"><span class='avia_hidden_link_text'>Compartir en Facebook<\/span><\/a><\/li><li class='av-share-link av-social-link-twitter' ><a target=\"_blank\" aria-label=\"Compartir en Twitter\" href='https:\/\/twitter.com\/share?text=INIA%20realiza%20Seminario%20en%20Ays%C3%A9n%20para%20abordar%20alternativas%20de%20riego%20para%20ganader%C3%ADa&#038;url=https:\/\/radiorevelacionfm.cl\/?p=41716' aria-hidden='false' data-av_icon='\ue8f1' data-av_iconfont='entypo-fontello' title='' data-avia-related-tooltip='Compartir en Twitter' rel=\"noopener\"><span class='avia_hidden_link_text'>Compartir en Twitter<\/span><\/a><\/li><li class='av-share-link av-social-link-whatsapp' ><a target=\"_blank\" aria-label=\"Compartir en Whatsapp\" href='https:\/\/api.whatsapp.com\/send?text=https:\/\/radiorevelacionfm.cl\/?p=41716' aria-hidden='false' data-av_icon='\uf232' data-av_iconfont='entypo-fontello' title='' data-avia-related-tooltip='Compartir en Whatsapp' rel=\"noopener\"><span class='avia_hidden_link_text'>Compartir en Whatsapp<\/span><\/a><\/li><li class='av-share-link av-social-link-linkedin' ><a target=\"_blank\" aria-label=\"Compartir en LinkedIn\" href='https:\/\/linkedin.com\/shareArticle?mini=true&#038;title=INIA%20realiza%20Seminario%20en%20Ays%C3%A9n%20para%20abordar%20alternativas%20de%20riego%20para%20ganader%C3%ADa&#038;url=https:\/\/radiorevelacionfm.cl\/?p=41716' aria-hidden='false' data-av_icon='\ue8fc' data-av_iconfont='entypo-fontello' title='' data-avia-related-tooltip='Compartir en LinkedIn' rel=\"noopener\"><span class='avia_hidden_link_text'>Compartir en LinkedIn<\/span><\/a><\/li><li class='av-share-link av-social-link-mail' ><a  aria-label=\"Compartir por correo\" href='mailto:?subject=INIA%20realiza%20Seminario%20en%20Ays%C3%A9n%20para%20abordar%20alternativas%20de%20riego%20para%20ganader%C3%ADa&#038;body=https:\/\/radiorevelacionfm.cl\/?p=41716' aria-hidden='false' data-av_icon='\ue805' data-av_iconfont='entypo-fontello' title='' data-avia-related-tooltip='Compartir por correo'><span class='avia_hidden_link_text'>Compartir por correo<\/span><\/a><\/li><\/ul><\/div><\/div>\n<div  style='height:50px' class='hr hr-invisible   avia-builder-el-8  el_after_av_social_share  el_before_av_comments_list '><span class='hr-inner ' ><span class='hr-inner-style'><\/span><\/span><\/div>\n<div  class='av-buildercomment  av-blog-meta-html-info-disabled av-blog-meta-tag-disabled  '><\/div>\n","protected":false},"excerpt":{"rendered":"","protected":false},"author":1,"featured_media":41717,"comment_status":"open","ping_status":"open","sticky":false,"template":"","format":"standard","meta":{"footnotes":""},"categories":[38],"tags":[],"class_list":["post-41716","post","type-post","status-publish","format-standard","has-post-thumbnail","hentry","category-regional"],"jetpack_featured_media_url":"https:\/\/radiorevelacionfm.cl\/wp-content\/uploads\/2024\/04\/z9a9380-1_optimized.jpg","_links":{"self":[{"href":"https:\/\/radiorevelacionfm.cl\/index.php?rest_route=\/wp\/v2\/posts\/41716","targetHints":{"allow":["GET"]}}],"collection":[{"href":"https:\/\/radiorevelacionfm.cl\/index.php?rest_route=\/wp\/v2\/posts"}],"about":[{"href":"https:\/\/radiorevelacionfm.cl\/index.php?rest_route=\/wp\/v2\/types\/post"}],"author":[{"embeddable":true,"href":"https:\/\/radiorevelacionfm.cl\/index.php?rest_route=\/wp\/v2\/users\/1"}],"replies":[{"embeddable":true,"href":"https:\/\/radiorevelacionfm.cl\/index.php?rest_route=%2Fwp%2Fv2%2Fcomments&post=41716"}],"version-history":[{"count":1,"href":"https:\/\/radiorevelacionfm.cl\/index.php?rest_route=\/wp\/v2\/posts\/41716\/revisions"}],"predecessor-version":[{"id":41718,"href":"https:\/\/radiorevelacionfm.cl\/index.php?rest_route=\/wp\/v2\/posts\/41716\/revisions\/41718"}],"wp:featuredmedia":[{"embeddable":true,"href":"https:\/\/radiorevelacionfm.cl\/index.php?rest_route=\/wp\/v2\/media\/41717"}],"wp:attachment":[{"href":"https:\/\/radiorevelacionfm.cl\/index.php?rest_route=%2Fwp%2Fv2%2Fmedia&parent=41716"}],"wp:term":[{"taxonomy":"category","embeddable":true,"href":"https:\/\/radiorevelacionfm.cl\/index.php?rest_route=%2Fwp%2Fv2%2Fcategories&post=41716"},{"taxonomy":"post_tag","embeddable":true,"href":"https:\/\/radiorevelacionfm.cl\/index.php?rest_route=%2Fwp%2Fv2%2Ftags&post=41716"}],"curies":[{"name":"wp","href":"https:\/\/api.w.org\/{rel}","templated":true}]}}