{"id":41713,"date":"2024-04-28T15:50:50","date_gmt":"2024-04-28T18:50:50","guid":{"rendered":"https:\/\/radiorevelacionfm.cl\/?p=41713"},"modified":"2024-04-28T15:52:29","modified_gmt":"2024-04-28T18:52:29","slug":"sandoval-por-crimen-de-tres-carabineros-en-canete-ya-no-podemos-responder-con-que-se-va-a-aplicar-todo-el-peso-de-la-ley-o-con-la-presentacion-de-querellas-que-nunca-sabemos-sus-resultados","status":"publish","type":"post","link":"https:\/\/radiorevelacionfm.cl\/?p=41713","title":{"rendered":"Sandoval por crimen de tres Carabineros en Ca\u00f1ete: \u201cYa no podemos responder con que se va a aplicar todo el peso de la ley o con la presentaci\u00f3n de querellas que nunca sabemos sus resultados\u201d"},"content":{"rendered":"<div class=\"flex_column av_one_full  flex_column_div av-zero-column-padding first  avia-builder-el-0  el_before_av_one_full  avia-builder-el-first  \" style='border-radius:0px; '><div  class='avia-image-container  av-styling-    avia-builder-el-1  avia-builder-el-no-sibling  avia-align-center '  itemprop=\"image\" itemscope=\"itemscope\" itemtype=\"https:\/\/schema.org\/ImageObject\"  ><div class='avia-image-container-inner'><div class='avia-image-overlay-wrap'><img decoding=\"async\" class='wp-image-41714 avia-img-lazy-loading-not-41714 avia_image' src=\"https:\/\/radiorevelacionfm.cl\/wp-content\/uploads\/2024\/04\/misa-catedral-1_optimized-1.jpg\" alt='' title='misa-catedral-(1)_optimized (1)' height=\"600\" width=\"800\"  itemprop=\"thumbnailUrl\" srcset=\"https:\/\/radiorevelacionfm.cl\/wp-content\/uploads\/2024\/04\/misa-catedral-1_optimized-1.jpg 800w, https:\/\/radiorevelacionfm.cl\/wp-content\/uploads\/2024\/04\/misa-catedral-1_optimized-1-300x225.jpg 300w, https:\/\/radiorevelacionfm.cl\/wp-content\/uploads\/2024\/04\/misa-catedral-1_optimized-1-768x576.jpg 768w, https:\/\/radiorevelacionfm.cl\/wp-content\/uploads\/2024\/04\/misa-catedral-1_optimized-1-705x529.jpg 705w, https:\/\/radiorevelacionfm.cl\/wp-content\/uploads\/2024\/04\/misa-catedral-1_optimized-1-450x338.jpg 450w, https:\/\/radiorevelacionfm.cl\/wp-content\/uploads\/2024\/04\/misa-catedral-1_optimized-1-600x450.jpg 600w\" sizes=\"(max-width: 800px) 100vw, 800px\" \/><\/div><\/div><\/div><\/div><div class=\"flex_column av_one_full  flex_column_div av-zero-column-padding first  avia-builder-el-2  el_after_av_one_full  el_before_av_one_full  column-top-margin\" style='border-radius:0px; '><section class=\"av_textblock_section \"  itemscope=\"itemscope\" itemtype=\"https:\/\/schema.org\/BlogPosting\" itemprop=\"blogPost\" ><div class='avia_textblock  '   itemprop=\"text\" ><p style=\"text-align: center;\"><span style=\"font-size: 18pt;\"><strong>Sandoval por crimen de tres Carabineros en Ca\u00f1ete: <\/strong><strong>\u201cYa no podemos responder con que se va a aplicar todo el peso de la ley o con la presentaci\u00f3n de querellas que nunca sabemos sus resultados\u201d<\/strong><\/span><\/p>\n<div id=\"gtx-trans\" style=\"position: absolute; left: -50px; top: 4.31534px;\">\n<div class=\"gtx-trans-icon\"><\/div>\n<\/div>\n<\/div><\/section><\/div><div class=\"flex_column av_one_full  flex_column_div av-zero-column-padding first  avia-builder-el-4  el_after_av_one_full  el_before_av_hr  column-top-margin\" style='border-radius:0px; '><section class=\"av_textblock_section \"  itemscope=\"itemscope\" itemtype=\"https:\/\/schema.org\/BlogPosting\" itemprop=\"blogPost\" ><div class='avia_textblock  '   itemprop=\"text\" ><p style=\"text-align: justify;\"><em>Parlamentario enfatiz\u00f3 que esto habla de la descomposici\u00f3n social que hay en el pa\u00eds \u201cfrente a algunas tem\u00e1ticas\u201d.<\/em><\/p>\n<p style=\"text-align: justify;\">\u201cEs un d\u00eda triste, en un d\u00eda importante para Carabineros de Chile, que una vez m\u00e1s es golpeado en el coraz\u00f3n con este acto alevoso\u201d. As\u00ed lo se\u00f1al\u00f3 el senador David Sandoval, al referirse al triple crimen de carabineros en Ca\u00f1ete, regi\u00f3n del Biob\u00edo, ocurrido la madrugada del s\u00e1bado 27 de abril.<\/p>\n<p style=\"text-align: justify;\">Al respecto, Sandoval dijo, en su habitual espacio radial del fin de semana, que \u201chacemos nuestra reflexi\u00f3n de lo que significa este hecho y que habla un poco de la descomposici\u00f3n social que tenemos frente a algunas tem\u00e1ticas\u201d, esperando que tras la visita realizada por el presidente Boric junto a distintos actores del Estado al lugar de los hechos el mismo s\u00e1bado, sirva para ver qu\u00e9 caminos se van a tomar.<\/p>\n<p style=\"text-align: justify;\">Con lo que pas\u00f3, dijo, \u201cya no podemos responder con que se va a aplicar todo el peso de la ley o con la presentaci\u00f3n de querellas que nunca sabemos sus resultados\u201d, agregando que se trata de una realidad \u201cque ha costado asumir como Estado, por los conflictos que ha vivido en el pa\u00eds en los \u00faltimos a\u00f1os\u201d.<\/p>\n<p style=\"text-align: justify;\">Por lo mismo, estima crucial hacer frente a este tema desde una perspectiva distinta, considerando \u201cque hoy estamos agobiados por el crimen organizado, la delincuencia y migraci\u00f3n desatada, la drogadicci\u00f3n\u201d.<\/p>\n<p style=\"text-align: justify;\">Adem\u00e1s, apunt\u00f3 al denominado \u201c<em>octubrismo<\/em>\u201d, donde \u201cse instal\u00f3 una sensaci\u00f3n de que aqu\u00ed hab\u00eda que destruirlo absolutamente todo (\u2026) y hasta el Gobierno le dio pensiones de gracia a personas que tuvieron actos de delincuencia desatada\u201d, enfatizando que todos los actores del Estado, entre ellos el Ministerio P\u00fablico, el propio Congreso, los tribunales y el Gobierno deben ver c\u00f3mo se dise\u00f1an cambios profundos en distintos \u00e1mbitos.<\/p>\n<p style=\"text-align: justify;\">Con todo, Sandoval recalc\u00f3 que a Carabineros, la PDI y Fuerzas Armadas, \u201chay que darle todos los instrumentos legales para que se haga frente, con eficiencia y eficacia, a la delincuencia en nuestro pa\u00eds\u201d.<\/p>\n<p style=\"text-align: justify;\">Cabe se\u00f1alar que durante la tarde de este s\u00e1bado, Sandoval particip\u00f3 de la misa realizada en la capital regional en memoria de los tres funcionarios fallecidos, donde entregaron sus condolencia, junto a la directiva y militantes de la UDI Ays\u00e9n.<\/p>\n<\/div><\/section><\/div><div  style='height:50px' class='hr hr-invisible   avia-builder-el-6  el_after_av_one_full  el_before_av_social_share '><span class='hr-inner ' ><span class='hr-inner-style'><\/span><\/span><\/div><\/p>\n<div  class='av-social-sharing-box  avia-builder-el-7  el_after_av_hr  el_before_av_hr  '><div class='av-share-box'><h5 class='av-share-link-description av-no-toc '>Compartir esta noticia<\/h5><ul class='av-share-box-list noLightbox'><li class='av-share-link av-social-link-facebook' ><a target=\"_blank\" aria-label=\"Compartir en Facebook\" href='https:\/\/www.facebook.com\/sharer.php?u=https:\/\/radiorevelacionfm.cl\/?p=41713&#038;t=Sandoval%20por%20crimen%20de%20tres%20Carabineros%20en%20Ca%C3%B1ete%3A%20%E2%80%9CYa%20no%20podemos%20responder%20con%20que%20se%20va%20a%20aplicar%20todo%20el%20peso%20de%20la%20ley%20o%20con%20la%20presentaci%C3%B3n%20de%20querellas%20que%20nunca%20sabemos%20sus%20resultados%E2%80%9D' aria-hidden='false' data-av_icon='\ue8f3' data-av_iconfont='entypo-fontello' title='' data-avia-related-tooltip='Compartir en Facebook' rel=\"noopener\"><span class='avia_hidden_link_text'>Compartir en Facebook<\/span><\/a><\/li><li class='av-share-link av-social-link-twitter' ><a target=\"_blank\" aria-label=\"Compartir en Twitter\" href='https:\/\/twitter.com\/share?text=Sandoval%20por%20crimen%20de%20tres%20Carabineros%20en%20Ca%C3%B1ete%3A%20%E2%80%9CYa%20no%20podemos%20responder%20con%20que%20se%20va%20a%20aplicar%20todo%20el%20peso%20de%20la%20ley%20o%20con%20la%20presentaci%C3%B3n%20de%20querellas%20que%20nunca%20sabemos%20sus%20resultados%E2%80%9D&#038;url=https:\/\/radiorevelacionfm.cl\/?p=41713' aria-hidden='false' data-av_icon='\ue8f1' data-av_iconfont='entypo-fontello' title='' data-avia-related-tooltip='Compartir en Twitter' rel=\"noopener\"><span class='avia_hidden_link_text'>Compartir en Twitter<\/span><\/a><\/li><li class='av-share-link av-social-link-whatsapp' ><a target=\"_blank\" aria-label=\"Compartir en Whatsapp\" href='https:\/\/api.whatsapp.com\/send?text=https:\/\/radiorevelacionfm.cl\/?p=41713' aria-hidden='false' data-av_icon='\uf232' data-av_iconfont='entypo-fontello' title='' data-avia-related-tooltip='Compartir en Whatsapp' rel=\"noopener\"><span class='avia_hidden_link_text'>Compartir en Whatsapp<\/span><\/a><\/li><li class='av-share-link av-social-link-linkedin' ><a target=\"_blank\" aria-label=\"Compartir en LinkedIn\" href='https:\/\/linkedin.com\/shareArticle?mini=true&#038;title=Sandoval%20por%20crimen%20de%20tres%20Carabineros%20en%20Ca%C3%B1ete%3A%20%E2%80%9CYa%20no%20podemos%20responder%20con%20que%20se%20va%20a%20aplicar%20todo%20el%20peso%20de%20la%20ley%20o%20con%20la%20presentaci%C3%B3n%20de%20querellas%20que%20nunca%20sabemos%20sus%20resultados%E2%80%9D&#038;url=https:\/\/radiorevelacionfm.cl\/?p=41713' aria-hidden='false' data-av_icon='\ue8fc' data-av_iconfont='entypo-fontello' title='' data-avia-related-tooltip='Compartir en LinkedIn' rel=\"noopener\"><span class='avia_hidden_link_text'>Compartir en LinkedIn<\/span><\/a><\/li><li class='av-share-link av-social-link-mail' ><a  aria-label=\"Compartir por correo\" href='mailto:?subject=Sandoval%20por%20crimen%20de%20tres%20Carabineros%20en%20Ca%C3%B1ete%3A%20%E2%80%9CYa%20no%20podemos%20responder%20con%20que%20se%20va%20a%20aplicar%20todo%20el%20peso%20de%20la%20ley%20o%20con%20la%20presentaci%C3%B3n%20de%20querellas%20que%20nunca%20sabemos%20sus%20resultados%E2%80%9D&#038;body=https:\/\/radiorevelacionfm.cl\/?p=41713' aria-hidden='false' data-av_icon='\ue805' data-av_iconfont='entypo-fontello' title='' data-avia-related-tooltip='Compartir por correo'><span class='avia_hidden_link_text'>Compartir por correo<\/span><\/a><\/li><\/ul><\/div><\/div>\n<div  style='height:50px' class='hr hr-invisible   avia-builder-el-8  el_after_av_social_share  el_before_av_comments_list '><span class='hr-inner ' ><span class='hr-inner-style'><\/span><\/span><\/div>\n<div  class='av-buildercomment  av-blog-meta-html-info-disabled av-blog-meta-tag-disabled  '><\/div>\n","protected":false},"excerpt":{"rendered":"","protected":false},"author":1,"featured_media":41714,"comment_status":"open","ping_status":"open","sticky":false,"template":"","format":"standard","meta":{"footnotes":""},"categories":[35],"tags":[],"class_list":["post-41713","post","type-post","status-publish","format-standard","has-post-thumbnail","hentry","category-politica"],"jetpack_featured_media_url":"https:\/\/radiorevelacionfm.cl\/wp-content\/uploads\/2024\/04\/misa-catedral-1_optimized-1.jpg","_links":{"self":[{"href":"https:\/\/radiorevelacionfm.cl\/index.php?rest_route=\/wp\/v2\/posts\/41713","targetHints":{"allow":["GET"]}}],"collection":[{"href":"https:\/\/radiorevelacionfm.cl\/index.php?rest_route=\/wp\/v2\/posts"}],"about":[{"href":"https:\/\/radiorevelacionfm.cl\/index.php?rest_route=\/wp\/v2\/types\/post"}],"author":[{"embeddable":true,"href":"https:\/\/radiorevelacionfm.cl\/index.php?rest_route=\/wp\/v2\/users\/1"}],"replies":[{"embeddable":true,"href":"https:\/\/radiorevelacionfm.cl\/index.php?rest_route=%2Fwp%2Fv2%2Fcomments&post=41713"}],"version-history":[{"count":1,"href":"https:\/\/radiorevelacionfm.cl\/index.php?rest_route=\/wp\/v2\/posts\/41713\/revisions"}],"predecessor-version":[{"id":41715,"href":"https:\/\/radiorevelacionfm.cl\/index.php?rest_route=\/wp\/v2\/posts\/41713\/revisions\/41715"}],"wp:featuredmedia":[{"embeddable":true,"href":"https:\/\/radiorevelacionfm.cl\/index.php?rest_route=\/wp\/v2\/media\/41714"}],"wp:attachment":[{"href":"https:\/\/radiorevelacionfm.cl\/index.php?rest_route=%2Fwp%2Fv2%2Fmedia&parent=41713"}],"wp:term":[{"taxonomy":"category","embeddable":true,"href":"https:\/\/radiorevelacionfm.cl\/index.php?rest_route=%2Fwp%2Fv2%2Fcategories&post=41713"},{"taxonomy":"post_tag","embeddable":true,"href":"https:\/\/radiorevelacionfm.cl\/index.php?rest_route=%2Fwp%2Fv2%2Ftags&post=41713"}],"curies":[{"name":"wp","href":"https:\/\/api.w.org\/{rel}","templated":true}]}}