{"id":41704,"date":"2024-04-30T11:25:10","date_gmt":"2024-04-30T14:25:10","guid":{"rendered":"https:\/\/radiorevelacionfm.cl\/?p=41704"},"modified":"2024-04-30T11:25:10","modified_gmt":"2024-04-30T14:25:10","slug":"buscan-fortalecer-practicas-inclusivas-aumentando-cobertura-de-la-biblioteca-migrante-de-educacion-parvularia","status":"publish","type":"post","link":"https:\/\/radiorevelacionfm.cl\/?p=41704","title":{"rendered":"Buscan fortalecer pr\u00e1cticas inclusivas aumentando cobertura de la Biblioteca Migrante de Educaci\u00f3n Parvularia"},"content":{"rendered":"<div class=\"flex_column av_one_full  flex_column_div av-zero-column-padding first  avia-builder-el-0  el_before_av_one_full  avia-builder-el-first  \" style='border-radius:0px; '><div  class='avia-image-container  av-styling-    avia-builder-el-1  avia-builder-el-no-sibling  avia-align-center '  itemprop=\"image\" itemscope=\"itemscope\" itemtype=\"https:\/\/schema.org\/ImageObject\"  ><div class='avia-image-container-inner'><div class='avia-image-overlay-wrap'><img decoding=\"async\" class='wp-image-41705 avia-img-lazy-loading-not-41705 avia_image' src=\"https:\/\/radiorevelacionfm.cl\/wp-content\/uploads\/2024\/04\/whatsapp-image-2024-04-25-at-18_optimized.01.38-2-1.jpeg\" alt='' title='whatsapp-image-2024-04-25-at-18_optimized.01.38-(2)-(1)' height=\"600\" width=\"901\"  itemprop=\"thumbnailUrl\" srcset=\"https:\/\/radiorevelacionfm.cl\/wp-content\/uploads\/2024\/04\/whatsapp-image-2024-04-25-at-18_optimized.01.38-2-1.jpeg 901w, https:\/\/radiorevelacionfm.cl\/wp-content\/uploads\/2024\/04\/whatsapp-image-2024-04-25-at-18_optimized.01.38-2-1-300x200.jpeg 300w, https:\/\/radiorevelacionfm.cl\/wp-content\/uploads\/2024\/04\/whatsapp-image-2024-04-25-at-18_optimized.01.38-2-1-768x511.jpeg 768w, https:\/\/radiorevelacionfm.cl\/wp-content\/uploads\/2024\/04\/whatsapp-image-2024-04-25-at-18_optimized.01.38-2-1-705x469.jpeg 705w, https:\/\/radiorevelacionfm.cl\/wp-content\/uploads\/2024\/04\/whatsapp-image-2024-04-25-at-18_optimized.01.38-2-1-450x300.jpeg 450w, https:\/\/radiorevelacionfm.cl\/wp-content\/uploads\/2024\/04\/whatsapp-image-2024-04-25-at-18_optimized.01.38-2-1-600x400.jpeg 600w\" sizes=\"(max-width: 901px) 100vw, 901px\" \/><\/div><\/div><\/div><\/div><div class=\"flex_column av_one_full  flex_column_div av-zero-column-padding first  avia-builder-el-2  el_after_av_one_full  el_before_av_one_full  column-top-margin\" style='border-radius:0px; '><section class=\"av_textblock_section \"  itemscope=\"itemscope\" itemtype=\"https:\/\/schema.org\/BlogPosting\" itemprop=\"blogPost\" ><div class='avia_textblock  '   itemprop=\"text\" ><p style=\"text-align: center;\"><strong><span style=\"font-size: 18pt;\">Buscan fortalecer pr\u00e1cticas inclusivas aumentando cobertura de la Biblioteca Migrante de Educaci\u00f3n Parvularia <\/span><\/strong><\/p>\n<div id=\"gtx-trans\" style=\"position: absolute; left: -50px; top: 4.31534px;\">\n<div class=\"gtx-trans-icon\"><\/div>\n<\/div>\n<\/div><\/section><\/div><div class=\"flex_column av_one_full  flex_column_div av-zero-column-padding first  avia-builder-el-4  el_after_av_one_full  el_before_av_hr  column-top-margin\" style='border-radius:0px; '><section class=\"av_textblock_section \"  itemscope=\"itemscope\" itemtype=\"https:\/\/schema.org\/BlogPosting\" itemprop=\"blogPost\" ><div class='avia_textblock  '   itemprop=\"text\" ><p class=\"v1MsoNormal\" style=\"text-align: justify;\">La subsecretaria de Educaci\u00f3n Parvularia, Claudia Lagos, lider\u00f3 el hito de inicio del segundo a\u00f1o de implementaci\u00f3n del\u00a0<b>Programa Biblioteca Migrante para el primer nivel educativo<\/b>, que se enmarca en el Plan Nacional de la Lectura y especialmente en el mes del libro. Esta iniciativa, que comenz\u00f3 en\u00a02023, busca desarrollar y fortalecer pr\u00e1cticas pedag\u00f3gicas inclusivas que resguarden el acceso y la participaci\u00f3n de todas las ni\u00f1as y ni\u00f1os, valorando su diversidad cultural y la de los distintos tipos de familias.<\/p>\n<p class=\"v1MsoNormal\" style=\"text-align: justify;\">Junto a la comunidad educativa del jard\u00edn infantil Renacer de Macul, perteneciente al SLEP Gabriela Mistral, se realiz\u00f3 la actividad de inicio del segundo a\u00f1o de implementaci\u00f3n. Luego de un primer a\u00f1o donde el\u00a0ciclo de formaci\u00f3n alcanz\u00f3 a 632 establecimientos a lo largo del territorio nacional, para 2024 se proyecta alcanzar 1.000 nuevas comunidades educativas.<\/p>\n<p class=\"v1MsoNormal\" style=\"text-align: justify;\">\u201cLa Biblioteca Migrante se basa en la inclusi\u00f3n, reconocimiento y valoraci\u00f3n de la diversidad cultural presente en las salas cuna, jardines infantiles y escuelas. A trav\u00e9s de este programa reafirmamos nuestro compromiso con estrategias pedag\u00f3gicas pertinentes, que enriquecen la exploraci\u00f3n de recursos, promoviendo la conexi\u00f3n con la diversidad y con los lazos familiares y comunitarios de las ni\u00f1as y ni\u00f1os\u201d, indic\u00f3\u00a0la subsecretaria de Educaci\u00f3n Parvularia, Claudia Lagos.<\/p>\n<p class=\"v1MsoNormal\" style=\"text-align: justify;\"><b>Biblioteca Migrante<\/b><\/p>\n<p class=\"v1MsoNormal\" style=\"text-align: justify;\">Este programa, enmarcado en el Plan de Reactivaci\u00f3n Educativa del Mineduc, tiene como prop\u00f3sito promover: la oralidad y la lectura como herramientas claves para construir representaciones que valoren la diversidad cultural de cada ni\u00f1o, ni\u00f1a y familia; el rol mediador fundamental de los equipos pedag\u00f3gicos, para posibilitar interacciones que favorezcan diversas formas de expresi\u00f3n y participaci\u00f3n de todos los ni\u00f1os y ni\u00f1as.<\/p>\n<p class=\"v1MsoNormal\" style=\"text-align: justify;\">Asimismo, contempla cuatro estrategias pedag\u00f3gicas que pueden ser implementadas por los equipos educativos, vinculadas a: la lectura y conversaci\u00f3n de cuentos, poes\u00edas y otros tipos de textos; recomendaciones lectoras enfocadas en las familias; expresi\u00f3n creativa, mediante experiencias que potencien la expresi\u00f3n libre; kamishibai, como formato a utilizar para construir significados a trav\u00e9s de narraciones visuales.<\/p>\n<p class=\"v1MsoNormal\" style=\"text-align: justify;\">Conoce m\u00e1s en:\u00a0<a href=\"https:\/\/parvularia.mineduc.cl\/biblioteca-migrante\/\" target=\"_blank\" rel=\"noopener noreferrer\">https:\/\/parvularia.mineduc.cl\/biblioteca-migrante\/<\/a><\/p>\n<\/div><\/section><\/div><div  style='height:50px' class='hr hr-invisible   avia-builder-el-6  el_after_av_one_full  el_before_av_social_share '><span class='hr-inner ' ><span class='hr-inner-style'><\/span><\/span><\/div><\/p>\n<div  class='av-social-sharing-box  avia-builder-el-7  el_after_av_hr  el_before_av_hr  '><div class='av-share-box'><h5 class='av-share-link-description av-no-toc '>Compartir esta noticia<\/h5><ul class='av-share-box-list noLightbox'><li class='av-share-link av-social-link-facebook' ><a target=\"_blank\" aria-label=\"Compartir en Facebook\" href='https:\/\/www.facebook.com\/sharer.php?u=https:\/\/radiorevelacionfm.cl\/?p=41704&#038;t=Buscan%20fortalecer%20pr%C3%A1cticas%20inclusivas%20aumentando%20cobertura%20de%20la%20Biblioteca%20Migrante%20de%20Educaci%C3%B3n%20Parvularia' aria-hidden='false' data-av_icon='\ue8f3' data-av_iconfont='entypo-fontello' title='' data-avia-related-tooltip='Compartir en Facebook' rel=\"noopener\"><span class='avia_hidden_link_text'>Compartir en Facebook<\/span><\/a><\/li><li class='av-share-link av-social-link-twitter' ><a target=\"_blank\" aria-label=\"Compartir en Twitter\" href='https:\/\/twitter.com\/share?text=Buscan%20fortalecer%20pr%C3%A1cticas%20inclusivas%20aumentando%20cobertura%20de%20la%20Biblioteca%20Migrante%20de%20Educaci%C3%B3n%20Parvularia&#038;url=https:\/\/radiorevelacionfm.cl\/?p=41704' aria-hidden='false' data-av_icon='\ue8f1' data-av_iconfont='entypo-fontello' title='' data-avia-related-tooltip='Compartir en Twitter' rel=\"noopener\"><span class='avia_hidden_link_text'>Compartir en Twitter<\/span><\/a><\/li><li class='av-share-link av-social-link-whatsapp' ><a target=\"_blank\" aria-label=\"Compartir en Whatsapp\" href='https:\/\/api.whatsapp.com\/send?text=https:\/\/radiorevelacionfm.cl\/?p=41704' aria-hidden='false' data-av_icon='\uf232' data-av_iconfont='entypo-fontello' title='' data-avia-related-tooltip='Compartir en Whatsapp' rel=\"noopener\"><span class='avia_hidden_link_text'>Compartir en Whatsapp<\/span><\/a><\/li><li class='av-share-link av-social-link-linkedin' ><a target=\"_blank\" aria-label=\"Compartir en LinkedIn\" href='https:\/\/linkedin.com\/shareArticle?mini=true&#038;title=Buscan%20fortalecer%20pr%C3%A1cticas%20inclusivas%20aumentando%20cobertura%20de%20la%20Biblioteca%20Migrante%20de%20Educaci%C3%B3n%20Parvularia&#038;url=https:\/\/radiorevelacionfm.cl\/?p=41704' aria-hidden='false' data-av_icon='\ue8fc' data-av_iconfont='entypo-fontello' title='' data-avia-related-tooltip='Compartir en LinkedIn' rel=\"noopener\"><span class='avia_hidden_link_text'>Compartir en LinkedIn<\/span><\/a><\/li><li class='av-share-link av-social-link-mail' ><a  aria-label=\"Compartir por correo\" href='mailto:?subject=Buscan%20fortalecer%20pr%C3%A1cticas%20inclusivas%20aumentando%20cobertura%20de%20la%20Biblioteca%20Migrante%20de%20Educaci%C3%B3n%20Parvularia&#038;body=https:\/\/radiorevelacionfm.cl\/?p=41704' aria-hidden='false' data-av_icon='\ue805' data-av_iconfont='entypo-fontello' title='' data-avia-related-tooltip='Compartir por correo'><span class='avia_hidden_link_text'>Compartir por correo<\/span><\/a><\/li><\/ul><\/div><\/div>\n<div  style='height:50px' class='hr hr-invisible   avia-builder-el-8  el_after_av_social_share  el_before_av_comments_list '><span class='hr-inner ' ><span class='hr-inner-style'><\/span><\/span><\/div>\n<div  class='av-buildercomment  av-blog-meta-html-info-disabled av-blog-meta-tag-disabled  '><\/div>\n","protected":false},"excerpt":{"rendered":"","protected":false},"author":1,"featured_media":41705,"comment_status":"open","ping_status":"open","sticky":false,"template":"","format":"standard","meta":{"footnotes":""},"categories":[49],"tags":[],"class_list":["post-41704","post","type-post","status-publish","format-standard","has-post-thumbnail","hentry","category-educacion"],"jetpack_featured_media_url":"https:\/\/radiorevelacionfm.cl\/wp-content\/uploads\/2024\/04\/whatsapp-image-2024-04-25-at-18_optimized.01.38-2-1.jpeg","_links":{"self":[{"href":"https:\/\/radiorevelacionfm.cl\/index.php?rest_route=\/wp\/v2\/posts\/41704","targetHints":{"allow":["GET"]}}],"collection":[{"href":"https:\/\/radiorevelacionfm.cl\/index.php?rest_route=\/wp\/v2\/posts"}],"about":[{"href":"https:\/\/radiorevelacionfm.cl\/index.php?rest_route=\/wp\/v2\/types\/post"}],"author":[{"embeddable":true,"href":"https:\/\/radiorevelacionfm.cl\/index.php?rest_route=\/wp\/v2\/users\/1"}],"replies":[{"embeddable":true,"href":"https:\/\/radiorevelacionfm.cl\/index.php?rest_route=%2Fwp%2Fv2%2Fcomments&post=41704"}],"version-history":[{"count":1,"href":"https:\/\/radiorevelacionfm.cl\/index.php?rest_route=\/wp\/v2\/posts\/41704\/revisions"}],"predecessor-version":[{"id":41706,"href":"https:\/\/radiorevelacionfm.cl\/index.php?rest_route=\/wp\/v2\/posts\/41704\/revisions\/41706"}],"wp:featuredmedia":[{"embeddable":true,"href":"https:\/\/radiorevelacionfm.cl\/index.php?rest_route=\/wp\/v2\/media\/41705"}],"wp:attachment":[{"href":"https:\/\/radiorevelacionfm.cl\/index.php?rest_route=%2Fwp%2Fv2%2Fmedia&parent=41704"}],"wp:term":[{"taxonomy":"category","embeddable":true,"href":"https:\/\/radiorevelacionfm.cl\/index.php?rest_route=%2Fwp%2Fv2%2Fcategories&post=41704"},{"taxonomy":"post_tag","embeddable":true,"href":"https:\/\/radiorevelacionfm.cl\/index.php?rest_route=%2Fwp%2Fv2%2Ftags&post=41704"}],"curies":[{"name":"wp","href":"https:\/\/api.w.org\/{rel}","templated":true}]}}