{"id":41701,"date":"2024-04-29T12:12:51","date_gmt":"2024-04-29T15:12:51","guid":{"rendered":"https:\/\/radiorevelacionfm.cl\/?p=41701"},"modified":"2024-04-29T12:12:51","modified_gmt":"2024-04-29T15:12:51","slug":"marcelo-santana-advirtio-que-es-fundamental-incorporar-al-sector-turismo-en-el-comite-de-desarrollo-productivo-de-aysen","status":"publish","type":"post","link":"https:\/\/radiorevelacionfm.cl\/?p=41701","title":{"rendered":"Marcelo Santana advirti\u00f3 que \u00abes fundamental incorporar al sector turismo en el Comit\u00e9 de Desarrollo Productivo de Ays\u00e9n\u201d"},"content":{"rendered":"<div class=\"flex_column av_one_full  flex_column_div av-zero-column-padding first  avia-builder-el-0  el_before_av_one_full  avia-builder-el-first  \" style='border-radius:0px; '><div  class='avia-image-container  av-styling-    avia-builder-el-1  avia-builder-el-no-sibling  avia-align-center '  itemprop=\"image\" itemscope=\"itemscope\" itemtype=\"https:\/\/schema.org\/ImageObject\"  ><div class='avia-image-container-inner'><div class='avia-image-overlay-wrap'><img decoding=\"async\" class='wp-image-41702 avia-img-lazy-loading-not-41702 avia_image' src=\"https:\/\/radiorevelacionfm.cl\/wp-content\/uploads\/2024\/04\/MS-1-1-1.jpg\" alt='' title='MS 1 (1) (1)' height=\"600\" width=\"901\"  itemprop=\"thumbnailUrl\" srcset=\"https:\/\/radiorevelacionfm.cl\/wp-content\/uploads\/2024\/04\/MS-1-1-1.jpg 901w, https:\/\/radiorevelacionfm.cl\/wp-content\/uploads\/2024\/04\/MS-1-1-1-300x200.jpg 300w, https:\/\/radiorevelacionfm.cl\/wp-content\/uploads\/2024\/04\/MS-1-1-1-768x511.jpg 768w, https:\/\/radiorevelacionfm.cl\/wp-content\/uploads\/2024\/04\/MS-1-1-1-705x469.jpg 705w, https:\/\/radiorevelacionfm.cl\/wp-content\/uploads\/2024\/04\/MS-1-1-1-450x300.jpg 450w, https:\/\/radiorevelacionfm.cl\/wp-content\/uploads\/2024\/04\/MS-1-1-1-600x400.jpg 600w\" sizes=\"(max-width: 901px) 100vw, 901px\" \/><\/div><\/div><\/div><\/div><div class=\"flex_column av_one_full  flex_column_div av-zero-column-padding first  avia-builder-el-2  el_after_av_one_full  el_before_av_one_full  column-top-margin\" style='border-radius:0px; '><section class=\"av_textblock_section \"  itemscope=\"itemscope\" itemtype=\"https:\/\/schema.org\/BlogPosting\" itemprop=\"blogPost\" ><div class='avia_textblock  '   itemprop=\"text\" ><p style=\"text-align: center;\"><strong><span style=\"font-size: 18pt;\">Marcelo Santana advirti\u00f3 que \u00abes fundamental incorporar al sector turismo en el Comit\u00e9 de Desarrollo Productivo de Ays\u00e9n\u201d<\/span><\/strong><\/p>\n<div id=\"gtx-trans\" style=\"position: absolute; left: -50px; top: 4.31534px;\">\n<div class=\"gtx-trans-icon\"><\/div>\n<\/div>\n<\/div><\/section><\/div><div class=\"flex_column av_one_full  flex_column_div av-zero-column-padding first  avia-builder-el-4  el_after_av_one_full  el_before_av_hr  column-top-margin\" style='border-radius:0px; '><section class=\"av_textblock_section \"  itemscope=\"itemscope\" itemtype=\"https:\/\/schema.org\/BlogPosting\" itemprop=\"blogPost\" ><div class='avia_textblock  '   itemprop=\"text\" ><div dir=\"auto\">\n<div>\n<div>\n<p style=\"text-align: justify;\">\u201cEs una interrogante v\u00e1lida\u201d afirm\u00f3 Marcelo Santana, qui\u00e9n cuestion\u00f3 la ausencia de un portavoz de una actividad clave para el fortalecimiento del destino Ays\u00e9n Patagonia. \u201cValoramos profundamente la iniciativa que convoca a P\u00fablicos, la Academia y a los Privados. Sin embargo, quisi\u00e9ramos ver mayores espacios para estos \u00faltimos, en la constituci\u00f3n de la entidad\u201d.<\/p>\n<p style=\"text-align: justify;\">Hace unos d\u00edas se lanz\u00f3 en Coyhaique, el Comit\u00e9 de Desarrollo Productivo de Ays\u00e9n junto a la Corporaci\u00f3n de Fomento a la Producci\u00f3n (Corfo) y el Servicio de Cooperaci\u00f3n T\u00e9cnica (Sercotec), m\u00e1s Gobierno Regional de Ays\u00e9n. \u201cSin lugar a duda un hito important\u00edsimo que apunta a la autonom\u00eda en la toma de decisiones locales y cuya entidad cuenta con recursos por ley para su funcionamiento\u201d, explic\u00f3 Marcelo Santana Vargas.<\/p>\n<p style=\"text-align: justify;\">El tambi\u00e9n Ingeniero Ambiental, cuestion\u00f3 el gran porcentaje de representantes p\u00fablicos en desmedro de las plazas para los privados, que hasta el momento est\u00e1n representados por Alejandra Alert, que es la presidenta de la C\u00e1mara Chilena de la Construcci\u00f3n en Coyhaique y la empresaria Margit Veloso. \u201cEsta \u00faltima sumada tras la alerta de los consejeros regionales de la Provincia de Ays\u00e9n, que advirtieron la marginaci\u00f3n de un actor de su territorio, acusando falta de equidad territorial\u201d.<\/p>\n<p style=\"text-align: justify;\">\u201cUna vez corregido lo anterior, me asalt\u00f3 la leg\u00edtima duda del porqu\u00e9 no est\u00e1 contemplado un espacio para el sector turismo (siendo uno de los ejes de desarrollo productivo en la estrategia regional de desarrollo). Su inclusi\u00f3n debiese ser una clave importante por lo que significa la actividad en el desarrollo productivo de Ays\u00e9n y porque llevamos cerca de 20 a\u00f1os trabajando a trav\u00e9s de inversi\u00f3n p\u00fablica y privada para ser un destino de intereses especiales de nivel mundial, como uno de los caminos para romper la estacionalidad\u201d, insisti\u00f3 Marcelo Santana.<\/p>\n<p style=\"text-align: justify;\">\u201cValoro enormemente esta nueva constituci\u00f3n que se enmarca en el trabajo colaborativo en pos del territorio, pero siempre en a\u00f1os electorales algunas iniciativas, por la premura, omiten detalles importantes y siento que el Comit\u00e9 de Desarrollo Productivo de Ays\u00e9n debe ser exitoso, porque ya estamos algo agotados de la falta de resultados de las \u2018cl\u00e1sicas\u2019 mesas de trabajo o di\u00e1logo y de tantas otras instancias, que se pierden en el camino y despu\u00e9s resucitan rebautizadas\u201d, explic\u00f3 Santana.<\/p>\n<\/div>\n<div class=\"yj6qo\" style=\"text-align: justify;\"><\/div>\n<div class=\"adL\" style=\"text-align: justify;\"><\/div>\n<\/div>\n<\/div>\n<div class=\"adL\" dir=\"auto\" style=\"text-align: justify;\"><\/div>\n<\/div><\/section><\/div><div  style='height:50px' class='hr hr-invisible   avia-builder-el-6  el_after_av_one_full  el_before_av_social_share '><span class='hr-inner ' ><span class='hr-inner-style'><\/span><\/span><\/div><\/p>\n<div  class='av-social-sharing-box  avia-builder-el-7  el_after_av_hr  el_before_av_hr  '><div class='av-share-box'><h5 class='av-share-link-description av-no-toc '>Compartir esta noticia<\/h5><ul class='av-share-box-list noLightbox'><li class='av-share-link av-social-link-facebook' ><a target=\"_blank\" aria-label=\"Compartir en Facebook\" href='https:\/\/www.facebook.com\/sharer.php?u=https:\/\/radiorevelacionfm.cl\/?p=41701&#038;t=Marcelo%20Santana%20advirti%C3%B3%20que%20%C2%ABes%20fundamental%20incorporar%20al%20sector%20turismo%20en%20el%20Comit%C3%A9%20de%20Desarrollo%20Productivo%20de%20Ays%C3%A9n%E2%80%9D' aria-hidden='false' data-av_icon='\ue8f3' data-av_iconfont='entypo-fontello' title='' data-avia-related-tooltip='Compartir en Facebook' rel=\"noopener\"><span class='avia_hidden_link_text'>Compartir en Facebook<\/span><\/a><\/li><li class='av-share-link av-social-link-twitter' ><a target=\"_blank\" aria-label=\"Compartir en Twitter\" href='https:\/\/twitter.com\/share?text=Marcelo%20Santana%20advirti%C3%B3%20que%20%C2%ABes%20fundamental%20incorporar%20al%20sector%20turismo%20en%20el%20Comit%C3%A9%20de%20Desarrollo%20Productivo%20de%20Ays%C3%A9n%E2%80%9D&#038;url=https:\/\/radiorevelacionfm.cl\/?p=41701' aria-hidden='false' data-av_icon='\ue8f1' data-av_iconfont='entypo-fontello' title='' data-avia-related-tooltip='Compartir en Twitter' rel=\"noopener\"><span class='avia_hidden_link_text'>Compartir en Twitter<\/span><\/a><\/li><li class='av-share-link av-social-link-whatsapp' ><a target=\"_blank\" aria-label=\"Compartir en Whatsapp\" href='https:\/\/api.whatsapp.com\/send?text=https:\/\/radiorevelacionfm.cl\/?p=41701' aria-hidden='false' data-av_icon='\uf232' data-av_iconfont='entypo-fontello' title='' data-avia-related-tooltip='Compartir en Whatsapp' rel=\"noopener\"><span class='avia_hidden_link_text'>Compartir en Whatsapp<\/span><\/a><\/li><li class='av-share-link av-social-link-linkedin' ><a target=\"_blank\" aria-label=\"Compartir en LinkedIn\" href='https:\/\/linkedin.com\/shareArticle?mini=true&#038;title=Marcelo%20Santana%20advirti%C3%B3%20que%20%C2%ABes%20fundamental%20incorporar%20al%20sector%20turismo%20en%20el%20Comit%C3%A9%20de%20Desarrollo%20Productivo%20de%20Ays%C3%A9n%E2%80%9D&#038;url=https:\/\/radiorevelacionfm.cl\/?p=41701' aria-hidden='false' data-av_icon='\ue8fc' data-av_iconfont='entypo-fontello' title='' data-avia-related-tooltip='Compartir en LinkedIn' rel=\"noopener\"><span class='avia_hidden_link_text'>Compartir en LinkedIn<\/span><\/a><\/li><li class='av-share-link av-social-link-mail' ><a  aria-label=\"Compartir por correo\" href='mailto:?subject=Marcelo%20Santana%20advirti%C3%B3%20que%20%C2%ABes%20fundamental%20incorporar%20al%20sector%20turismo%20en%20el%20Comit%C3%A9%20de%20Desarrollo%20Productivo%20de%20Ays%C3%A9n%E2%80%9D&#038;body=https:\/\/radiorevelacionfm.cl\/?p=41701' aria-hidden='false' data-av_icon='\ue805' data-av_iconfont='entypo-fontello' title='' data-avia-related-tooltip='Compartir por correo'><span class='avia_hidden_link_text'>Compartir por correo<\/span><\/a><\/li><\/ul><\/div><\/div>\n<div  style='height:50px' class='hr hr-invisible   avia-builder-el-8  el_after_av_social_share  el_before_av_comments_list '><span class='hr-inner ' ><span class='hr-inner-style'><\/span><\/span><\/div>\n<div  class='av-buildercomment  av-blog-meta-html-info-disabled av-blog-meta-tag-disabled  '><\/div>\n","protected":false},"excerpt":{"rendered":"","protected":false},"author":1,"featured_media":41702,"comment_status":"open","ping_status":"open","sticky":false,"template":"","format":"standard","meta":{"footnotes":""},"categories":[38],"tags":[],"class_list":["post-41701","post","type-post","status-publish","format-standard","has-post-thumbnail","hentry","category-regional"],"jetpack_featured_media_url":"https:\/\/radiorevelacionfm.cl\/wp-content\/uploads\/2024\/04\/MS-1-1-1.jpg","_links":{"self":[{"href":"https:\/\/radiorevelacionfm.cl\/index.php?rest_route=\/wp\/v2\/posts\/41701","targetHints":{"allow":["GET"]}}],"collection":[{"href":"https:\/\/radiorevelacionfm.cl\/index.php?rest_route=\/wp\/v2\/posts"}],"about":[{"href":"https:\/\/radiorevelacionfm.cl\/index.php?rest_route=\/wp\/v2\/types\/post"}],"author":[{"embeddable":true,"href":"https:\/\/radiorevelacionfm.cl\/index.php?rest_route=\/wp\/v2\/users\/1"}],"replies":[{"embeddable":true,"href":"https:\/\/radiorevelacionfm.cl\/index.php?rest_route=%2Fwp%2Fv2%2Fcomments&post=41701"}],"version-history":[{"count":1,"href":"https:\/\/radiorevelacionfm.cl\/index.php?rest_route=\/wp\/v2\/posts\/41701\/revisions"}],"predecessor-version":[{"id":41703,"href":"https:\/\/radiorevelacionfm.cl\/index.php?rest_route=\/wp\/v2\/posts\/41701\/revisions\/41703"}],"wp:featuredmedia":[{"embeddable":true,"href":"https:\/\/radiorevelacionfm.cl\/index.php?rest_route=\/wp\/v2\/media\/41702"}],"wp:attachment":[{"href":"https:\/\/radiorevelacionfm.cl\/index.php?rest_route=%2Fwp%2Fv2%2Fmedia&parent=41701"}],"wp:term":[{"taxonomy":"category","embeddable":true,"href":"https:\/\/radiorevelacionfm.cl\/index.php?rest_route=%2Fwp%2Fv2%2Fcategories&post=41701"},{"taxonomy":"post_tag","embeddable":true,"href":"https:\/\/radiorevelacionfm.cl\/index.php?rest_route=%2Fwp%2Fv2%2Ftags&post=41701"}],"curies":[{"name":"wp","href":"https:\/\/api.w.org\/{rel}","templated":true}]}}