{"id":4170,"date":"2021-05-14T20:04:46","date_gmt":"2021-05-14T23:04:46","guid":{"rendered":"https:\/\/radiorevelacionfm.cl\/?p=4170"},"modified":"2021-05-14T20:04:46","modified_gmt":"2021-05-14T23:04:46","slug":"anuncian-condonacion-de-deuda-para-concesionarios-de-parques-nacionales-administrados-por-conaf-afectados-por-la-pandemia","status":"publish","type":"post","link":"https:\/\/radiorevelacionfm.cl\/?p=4170","title":{"rendered":"Anuncian condonaci\u00f3n de deuda para concesionarios de Parques Nacionales administrados por CONAF afectados por la pandemia"},"content":{"rendered":"<div class=\"flex_column av_one_full  flex_column_div av-zero-column-padding first  avia-builder-el-0  el_before_av_one_full  avia-builder-el-first  \" style='border-radius:0px; '><div  class='avia-image-container  av-styling-    avia-builder-el-1  avia-builder-el-no-sibling  avia-align-center '  itemprop=\"image\" itemscope=\"itemscope\" itemtype=\"https:\/\/schema.org\/ImageObject\"  ><div class='avia-image-container-inner'><div class='avia-image-overlay-wrap'><img decoding=\"async\" class='wp-image-0 avia-img-lazy-loading-not-0 avia_image' src=\"https:\/\/radiorevelacionfm.cl\/wp-content\/uploads\/2021\/05\/Parques2-1-1.jpg\" alt='' title=''   itemprop=\"thumbnailUrl\"  \/><\/div><\/div><\/div><\/div><div class=\"flex_column av_one_full  flex_column_div av-zero-column-padding first  avia-builder-el-2  el_after_av_one_full  el_before_av_one_full  column-top-margin\" style='border-radius:0px; '><section class=\"av_textblock_section \"  itemscope=\"itemscope\" itemtype=\"https:\/\/schema.org\/BlogPosting\" itemprop=\"blogPost\" ><div class='avia_textblock  '   itemprop=\"text\" ><p style=\"text-align: center;\"><strong><span style=\"font-size: 18pt;\">Anuncian condonaci\u00f3n de deuda para concesionarios de Parques Nacionales administrados por CONAF afectados por la pandemia<\/span><\/strong><\/p>\n<div id=\"gtx-trans\" style=\"position: absolute; left: -50px; top: 4.31534px;\">\n<div class=\"gtx-trans-icon\"><\/div>\n<\/div>\n<\/div><\/section><\/div><div class=\"flex_column av_one_full  flex_column_div av-zero-column-padding first  avia-builder-el-4  el_after_av_one_full  el_before_av_hr  column-top-margin\" style='border-radius:0px; '><section class=\"av_textblock_section \"  itemscope=\"itemscope\" itemtype=\"https:\/\/schema.org\/BlogPosting\" itemprop=\"blogPost\" ><div class='avia_textblock  '   itemprop=\"text\" ><p style=\"text-align: justify;\">La Ministra Mar\u00eda Emilia Undurraga explic\u00f3 que la medida que regir\u00e1 para este a\u00f1o se suma a las facilidades que se brindar\u00e1n para que las deudas anteriores se paguen en tres cuotas en 2022, 2023 y 2024.<\/p>\n<p style=\"text-align: justify;\">\u201cEl gobierno, a trav\u00e9s de un programa de apoyo a los emprendedores aportar\u00e1 a la reactivaci\u00f3n de la actividad tur\u00edstica de Chile, y muy especialmente a fortalecer la situaci\u00f3n econ\u00f3mica de quienes contribuyen el desarrollo de nuestras \u00c1reas Silvestres Protegidas\u201d, dijo la Ministra de Agricultura, Mar\u00eda Emilia Undurraga, quien anunci\u00f3 hoy la condonaci\u00f3n de la deuda de este a\u00f1o para los concesionarios de parques nacionales administrados por CONAF, quienes han visto disminuidos sus ingresos debido a la pandemia.<\/p>\n<div class=\"code-block code-block-6\">\n<div id=\"sas_99435\" style=\"text-align: justify;\">Asimismo, las deudas correspondientes al a\u00f1o 2020, se prorratear\u00e1n en tres cuotas a pagar durante los a\u00f1os 2022, 2023 y 2024. Todas estos beneficios\u00a0\u00a0equivalen a unos mil millones de pesos, explic\u00f3 la ministra quien precis\u00f3 que \u201csin duda se trata de una muy buena noticia que viene a paliar en algo las dificultades que los emprendedores han tenido en esta \u00e9poca tan compleja para Chile y el mundo y queremos seguir en esta senda de apoyo de los emprendedores tur\u00edsticos, porque una vez que pasemos esta situaci\u00f3n vamos a necesitar los parques abiertos, la conexi\u00f3n con la naturaleza que es tan importante para la recuperaci\u00f3n de cada uno de nosotros\u201d.<\/div>\n<div>\n<p style=\"text-align: justify;\">En esta misma l\u00ednea el director nacional de la CONAF, Rodrigo Munita dijo que \u201cen relaci\u00f3n con la situaci\u00f3n econ\u00f3mica a la cual se han visto enfrentados nuestros concesionarios en todos nuestros parques y \u00e1reas silvestres protegidas, producto de la pandemia, producto de la menor visitaci\u00f3n y de los efectos que esto ha tra\u00eddo, el Gobierno ha implementado un programa de ayuda particular para este sector\u201d.<\/p>\n<p style=\"text-align: justify;\">El director de la CONAF enfatiz\u00f3 en que \u201cseguiremos trabajando tanto para el desarrollo de las \u00e1reas silvestres protegidas como de nuestros colaboradores y a partir de hoy d\u00eda vamos a comenzar a convocar a cada uno de ellos con el objeto de dar a conocer el detalle del programa, analizar su situaci\u00f3n particular e implementar la ejecuci\u00f3n concreta de pago que afecta a su situaci\u00f3n\u201d.<\/p>\n<p style=\"text-align: justify;\">Por su parte, El gerente de \u00e1reas silvestres protegidas de CONAF, \u00cdtalo Rossi, destac\u00f3 que \u201cnos estamos preparando debidamente para volver a recibir en nuestros parques y reservas a los visitantes que estamos seguros se entusiasmar\u00e1n y buscar\u00e1n en la naturaleza momentos de relajo y esparcimiento tan necesario. Para esa oportunidad, que esperamos sea lo m\u00e1s pronto posible, necesitamos a todos los concesionarios preparados y fuertes para apoyar la reactivaci\u00f3n de la actividad. Son ellos eslabones fundamentales de una cadena de \u00e9xito en potenciar el turismo responsable con la conservaci\u00f3n, principal preocupaci\u00f3n de nuestra labor\u201d.<\/p>\n<p style=\"text-align: justify;\">CONAF mantiene 38 contratos de concesi\u00f3n ecotur\u00edstica, los que ser\u00e1n beneficiados con estas medidas anunciadas por las autoridades y que son parte del paquete de ayuda que dio a conocer el Presidente Pi\u00f1era esta semana en materia de apoyo a las PYMES.<\/p>\n<\/div>\n<\/div>\n<\/div><\/section><\/div><div  style='height:50px' class='hr hr-invisible   avia-builder-el-6  el_after_av_one_full  el_before_av_social_share '><span class='hr-inner ' ><span class='hr-inner-style'><\/span><\/span><\/div><\/p>\n<div  class='av-social-sharing-box  avia-builder-el-7  el_after_av_hr  el_before_av_hr  '><div class='av-share-box'><h5 class='av-share-link-description av-no-toc '>Compartir esta noticia<\/h5><ul class='av-share-box-list noLightbox'><li class='av-share-link av-social-link-facebook' ><a target=\"_blank\" aria-label=\"Compartir en Facebook\" href='https:\/\/www.facebook.com\/sharer.php?u=https:\/\/radiorevelacionfm.cl\/?p=4170&#038;t=Anuncian%20condonaci%C3%B3n%20de%20deuda%20para%20concesionarios%20de%20Parques%20Nacionales%20administrados%20por%20CONAF%20afectados%20por%20la%20pandemia' aria-hidden='false' data-av_icon='\ue8f3' data-av_iconfont='entypo-fontello' title='' data-avia-related-tooltip='Compartir en Facebook' rel=\"noopener\"><span class='avia_hidden_link_text'>Compartir en Facebook<\/span><\/a><\/li><li class='av-share-link av-social-link-twitter' ><a target=\"_blank\" aria-label=\"Compartir en Twitter\" href='https:\/\/twitter.com\/share?text=Anuncian%20condonaci%C3%B3n%20de%20deuda%20para%20concesionarios%20de%20Parques%20Nacionales%20administrados%20por%20CONAF%20afectados%20por%20la%20pandemia&#038;url=https:\/\/radiorevelacionfm.cl\/?p=4170' aria-hidden='false' data-av_icon='\ue8f1' data-av_iconfont='entypo-fontello' title='' data-avia-related-tooltip='Compartir en Twitter' rel=\"noopener\"><span class='avia_hidden_link_text'>Compartir en Twitter<\/span><\/a><\/li><li class='av-share-link av-social-link-whatsapp' ><a target=\"_blank\" aria-label=\"Compartir en Whatsapp\" href='https:\/\/api.whatsapp.com\/send?text=https:\/\/radiorevelacionfm.cl\/?p=4170' aria-hidden='false' data-av_icon='\uf232' data-av_iconfont='entypo-fontello' title='' data-avia-related-tooltip='Compartir en Whatsapp' rel=\"noopener\"><span class='avia_hidden_link_text'>Compartir en Whatsapp<\/span><\/a><\/li><li class='av-share-link av-social-link-linkedin' ><a target=\"_blank\" aria-label=\"Compartir en LinkedIn\" href='https:\/\/linkedin.com\/shareArticle?mini=true&#038;title=Anuncian%20condonaci%C3%B3n%20de%20deuda%20para%20concesionarios%20de%20Parques%20Nacionales%20administrados%20por%20CONAF%20afectados%20por%20la%20pandemia&#038;url=https:\/\/radiorevelacionfm.cl\/?p=4170' aria-hidden='false' data-av_icon='\ue8fc' data-av_iconfont='entypo-fontello' title='' data-avia-related-tooltip='Compartir en LinkedIn' rel=\"noopener\"><span class='avia_hidden_link_text'>Compartir en LinkedIn<\/span><\/a><\/li><li class='av-share-link av-social-link-mail' ><a  aria-label=\"Compartir por correo\" href='mailto:?subject=Anuncian%20condonaci%C3%B3n%20de%20deuda%20para%20concesionarios%20de%20Parques%20Nacionales%20administrados%20por%20CONAF%20afectados%20por%20la%20pandemia&#038;body=https:\/\/radiorevelacionfm.cl\/?p=4170' aria-hidden='false' data-av_icon='\ue805' data-av_iconfont='entypo-fontello' title='' data-avia-related-tooltip='Compartir por correo'><span class='avia_hidden_link_text'>Compartir por correo<\/span><\/a><\/li><\/ul><\/div><\/div>\n<div  style='height:50px' class='hr hr-invisible   avia-builder-el-8  el_after_av_social_share  el_before_av_comments_list '><span class='hr-inner ' ><span class='hr-inner-style'><\/span><\/span><\/div>\n<div  class='av-buildercomment  av-blog-meta-html-info-disabled av-blog-meta-tag-disabled  '><\/div>\n","protected":false},"excerpt":{"rendered":"","protected":false},"author":1,"featured_media":0,"comment_status":"open","ping_status":"open","sticky":false,"template":"","format":"standard","meta":{"footnotes":""},"categories":[54],"tags":[],"class_list":["post-4170","post","type-post","status-publish","format-standard","hentry","category-turismo"],"jetpack_featured_media_url":"","_links":{"self":[{"href":"https:\/\/radiorevelacionfm.cl\/index.php?rest_route=\/wp\/v2\/posts\/4170","targetHints":{"allow":["GET"]}}],"collection":[{"href":"https:\/\/radiorevelacionfm.cl\/index.php?rest_route=\/wp\/v2\/posts"}],"about":[{"href":"https:\/\/radiorevelacionfm.cl\/index.php?rest_route=\/wp\/v2\/types\/post"}],"author":[{"embeddable":true,"href":"https:\/\/radiorevelacionfm.cl\/index.php?rest_route=\/wp\/v2\/users\/1"}],"replies":[{"embeddable":true,"href":"https:\/\/radiorevelacionfm.cl\/index.php?rest_route=%2Fwp%2Fv2%2Fcomments&post=4170"}],"version-history":[{"count":1,"href":"https:\/\/radiorevelacionfm.cl\/index.php?rest_route=\/wp\/v2\/posts\/4170\/revisions"}],"predecessor-version":[{"id":4173,"href":"https:\/\/radiorevelacionfm.cl\/index.php?rest_route=\/wp\/v2\/posts\/4170\/revisions\/4173"}],"wp:attachment":[{"href":"https:\/\/radiorevelacionfm.cl\/index.php?rest_route=%2Fwp%2Fv2%2Fmedia&parent=4170"}],"wp:term":[{"taxonomy":"category","embeddable":true,"href":"https:\/\/radiorevelacionfm.cl\/index.php?rest_route=%2Fwp%2Fv2%2Fcategories&post=4170"},{"taxonomy":"post_tag","embeddable":true,"href":"https:\/\/radiorevelacionfm.cl\/index.php?rest_route=%2Fwp%2Fv2%2Ftags&post=4170"}],"curies":[{"name":"wp","href":"https:\/\/api.w.org\/{rel}","templated":true}]}}