{"id":41698,"date":"2024-04-27T00:52:24","date_gmt":"2024-04-27T03:52:24","guid":{"rendered":"https:\/\/radiorevelacionfm.cl\/?p=41698"},"modified":"2024-04-27T00:52:24","modified_gmt":"2024-04-27T03:52:24","slug":"en-internacion-provisional-quedo-imputado-por-incendio-a-cuartel-general-y-casino-de-bomberos-de-coyhaique","status":"publish","type":"post","link":"https:\/\/radiorevelacionfm.cl\/?p=41698","title":{"rendered":"En internaci\u00f3n provisional qued\u00f3 imputado por incendio a Cuartel General y casino de Bomberos de Coyhaique"},"content":{"rendered":"<div class=\"flex_column av_one_full  flex_column_div av-zero-column-padding first  avia-builder-el-0  el_before_av_one_full  avia-builder-el-first  \" style='border-radius:0px; '><div  class='avia-image-container  av-styling-    avia-builder-el-1  avia-builder-el-no-sibling  avia-align-center '  itemprop=\"image\" itemscope=\"itemscope\" itemtype=\"https:\/\/schema.org\/ImageObject\"  ><div class='avia-image-container-inner'><div class='avia-image-overlay-wrap'><img decoding=\"async\" class='wp-image-41699 avia-img-lazy-loading-not-41699 avia_image' src=\"https:\/\/radiorevelacionfm.cl\/wp-content\/uploads\/2024\/04\/gl2st4xxkaapbmf-2_optimized-1.jpg\" alt='' title='gl2st4xxkaapbmf-(2)_optimized (1)' height=\"600\" width=\"925\"  itemprop=\"thumbnailUrl\" srcset=\"https:\/\/radiorevelacionfm.cl\/wp-content\/uploads\/2024\/04\/gl2st4xxkaapbmf-2_optimized-1.jpg 925w, https:\/\/radiorevelacionfm.cl\/wp-content\/uploads\/2024\/04\/gl2st4xxkaapbmf-2_optimized-1-300x195.jpg 300w, https:\/\/radiorevelacionfm.cl\/wp-content\/uploads\/2024\/04\/gl2st4xxkaapbmf-2_optimized-1-768x498.jpg 768w, https:\/\/radiorevelacionfm.cl\/wp-content\/uploads\/2024\/04\/gl2st4xxkaapbmf-2_optimized-1-705x457.jpg 705w, https:\/\/radiorevelacionfm.cl\/wp-content\/uploads\/2024\/04\/gl2st4xxkaapbmf-2_optimized-1-450x292.jpg 450w, https:\/\/radiorevelacionfm.cl\/wp-content\/uploads\/2024\/04\/gl2st4xxkaapbmf-2_optimized-1-600x389.jpg 600w\" sizes=\"(max-width: 925px) 100vw, 925px\" \/><\/div><\/div><\/div><\/div><div class=\"flex_column av_one_full  flex_column_div av-zero-column-padding first  avia-builder-el-2  el_after_av_one_full  el_before_av_one_full  column-top-margin\" style='border-radius:0px; '><section class=\"av_textblock_section \"  itemscope=\"itemscope\" itemtype=\"https:\/\/schema.org\/BlogPosting\" itemprop=\"blogPost\" ><div class='avia_textblock  '   itemprop=\"text\" ><p style=\"text-align: center;\"><strong><span style=\"font-size: 18pt;\">En internaci\u00f3n provisional qued\u00f3 imputado por incendio a Cuartel General y casino de Bomberos de Coyhaique<\/span><\/strong><\/p>\n<div id=\"gtx-trans\" style=\"position: absolute; left: -50px; top: 4.31534px;\">\n<div class=\"gtx-trans-icon\"><\/div>\n<\/div>\n<\/div><\/section><\/div><div class=\"flex_column av_one_full  flex_column_div av-zero-column-padding first  avia-builder-el-4  el_after_av_one_full  el_before_av_hr  column-top-margin\" style='border-radius:0px; '><section class=\"av_textblock_section \"  itemscope=\"itemscope\" itemtype=\"https:\/\/schema.org\/BlogPosting\" itemprop=\"blogPost\" ><div class='avia_textblock  '   itemprop=\"text\" ><p style=\"font-weight: 400; text-align: justify;\"><em>El incendio de lugar habitado es un delito grave que tiene una pena que parte en 10 a\u00f1os y un d\u00eda y llega a presidio perpetuo.<\/em><\/p>\n<p style=\"font-weight: 400; text-align: justify;\">La Fiscal\u00eda Local de Coyhaique formaliz\u00f3 hoy una investigaci\u00f3n en contra de un imputado de 32 a\u00f1os como autor del delito de incendio de lugar habitado, el cual destruy\u00f3 el Cuartel General y el Casino de la Primera Compa\u00f1\u00eda de Bomberos de Coyhaique. El hecho se registr\u00f3 cerca de las dos de la ma\u00f1ana del pasado martes.<\/p>\n<p style=\"font-weight: 400; text-align: justify;\">\u201cHoy se formaliz\u00f3 a un imputado masculino mayor de edad, por el delito de incendio de lugar habitado, que afect\u00f3 a las dependencias de la Primera Compa\u00f1\u00eda de Bomberos, al Casino de Bomberos y adem\u00e1s a un par de inmuebles aleda\u00f1os\u201d, explic\u00f3 el Fiscal Jefe de Coyhaique, Jos\u00e9 Moris.<\/p>\n<p style=\"font-weight: 400; text-align: justify;\">\u201cEn este caso se formaliz\u00f3 por dicho delito, que es un delito grave que tiene una pena que parte en 10 a\u00f1os y un d\u00eda y llega a presidio perpetuo. Sin embargo, en el caso del imputado espec\u00edfico, se trata de una persona con discapacidad mental. Se cuenta con algunos informes que dan cuenta de dicha discapacidad. Se encuentra en curso una pericia por parte del Servicio M\u00e9dico Legal actualizada sobre el punto\u201d, a\u00f1adi\u00f3 el Fiscal Moris.<\/p>\n<p style=\"font-weight: 400; text-align: justify;\">\u201cY en atenci\u00f3n a ello, qued\u00f3 con una medida cautelar que se llama internaci\u00f3n provisional, que se trata de una internaci\u00f3n para personas con discapacidad mental, que en este caso espec\u00edfico se cumplir\u00e1 en la c\u00e1rcel de Coyhaique, siendo resguardado por Gendarmer\u00eda. A su vez, se fij\u00f3 un plazo de 100 d\u00edas para realizar las diligencias\u201d, finaliz\u00f3 el persecutor penal.<\/p>\n<p style=\"font-weight: 400; text-align: justify;\">Las diligencias investigativas de este caso fueron encomendadas por el Ministerio P\u00fablico a la SIP y Labocar de Carabineros de la Primera Comisar\u00eda de Coyhaique.<\/p>\n<\/div><\/section><\/div><div  style='height:50px' class='hr hr-invisible   avia-builder-el-6  el_after_av_one_full  el_before_av_social_share '><span class='hr-inner ' ><span class='hr-inner-style'><\/span><\/span><\/div><\/p>\n<div  class='av-social-sharing-box  avia-builder-el-7  el_after_av_hr  el_before_av_hr  '><div class='av-share-box'><h5 class='av-share-link-description av-no-toc '>Compartir esta noticia<\/h5><ul class='av-share-box-list noLightbox'><li class='av-share-link av-social-link-facebook' ><a target=\"_blank\" aria-label=\"Compartir en Facebook\" href='https:\/\/www.facebook.com\/sharer.php?u=https:\/\/radiorevelacionfm.cl\/?p=41698&#038;t=En%20internaci%C3%B3n%20provisional%20qued%C3%B3%20imputado%20por%20incendio%20a%20Cuartel%20General%20y%20casino%20de%20Bomberos%20de%20Coyhaique' aria-hidden='false' data-av_icon='\ue8f3' data-av_iconfont='entypo-fontello' title='' data-avia-related-tooltip='Compartir en Facebook' rel=\"noopener\"><span class='avia_hidden_link_text'>Compartir en Facebook<\/span><\/a><\/li><li class='av-share-link av-social-link-twitter' ><a target=\"_blank\" aria-label=\"Compartir en Twitter\" href='https:\/\/twitter.com\/share?text=En%20internaci%C3%B3n%20provisional%20qued%C3%B3%20imputado%20por%20incendio%20a%20Cuartel%20General%20y%20casino%20de%20Bomberos%20de%20Coyhaique&#038;url=https:\/\/radiorevelacionfm.cl\/?p=41698' aria-hidden='false' data-av_icon='\ue8f1' data-av_iconfont='entypo-fontello' title='' data-avia-related-tooltip='Compartir en Twitter' rel=\"noopener\"><span class='avia_hidden_link_text'>Compartir en Twitter<\/span><\/a><\/li><li class='av-share-link av-social-link-whatsapp' ><a target=\"_blank\" aria-label=\"Compartir en Whatsapp\" href='https:\/\/api.whatsapp.com\/send?text=https:\/\/radiorevelacionfm.cl\/?p=41698' aria-hidden='false' data-av_icon='\uf232' data-av_iconfont='entypo-fontello' title='' data-avia-related-tooltip='Compartir en Whatsapp' rel=\"noopener\"><span class='avia_hidden_link_text'>Compartir en Whatsapp<\/span><\/a><\/li><li class='av-share-link av-social-link-linkedin' ><a target=\"_blank\" aria-label=\"Compartir en LinkedIn\" href='https:\/\/linkedin.com\/shareArticle?mini=true&#038;title=En%20internaci%C3%B3n%20provisional%20qued%C3%B3%20imputado%20por%20incendio%20a%20Cuartel%20General%20y%20casino%20de%20Bomberos%20de%20Coyhaique&#038;url=https:\/\/radiorevelacionfm.cl\/?p=41698' aria-hidden='false' data-av_icon='\ue8fc' data-av_iconfont='entypo-fontello' title='' data-avia-related-tooltip='Compartir en LinkedIn' rel=\"noopener\"><span class='avia_hidden_link_text'>Compartir en LinkedIn<\/span><\/a><\/li><li class='av-share-link av-social-link-mail' ><a  aria-label=\"Compartir por correo\" href='mailto:?subject=En%20internaci%C3%B3n%20provisional%20qued%C3%B3%20imputado%20por%20incendio%20a%20Cuartel%20General%20y%20casino%20de%20Bomberos%20de%20Coyhaique&#038;body=https:\/\/radiorevelacionfm.cl\/?p=41698' aria-hidden='false' data-av_icon='\ue805' data-av_iconfont='entypo-fontello' title='' data-avia-related-tooltip='Compartir por correo'><span class='avia_hidden_link_text'>Compartir por correo<\/span><\/a><\/li><\/ul><\/div><\/div>\n<div  style='height:50px' class='hr hr-invisible   avia-builder-el-8  el_after_av_social_share  el_before_av_comments_list '><span class='hr-inner ' ><span class='hr-inner-style'><\/span><\/span><\/div>\n<div  class='av-buildercomment  av-blog-meta-html-info-disabled av-blog-meta-tag-disabled  '><\/div>\n","protected":false},"excerpt":{"rendered":"","protected":false},"author":1,"featured_media":41699,"comment_status":"open","ping_status":"open","sticky":false,"template":"","format":"standard","meta":{"footnotes":""},"categories":[55],"tags":[],"class_list":["post-41698","post","type-post","status-publish","format-standard","has-post-thumbnail","hentry","category-justicia"],"jetpack_featured_media_url":"https:\/\/radiorevelacionfm.cl\/wp-content\/uploads\/2024\/04\/gl2st4xxkaapbmf-2_optimized-1.jpg","_links":{"self":[{"href":"https:\/\/radiorevelacionfm.cl\/index.php?rest_route=\/wp\/v2\/posts\/41698","targetHints":{"allow":["GET"]}}],"collection":[{"href":"https:\/\/radiorevelacionfm.cl\/index.php?rest_route=\/wp\/v2\/posts"}],"about":[{"href":"https:\/\/radiorevelacionfm.cl\/index.php?rest_route=\/wp\/v2\/types\/post"}],"author":[{"embeddable":true,"href":"https:\/\/radiorevelacionfm.cl\/index.php?rest_route=\/wp\/v2\/users\/1"}],"replies":[{"embeddable":true,"href":"https:\/\/radiorevelacionfm.cl\/index.php?rest_route=%2Fwp%2Fv2%2Fcomments&post=41698"}],"version-history":[{"count":1,"href":"https:\/\/radiorevelacionfm.cl\/index.php?rest_route=\/wp\/v2\/posts\/41698\/revisions"}],"predecessor-version":[{"id":41700,"href":"https:\/\/radiorevelacionfm.cl\/index.php?rest_route=\/wp\/v2\/posts\/41698\/revisions\/41700"}],"wp:featuredmedia":[{"embeddable":true,"href":"https:\/\/radiorevelacionfm.cl\/index.php?rest_route=\/wp\/v2\/media\/41699"}],"wp:attachment":[{"href":"https:\/\/radiorevelacionfm.cl\/index.php?rest_route=%2Fwp%2Fv2%2Fmedia&parent=41698"}],"wp:term":[{"taxonomy":"category","embeddable":true,"href":"https:\/\/radiorevelacionfm.cl\/index.php?rest_route=%2Fwp%2Fv2%2Fcategories&post=41698"},{"taxonomy":"post_tag","embeddable":true,"href":"https:\/\/radiorevelacionfm.cl\/index.php?rest_route=%2Fwp%2Fv2%2Ftags&post=41698"}],"curies":[{"name":"wp","href":"https:\/\/api.w.org\/{rel}","templated":true}]}}