{"id":41696,"date":"2024-04-27T12:05:21","date_gmt":"2024-04-27T15:05:21","guid":{"rendered":"https:\/\/radiorevelacionfm.cl\/?p=41696"},"modified":"2024-04-27T12:05:21","modified_gmt":"2024-04-27T15:05:21","slug":"diputada-raphael-reafirma-su-apoyo-al-general-yanez-en-un-nuevo-aniversario-de-carabineros-y-ad-portas-de-su-formalizacion","status":"publish","type":"post","link":"https:\/\/radiorevelacionfm.cl\/?p=41696","title":{"rendered":"Diputada Raphael reafirma su apoyo al general Y\u00e1\u00f1ez en un nuevo aniversario de Carabineros y ad-portas de su formalizaci\u00f3n"},"content":{"rendered":"<div class=\"flex_column av_one_full  flex_column_div av-zero-column-padding first  avia-builder-el-0  el_before_av_one_full  avia-builder-el-first  \" style='border-radius:0px; '><div  class='avia-image-container  av-styling-    avia-builder-el-1  avia-builder-el-no-sibling  avia-align-center '  itemprop=\"image\" itemscope=\"itemscope\" itemtype=\"https:\/\/schema.org\/ImageObject\"  ><div class='avia-image-container-inner'><div class='avia-image-overlay-wrap'><img decoding=\"async\" class='wp-image-29430 avia-img-lazy-loading-not-29430 avia_image' src=\"https:\/\/radiorevelacionfm.cl\/wp-content\/uploads\/2023\/03\/Diputada-MRM-1-1.jpg\" alt='' title='Diputada MRM (1) (1)' height=\"600\" width=\"901\"  itemprop=\"thumbnailUrl\" srcset=\"https:\/\/radiorevelacionfm.cl\/wp-content\/uploads\/2023\/03\/Diputada-MRM-1-1.jpg 901w, https:\/\/radiorevelacionfm.cl\/wp-content\/uploads\/2023\/03\/Diputada-MRM-1-1-300x200.jpg 300w, https:\/\/radiorevelacionfm.cl\/wp-content\/uploads\/2023\/03\/Diputada-MRM-1-1-768x511.jpg 768w, https:\/\/radiorevelacionfm.cl\/wp-content\/uploads\/2023\/03\/Diputada-MRM-1-1-705x469.jpg 705w, https:\/\/radiorevelacionfm.cl\/wp-content\/uploads\/2023\/03\/Diputada-MRM-1-1-450x300.jpg 450w, https:\/\/radiorevelacionfm.cl\/wp-content\/uploads\/2023\/03\/Diputada-MRM-1-1-600x400.jpg 600w\" sizes=\"(max-width: 901px) 100vw, 901px\" \/><\/div><\/div><\/div><\/div><div class=\"flex_column av_one_full  flex_column_div av-zero-column-padding first  avia-builder-el-2  el_after_av_one_full  el_before_av_one_full  column-top-margin\" style='border-radius:0px; '><section class=\"av_textblock_section \"  itemscope=\"itemscope\" itemtype=\"https:\/\/schema.org\/BlogPosting\" itemprop=\"blogPost\" ><div class='avia_textblock  '   itemprop=\"text\" ><p style=\"text-align: center;\"><span style=\"font-size: 18pt;\"><strong>Diputada Raphael reafirma su apoyo al general Y\u00e1\u00f1ez en un nuevo aniversario de Carabineros y ad-portas de su formalizaci\u00f3n<\/strong><\/span><\/p>\n<div id=\"gtx-trans\" style=\"position: absolute; left: -50px; top: 4.31534px;\">\n<div class=\"gtx-trans-icon\"><\/div>\n<\/div>\n<\/div><\/section><\/div><div class=\"flex_column av_one_full  flex_column_div av-zero-column-padding first  avia-builder-el-4  el_after_av_one_full  el_before_av_hr  column-top-margin\" style='border-radius:0px; '><section class=\"av_textblock_section \"  itemscope=\"itemscope\" itemtype=\"https:\/\/schema.org\/BlogPosting\" itemprop=\"blogPost\" ><div class='avia_textblock  '   itemprop=\"text\" ><p style=\"text-align: justify;\">\u201cHacemos p\u00fablica nuestra advertencia acerca de una decisi\u00f3n que, lejos de aportar en probidad, hipoteca de manera sustantiva -si no irremediablemente- las posibilidades de contar con fuerzas policiales empoderadas capaces de vencer la amenaza del crimen organizado. En definitiva, se impone una vez m\u00e1s el radicalismo de izquierda alojado en La Moneda\u201d, se\u00f1alaron la Bancada de Diputados de Renovaci\u00f3n Nacional.<\/p>\n<p style=\"text-align: justify;\">Mediante una declaraci\u00f3n p\u00fablica, los diputados de Renovaci\u00f3n Nacional expresaron su fuerte oposici\u00f3n al \u201cCriterio Toh\u00e1\u201d que estar\u00eda llevando a la salida del General Ricardo Y\u00e1\u00f1ez de la Direcci\u00f3n General de Carabineros y criticaron duramente la gesti\u00f3n del Gobierno en materia de seguridad p\u00fablica. Adem\u00e1s, la Bancada llam\u00f3 al presidente Gabriel Boric a respetar el marco constitucional pues \u201cel liderazgo de la instituci\u00f3n no deber\u00eda estar sujeto a vaivenes pol\u00edticos\u201d.<\/p>\n<p style=\"text-align: justify;\">El documento, se\u00f1ala que apoyan a Y\u00e1\u00f1ez \u201ccualquiera sea su decisi\u00f3n, entendiendo su intenci\u00f3n sincera de evitar un eventual da\u00f1o a la instituci\u00f3n en momentos cr\u00edticos para la seguridad de sus compatriotas. Ello, sin embargo, no permite pasar por alto la injusticia y la miseria con la que el Gobierno y otros actores estatales han actuado en su contra\u201d.<\/p>\n<p style=\"text-align: justify;\">As\u00ed, criticaron la forma en que, a su juicio, el Gobierno est\u00e1 poniendo fin a la carrera del General Y\u00e1\u00f1ez, argumentando que \u201cforja la tesis que los generales directores de carabineros dependen de los fiscales del Ministerio P\u00fablico -m\u00e1s cuando el acto de la formalizaci\u00f3n ni siquiera est\u00e1 sujeto a control jurisdiccional- o de las tesis pol\u00edticas del gobernante de turno, aun cuando se atropellen derechos fundamentales\u201d.<\/p>\n<p style=\"text-align: justify;\">En ese sentido, los diputados de Renovaci\u00f3n Nacional declararon: \u201cHacemos p\u00fablica nuestra advertencia acerca de una decisi\u00f3n que, lejos de aportar en probidad, hipoteca de manera sustantiva -si no irremediablemente- las posibilidades de contar con fuerzas policiales empoderadas capaces de vencer la amenaza del crimen organizado. En definitiva, se impone una vez m\u00e1s el radicalismo de izquierda alojado en La Moneda, el mismo que entrega pensiones de gracia a los delincuentes y que persiste en una visi\u00f3n de carabineros como un enemigo\/vulnerador de libertades\u201d.<\/p>\n<p style=\"text-align: justify;\">Los parlamentarios recordaron que, a pesar de que las Fuerzas Armadas y Carabineros no son organismos aut\u00f3nomos y responden con obediencia al poder civil, s\u00ed tienen particularidades como que el llamado a retiro sea por razones fundadas y no por mera liberalidad del jefe de Estado, porque \u201cinstituciones esenciales para el orden democr\u00e1tico no pueden estar sujetas a los vaivenes de la pol\u00edtica y as\u00ed lo entiende nuestra arquitectura constitucional\u201d.<\/p>\n<p style=\"text-align: justify;\">\u201cParece impropio que el Gobierno mediante su vocera insista en la salida del General Director de Carabineros, en una f\u00f3rmula de matonaje pol\u00edtico que importa una suerte de coacci\u00f3n impropia y que desconoce, adem\u00e1s de lo expuesto en el p\u00e1rrafo precedente, la presunci\u00f3n de inocencia, derecho reconocido por el Derecho Internacional de los Derechos Humanos, que al parecer solo favorece a delincuentes y asesinos\u201d, agregan.<\/p>\n<p style=\"text-align: justify;\">La Diputada por la regi\u00f3n de Ays\u00e9n Indic\u00f3 que, \u00abesto confirma que el discurso de apoyo a carabineros del Presidente Boric se termina cuando comienzan las presiones de Apruebo Dignidad por nuevos gestos contra el octubrismo radical que tiene secuestrado al Gobierno. La salida del General Y\u00e1\u00f1ez es una muestra m\u00e1s de esa desconfianza hist\u00f3rica del Frente Amplio y el PC con Carabineros y llega en el peor momento, cuando necesitamos apoyar a quienes son nuestra \u00faltima esperanza frente a la delincuencia.\u00bb<\/p>\n<p style=\"text-align: justify;\">Por su parte, Marcia Raphael llam\u00f3 a reconsiderar esta decisi\u00f3n, y a permitir que el General Y\u00e1\u00f1ez pueda terminar su gesti\u00f3n; se\u00f1alando que \u201cen el Congreso, hemos trabajado arduamente para mostrar nuestro respaldo a la labor policial, como lo evidencia la aprobaci\u00f3n de la Ley Nain Retamal. Sin embargo, todo este esfuerzo se ve cuestionado cuando el Gobierno ejerce presi\u00f3n sobre el General Y\u00e1\u00f1ez para que abandone su cargo, aplicando un criterio gen\u00e9rico que no toma en cuenta las circunstancias espec\u00edficas de Carabineros.\u00bb<\/p>\n<\/div><\/section><\/div><div  style='height:50px' class='hr hr-invisible   avia-builder-el-6  el_after_av_one_full  el_before_av_social_share '><span class='hr-inner ' ><span class='hr-inner-style'><\/span><\/span><\/div><\/p>\n<div  class='av-social-sharing-box  avia-builder-el-7  el_after_av_hr  el_before_av_hr  '><div class='av-share-box'><h5 class='av-share-link-description av-no-toc '>Compartir esta noticia<\/h5><ul class='av-share-box-list noLightbox'><li class='av-share-link av-social-link-facebook' ><a target=\"_blank\" aria-label=\"Compartir en Facebook\" href='https:\/\/www.facebook.com\/sharer.php?u=https:\/\/radiorevelacionfm.cl\/?p=41696&#038;t=Diputada%20Raphael%20reafirma%20su%20apoyo%20al%20general%20Y%C3%A1%C3%B1ez%20en%20un%20nuevo%20aniversario%20de%20Carabineros%20y%20ad-portas%20de%20su%20formalizaci%C3%B3n' aria-hidden='false' data-av_icon='\ue8f3' data-av_iconfont='entypo-fontello' title='' data-avia-related-tooltip='Compartir en Facebook' rel=\"noopener\"><span class='avia_hidden_link_text'>Compartir en Facebook<\/span><\/a><\/li><li class='av-share-link av-social-link-twitter' ><a target=\"_blank\" aria-label=\"Compartir en Twitter\" href='https:\/\/twitter.com\/share?text=Diputada%20Raphael%20reafirma%20su%20apoyo%20al%20general%20Y%C3%A1%C3%B1ez%20en%20un%20nuevo%20aniversario%20de%20Carabineros%20y%20ad-portas%20de%20su%20formalizaci%C3%B3n&#038;url=https:\/\/radiorevelacionfm.cl\/?p=41696' aria-hidden='false' data-av_icon='\ue8f1' data-av_iconfont='entypo-fontello' title='' data-avia-related-tooltip='Compartir en Twitter' rel=\"noopener\"><span class='avia_hidden_link_text'>Compartir en Twitter<\/span><\/a><\/li><li class='av-share-link av-social-link-whatsapp' ><a target=\"_blank\" aria-label=\"Compartir en Whatsapp\" href='https:\/\/api.whatsapp.com\/send?text=https:\/\/radiorevelacionfm.cl\/?p=41696' aria-hidden='false' data-av_icon='\uf232' data-av_iconfont='entypo-fontello' title='' data-avia-related-tooltip='Compartir en Whatsapp' rel=\"noopener\"><span class='avia_hidden_link_text'>Compartir en Whatsapp<\/span><\/a><\/li><li class='av-share-link av-social-link-linkedin' ><a target=\"_blank\" aria-label=\"Compartir en LinkedIn\" href='https:\/\/linkedin.com\/shareArticle?mini=true&#038;title=Diputada%20Raphael%20reafirma%20su%20apoyo%20al%20general%20Y%C3%A1%C3%B1ez%20en%20un%20nuevo%20aniversario%20de%20Carabineros%20y%20ad-portas%20de%20su%20formalizaci%C3%B3n&#038;url=https:\/\/radiorevelacionfm.cl\/?p=41696' aria-hidden='false' data-av_icon='\ue8fc' data-av_iconfont='entypo-fontello' title='' data-avia-related-tooltip='Compartir en LinkedIn' rel=\"noopener\"><span class='avia_hidden_link_text'>Compartir en LinkedIn<\/span><\/a><\/li><li class='av-share-link av-social-link-mail' ><a  aria-label=\"Compartir por correo\" href='mailto:?subject=Diputada%20Raphael%20reafirma%20su%20apoyo%20al%20general%20Y%C3%A1%C3%B1ez%20en%20un%20nuevo%20aniversario%20de%20Carabineros%20y%20ad-portas%20de%20su%20formalizaci%C3%B3n&#038;body=https:\/\/radiorevelacionfm.cl\/?p=41696' aria-hidden='false' data-av_icon='\ue805' data-av_iconfont='entypo-fontello' title='' data-avia-related-tooltip='Compartir por correo'><span class='avia_hidden_link_text'>Compartir por correo<\/span><\/a><\/li><\/ul><\/div><\/div>\n<div  style='height:50px' class='hr hr-invisible   avia-builder-el-8  el_after_av_social_share  el_before_av_comments_list '><span class='hr-inner ' ><span class='hr-inner-style'><\/span><\/span><\/div>\n<div  class='av-buildercomment  av-blog-meta-html-info-disabled av-blog-meta-tag-disabled  '><\/div>\n","protected":false},"excerpt":{"rendered":"","protected":false},"author":1,"featured_media":29430,"comment_status":"open","ping_status":"open","sticky":false,"template":"","format":"standard","meta":{"footnotes":""},"categories":[35],"tags":[],"class_list":["post-41696","post","type-post","status-publish","format-standard","has-post-thumbnail","hentry","category-politica"],"jetpack_featured_media_url":"https:\/\/radiorevelacionfm.cl\/wp-content\/uploads\/2023\/03\/Diputada-MRM-1-1.jpg","_links":{"self":[{"href":"https:\/\/radiorevelacionfm.cl\/index.php?rest_route=\/wp\/v2\/posts\/41696","targetHints":{"allow":["GET"]}}],"collection":[{"href":"https:\/\/radiorevelacionfm.cl\/index.php?rest_route=\/wp\/v2\/posts"}],"about":[{"href":"https:\/\/radiorevelacionfm.cl\/index.php?rest_route=\/wp\/v2\/types\/post"}],"author":[{"embeddable":true,"href":"https:\/\/radiorevelacionfm.cl\/index.php?rest_route=\/wp\/v2\/users\/1"}],"replies":[{"embeddable":true,"href":"https:\/\/radiorevelacionfm.cl\/index.php?rest_route=%2Fwp%2Fv2%2Fcomments&post=41696"}],"version-history":[{"count":1,"href":"https:\/\/radiorevelacionfm.cl\/index.php?rest_route=\/wp\/v2\/posts\/41696\/revisions"}],"predecessor-version":[{"id":41697,"href":"https:\/\/radiorevelacionfm.cl\/index.php?rest_route=\/wp\/v2\/posts\/41696\/revisions\/41697"}],"wp:featuredmedia":[{"embeddable":true,"href":"https:\/\/radiorevelacionfm.cl\/index.php?rest_route=\/wp\/v2\/media\/29430"}],"wp:attachment":[{"href":"https:\/\/radiorevelacionfm.cl\/index.php?rest_route=%2Fwp%2Fv2%2Fmedia&parent=41696"}],"wp:term":[{"taxonomy":"category","embeddable":true,"href":"https:\/\/radiorevelacionfm.cl\/index.php?rest_route=%2Fwp%2Fv2%2Fcategories&post=41696"},{"taxonomy":"post_tag","embeddable":true,"href":"https:\/\/radiorevelacionfm.cl\/index.php?rest_route=%2Fwp%2Fv2%2Ftags&post=41696"}],"curies":[{"name":"wp","href":"https:\/\/api.w.org\/{rel}","templated":true}]}}