{"id":41693,"date":"2024-04-27T11:51:35","date_gmt":"2024-04-27T14:51:35","guid":{"rendered":"https:\/\/radiorevelacionfm.cl\/?p=41693"},"modified":"2024-04-27T11:51:35","modified_gmt":"2024-04-27T14:51:35","slug":"tribunal-ambiental-realizo-audiencia-por-reclamacion-contra-proyecto-ecoparque-patagonia","status":"publish","type":"post","link":"https:\/\/radiorevelacionfm.cl\/?p=41693","title":{"rendered":"Tribunal Ambiental realiz\u00f3 audiencia por reclamaci\u00f3n contra proyecto \u201cEcoParque Patagonia\u201d"},"content":{"rendered":"<div class=\"flex_column av_one_full  flex_column_div av-zero-column-padding first  avia-builder-el-0  el_before_av_one_full  avia-builder-el-first  \" style='border-radius:0px; '><div  class='avia-image-container  av-styling-    avia-builder-el-1  avia-builder-el-no-sibling  avia-align-center '  itemprop=\"image\" itemscope=\"itemscope\" itemtype=\"https:\/\/schema.org\/ImageObject\"  ><div class='avia-image-container-inner'><div class='avia-image-overlay-wrap'><img decoding=\"async\" class='wp-image-41694 avia-img-lazy-loading-not-41694 avia_image' src=\"https:\/\/radiorevelacionfm.cl\/wp-content\/uploads\/2024\/04\/cochrane_baker-1_optimized-1.jpg\" alt='' title='cochrane_baker-(1)_optimized (1)' height=\"620\" width=\"806\"  itemprop=\"thumbnailUrl\" srcset=\"https:\/\/radiorevelacionfm.cl\/wp-content\/uploads\/2024\/04\/cochrane_baker-1_optimized-1.jpg 806w, https:\/\/radiorevelacionfm.cl\/wp-content\/uploads\/2024\/04\/cochrane_baker-1_optimized-1-300x231.jpg 300w, https:\/\/radiorevelacionfm.cl\/wp-content\/uploads\/2024\/04\/cochrane_baker-1_optimized-1-768x591.jpg 768w, https:\/\/radiorevelacionfm.cl\/wp-content\/uploads\/2024\/04\/cochrane_baker-1_optimized-1-705x542.jpg 705w, https:\/\/radiorevelacionfm.cl\/wp-content\/uploads\/2024\/04\/cochrane_baker-1_optimized-1-450x346.jpg 450w, https:\/\/radiorevelacionfm.cl\/wp-content\/uploads\/2024\/04\/cochrane_baker-1_optimized-1-600x462.jpg 600w\" sizes=\"(max-width: 806px) 100vw, 806px\" \/><\/div><\/div><\/div><\/div><div class=\"flex_column av_one_full  flex_column_div av-zero-column-padding first  avia-builder-el-2  el_after_av_one_full  el_before_av_one_full  column-top-margin\" style='border-radius:0px; '><section class=\"av_textblock_section \"  itemscope=\"itemscope\" itemtype=\"https:\/\/schema.org\/BlogPosting\" itemprop=\"blogPost\" ><div class='avia_textblock  '   itemprop=\"text\" ><p style=\"text-align: center;\"><strong><span style=\"font-size: 18pt;\">Tribunal Ambiental realiz\u00f3 audiencia por reclamaci\u00f3n contra proyecto \u201cEcoParque Patagonia\u201d<\/span><\/strong><\/p>\n<div id=\"gtx-trans\" style=\"position: absolute; left: -50px; top: 4.31534px;\">\n<div class=\"gtx-trans-icon\"><\/div>\n<\/div>\n<\/div><\/section><\/div><div class=\"flex_column av_one_full  flex_column_div av-zero-column-padding first  avia-builder-el-4  el_after_av_one_full  el_before_av_hr  column-top-margin\" style='border-radius:0px; '><section class=\"av_textblock_section \"  itemscope=\"itemscope\" itemtype=\"https:\/\/schema.org\/BlogPosting\" itemprop=\"blogPost\" ><div class='avia_textblock  '   itemprop=\"text\" ><p style=\"text-align: justify;\"><em>La reclamaci\u00f3n busca anular la resoluci\u00f3n de la SMA que puso t\u00e9rmino al procedimiento de requerimiento de ingreso y resolvi\u00f3 que el proyecto no reun\u00eda las caracter\u00edsticas para analizar su pertinencia de ingreso al SEIA.<\/em><\/p>\n<p style=\"text-align: justify;\">En la audiencia del jueves 25 de abril, las partes expusieron ante el <a href=\"http:\/\/www.3ta.cl\/\">Tercer Tribunal Ambiental<\/a>\u00a0sus argumentos en la reclamaci\u00f3n presentada por Alessandro Peppi Gonz\u00e1lez contra la\u00a0<a href=\"http:\/\/www.sma.gob.cl\/\">Superintendencia del Medio Ambiente (SMA)<\/a>, que mediante la Res. Ex. N\u00ba1724 del 5 de octubre de 2023, puso t\u00e9rmino al procedimiento administrativo de requerimiento de ingreso del proyecto \u201cEcoParque Patagonia\u201d en Cochrane, Regi\u00f3n de Ays\u00e9n. La autoridad determin\u00f3, previa consulta al\u00a0<a href=\"http:\/\/www.sea.gob.cl\/\">Servicio de Evaluaci\u00f3n Ambiental (SEA)<\/a>, que este no reun\u00eda las caracter\u00edsticas para analizar su pertinencia de ingreso al Sistema de Evaluaci\u00f3n de Impacto Ambiental (SEIA).<\/p>\n<p style=\"text-align: justify;\">Durante la audiencia, el reclamante indic\u00f3 que el proyecto inmobiliario ha eludido la normativa medioambiental, al fraccionar el proyecto, ya que se tratar\u00eda de una subdivisi\u00f3n de loteos rurales. Adem\u00e1s, se\u00f1al\u00f3 que en el territorio existe la presencia del huemul y que debe operar, en este caso, el principio precautorio a fin de proteger esta especie. Asimismo, destac\u00f3 que el proyecto se ubica al interior de una Zona de Inter\u00e9s Tur\u00edstico, denominada Provincia de los Glaciares. Agreg\u00f3 que no requerir su ingreso al SEIA significa condonar el dolo futuro y sit\u00faa al titular del proyecto en una situaci\u00f3n ventajosa.<\/p>\n<p style=\"text-align: justify;\">Por su parte, la SMA indic\u00f3 que este caso responde a una problem\u00e1tica m\u00e1s amplia que involucra a otros servicios p\u00fablicos y que, tras la consulta al SEA, a su juicio, resulta inoficioso que se requiera el ingreso, dado que el SEA no podr\u00eda aprobar el proyecto por su incompatibilidad territorial. Se\u00f1al\u00f3 que la SMA ha levantado 16 procedimientos administrativos de ingreso a evaluaci\u00f3n ambiental asociados a subdivisiones de predios rurales y precis\u00f3 que en todos ellos ha oficiado al SEA, obteniendo la misma conclusi\u00f3n sobre este tipo de proyectos, es decir, que es inoficiosa la evaluaci\u00f3n.<\/p>\n<p style=\"text-align: justify;\">Adem\u00e1s, detall\u00f3 que la direcci\u00f3n ejecutiva del SEA, frente a la hip\u00f3tesis de elusi\u00f3n, descart\u00f3 la configuraci\u00f3n de los dos literales de ingreso que indica el Reglamento del SEIA; por un lado observ\u00f3 que no hab\u00edan obras de urbanizaci\u00f3n (literal g) y por otro, que no hab\u00eda susceptibilidad de afectaci\u00f3n al objeto de protecci\u00f3n del \u00e1rea protegida (literal p).<\/p>\n<p style=\"text-align: justify;\">Por \u00faltimo, indic\u00f3 que la SMA opt\u00f3 por una medida m\u00e1s id\u00f3nea que el procedimiento sancionatorio y que por esta raz\u00f3n, dio t\u00e9rmino al requerimiento de ingreso del proyecto a evaluaci\u00f3n ambiental y utiliz\u00f3 la v\u00eda de derivar los antecedentes a los organismos sectoriales competentes, como I. Municipalidad de Cochrane, a la Seremi de Vivienda y Urbanismo, y a la Direcci\u00f3n Regional del Servicio Agr\u00edcola Ganadero de la Regi\u00f3n de Ays\u00e9n.<\/p>\n<\/div><\/section><\/div><div  style='height:50px' class='hr hr-invisible   avia-builder-el-6  el_after_av_one_full  el_before_av_social_share '><span class='hr-inner ' ><span class='hr-inner-style'><\/span><\/span><\/div><\/p>\n<div  class='av-social-sharing-box  avia-builder-el-7  el_after_av_hr  el_before_av_hr  '><div class='av-share-box'><h5 class='av-share-link-description av-no-toc '>Compartir esta noticia<\/h5><ul class='av-share-box-list noLightbox'><li class='av-share-link av-social-link-facebook' ><a target=\"_blank\" aria-label=\"Compartir en Facebook\" href='https:\/\/www.facebook.com\/sharer.php?u=https:\/\/radiorevelacionfm.cl\/?p=41693&#038;t=Tribunal%20Ambiental%20realiz%C3%B3%20audiencia%20por%20reclamaci%C3%B3n%20contra%20proyecto%20%E2%80%9CEcoParque%20Patagonia%E2%80%9D' aria-hidden='false' data-av_icon='\ue8f3' data-av_iconfont='entypo-fontello' title='' data-avia-related-tooltip='Compartir en Facebook' rel=\"noopener\"><span class='avia_hidden_link_text'>Compartir en Facebook<\/span><\/a><\/li><li class='av-share-link av-social-link-twitter' ><a target=\"_blank\" aria-label=\"Compartir en Twitter\" href='https:\/\/twitter.com\/share?text=Tribunal%20Ambiental%20realiz%C3%B3%20audiencia%20por%20reclamaci%C3%B3n%20contra%20proyecto%20%E2%80%9CEcoParque%20Patagonia%E2%80%9D&#038;url=https:\/\/radiorevelacionfm.cl\/?p=41693' aria-hidden='false' data-av_icon='\ue8f1' data-av_iconfont='entypo-fontello' title='' data-avia-related-tooltip='Compartir en Twitter' rel=\"noopener\"><span class='avia_hidden_link_text'>Compartir en Twitter<\/span><\/a><\/li><li class='av-share-link av-social-link-whatsapp' ><a target=\"_blank\" aria-label=\"Compartir en Whatsapp\" href='https:\/\/api.whatsapp.com\/send?text=https:\/\/radiorevelacionfm.cl\/?p=41693' aria-hidden='false' data-av_icon='\uf232' data-av_iconfont='entypo-fontello' title='' data-avia-related-tooltip='Compartir en Whatsapp' rel=\"noopener\"><span class='avia_hidden_link_text'>Compartir en Whatsapp<\/span><\/a><\/li><li class='av-share-link av-social-link-linkedin' ><a target=\"_blank\" aria-label=\"Compartir en LinkedIn\" href='https:\/\/linkedin.com\/shareArticle?mini=true&#038;title=Tribunal%20Ambiental%20realiz%C3%B3%20audiencia%20por%20reclamaci%C3%B3n%20contra%20proyecto%20%E2%80%9CEcoParque%20Patagonia%E2%80%9D&#038;url=https:\/\/radiorevelacionfm.cl\/?p=41693' aria-hidden='false' data-av_icon='\ue8fc' data-av_iconfont='entypo-fontello' title='' data-avia-related-tooltip='Compartir en LinkedIn' rel=\"noopener\"><span class='avia_hidden_link_text'>Compartir en LinkedIn<\/span><\/a><\/li><li class='av-share-link av-social-link-mail' ><a  aria-label=\"Compartir por correo\" href='mailto:?subject=Tribunal%20Ambiental%20realiz%C3%B3%20audiencia%20por%20reclamaci%C3%B3n%20contra%20proyecto%20%E2%80%9CEcoParque%20Patagonia%E2%80%9D&#038;body=https:\/\/radiorevelacionfm.cl\/?p=41693' aria-hidden='false' data-av_icon='\ue805' data-av_iconfont='entypo-fontello' title='' data-avia-related-tooltip='Compartir por correo'><span class='avia_hidden_link_text'>Compartir por correo<\/span><\/a><\/li><\/ul><\/div><\/div>\n<div  style='height:50px' class='hr hr-invisible   avia-builder-el-8  el_after_av_social_share  el_before_av_comments_list '><span class='hr-inner ' ><span class='hr-inner-style'><\/span><\/span><\/div>\n<div  class='av-buildercomment  av-blog-meta-html-info-disabled av-blog-meta-tag-disabled  '><\/div>\n","protected":false},"excerpt":{"rendered":"","protected":false},"author":1,"featured_media":41694,"comment_status":"open","ping_status":"open","sticky":false,"template":"","format":"standard","meta":{"footnotes":""},"categories":[39],"tags":[],"class_list":["post-41693","post","type-post","status-publish","format-standard","has-post-thumbnail","hentry","category-medio-ambiente"],"jetpack_featured_media_url":"https:\/\/radiorevelacionfm.cl\/wp-content\/uploads\/2024\/04\/cochrane_baker-1_optimized-1.jpg","_links":{"self":[{"href":"https:\/\/radiorevelacionfm.cl\/index.php?rest_route=\/wp\/v2\/posts\/41693","targetHints":{"allow":["GET"]}}],"collection":[{"href":"https:\/\/radiorevelacionfm.cl\/index.php?rest_route=\/wp\/v2\/posts"}],"about":[{"href":"https:\/\/radiorevelacionfm.cl\/index.php?rest_route=\/wp\/v2\/types\/post"}],"author":[{"embeddable":true,"href":"https:\/\/radiorevelacionfm.cl\/index.php?rest_route=\/wp\/v2\/users\/1"}],"replies":[{"embeddable":true,"href":"https:\/\/radiorevelacionfm.cl\/index.php?rest_route=%2Fwp%2Fv2%2Fcomments&post=41693"}],"version-history":[{"count":1,"href":"https:\/\/radiorevelacionfm.cl\/index.php?rest_route=\/wp\/v2\/posts\/41693\/revisions"}],"predecessor-version":[{"id":41695,"href":"https:\/\/radiorevelacionfm.cl\/index.php?rest_route=\/wp\/v2\/posts\/41693\/revisions\/41695"}],"wp:featuredmedia":[{"embeddable":true,"href":"https:\/\/radiorevelacionfm.cl\/index.php?rest_route=\/wp\/v2\/media\/41694"}],"wp:attachment":[{"href":"https:\/\/radiorevelacionfm.cl\/index.php?rest_route=%2Fwp%2Fv2%2Fmedia&parent=41693"}],"wp:term":[{"taxonomy":"category","embeddable":true,"href":"https:\/\/radiorevelacionfm.cl\/index.php?rest_route=%2Fwp%2Fv2%2Fcategories&post=41693"},{"taxonomy":"post_tag","embeddable":true,"href":"https:\/\/radiorevelacionfm.cl\/index.php?rest_route=%2Fwp%2Fv2%2Ftags&post=41693"}],"curies":[{"name":"wp","href":"https:\/\/api.w.org\/{rel}","templated":true}]}}