{"id":41690,"date":"2024-04-26T15:48:19","date_gmt":"2024-04-26T18:48:19","guid":{"rendered":"https:\/\/radiorevelacionfm.cl\/?p=41690"},"modified":"2024-04-26T15:48:19","modified_gmt":"2024-04-26T18:48:19","slug":"senda-aysen-realiza-conversatorios-con-mujeres-de-la-fundacion-prodemu","status":"publish","type":"post","link":"https:\/\/radiorevelacionfm.cl\/?p=41690","title":{"rendered":"SENDA Ays\u00e9n realiza conversatorios con mujeres de la Fundaci\u00f3n PRODEMU"},"content":{"rendered":"<div class=\"flex_column av_one_full  flex_column_div av-zero-column-padding first  avia-builder-el-0  el_before_av_one_full  avia-builder-el-first  \" style='border-radius:0px; '><div  class='avia-image-container  av-styling-    avia-builder-el-1  avia-builder-el-no-sibling  avia-align-center '  itemprop=\"image\" itemscope=\"itemscope\" itemtype=\"https:\/\/schema.org\/ImageObject\"  ><div class='avia-image-container-inner'><div class='avia-image-overlay-wrap'><img decoding=\"async\" class='wp-image-41691 avia-img-lazy-loading-not-41691 avia_image' src=\"https:\/\/radiorevelacionfm.cl\/wp-content\/uploads\/2024\/04\/2-12-1_optimized.jpeg\" alt='' title='2-(12)-(1)_optimized' height=\"600\" width=\"800\"  itemprop=\"thumbnailUrl\" srcset=\"https:\/\/radiorevelacionfm.cl\/wp-content\/uploads\/2024\/04\/2-12-1_optimized.jpeg 800w, https:\/\/radiorevelacionfm.cl\/wp-content\/uploads\/2024\/04\/2-12-1_optimized-300x225.jpeg 300w, https:\/\/radiorevelacionfm.cl\/wp-content\/uploads\/2024\/04\/2-12-1_optimized-768x576.jpeg 768w, https:\/\/radiorevelacionfm.cl\/wp-content\/uploads\/2024\/04\/2-12-1_optimized-705x529.jpeg 705w, https:\/\/radiorevelacionfm.cl\/wp-content\/uploads\/2024\/04\/2-12-1_optimized-450x338.jpeg 450w, https:\/\/radiorevelacionfm.cl\/wp-content\/uploads\/2024\/04\/2-12-1_optimized-600x450.jpeg 600w\" sizes=\"(max-width: 800px) 100vw, 800px\" \/><\/div><\/div><\/div><\/div><div class=\"flex_column av_one_full  flex_column_div av-zero-column-padding first  avia-builder-el-2  el_after_av_one_full  el_before_av_one_full  column-top-margin\" style='border-radius:0px; '><section class=\"av_textblock_section \"  itemscope=\"itemscope\" itemtype=\"https:\/\/schema.org\/BlogPosting\" itemprop=\"blogPost\" ><div class='avia_textblock  '   itemprop=\"text\" ><p style=\"text-align: center;\"><span style=\"font-size: 18pt;\"><strong>SENDA Ays\u00e9n realiza conversatorios con mujeres de la Fundaci\u00f3n PRODEMU<\/strong><\/span><\/p>\n<div id=\"gtx-trans\" style=\"position: absolute; left: -50px; top: 4.31534px;\">\n<div class=\"gtx-trans-icon\"><\/div>\n<\/div>\n<\/div><\/section><\/div><div class=\"flex_column av_one_full  flex_column_div av-zero-column-padding first  avia-builder-el-4  el_after_av_one_full  el_before_av_hr  column-top-margin\" style='border-radius:0px; '><section class=\"av_textblock_section \"  itemscope=\"itemscope\" itemtype=\"https:\/\/schema.org\/BlogPosting\" itemprop=\"blogPost\" ><div class='avia_textblock  '   itemprop=\"text\" ><p style=\"text-align: justify;\"><em>La iniciativa logr\u00f3 convocar a m\u00e1s de 60 mujeres de las ciudades de Coyhaique y Puerto Ays\u00e9n, quienes dialogaron y reflexionaron en torno al audio-serie del fono 1412.<\/em><\/p>\n<p style=\"text-align: justify;\">Mediante una alianza intersectorial entre el Servicio Nacional para la Prevenci\u00f3n y Rehabilitaci\u00f3n del Consumo de Drogas y Alcohol (SENDA) y la Fundaci\u00f3n para la \u00a0Promoci\u00f3n y Desarrollo de la Mujer (PRODEMU), se realizaron tres conversatorios en el marco de la audio-serie \u201c1412: Esto es Sin Juzgar\u201d, que busca visibilizar situaciones de\u00a0<strong>consumo problem\u00e1tico de alcohol y otras drogas<\/strong>\u00a0a trav\u00e9s de historias ficticias basadas en experiencias de personas que han requerido acceso a tratamiento.<\/p>\n<p style=\"text-align: justify;\">Las jornadas fueron organizadas por el \u00e1rea de tratamiento de SENDA y se realizaron en las ciudades de Coyhaique y Puerto Ays\u00e9n, donde participaron mujeres usuarias de los programas y talleres que PRODEMU desarrolla en la regi\u00f3n, y que guardan relaci\u00f3n con el empoderamiento y la autonom\u00eda econ\u00f3mica. En primera instancia tuvieron la oportunidad de escuchar los podcast que se encuentran en Spotify los que de manera ficticia, pero basados en una historia real, cuentan las experiencias de personas que han requerido acceso a tratamiento u orientaci\u00f3n.<\/p>\n<p style=\"text-align: justify;\">Catalina Mancilla Chiguay, emprendedora y estudiante universitaria agradeci\u00f3 este espacio de reflexi\u00f3n \u201ctuvimos la oportunidad de compartir con SENDA, espacio que fue enriquecedor y fortalecedor donde adquirimos toda la informaci\u00f3n respecto al consumo de drogas, que es un tema s\u00faper latente en la regi\u00f3n de Ays\u00e9n, sobre todo en personas infanto adolescentes. Como mujeres creemos que es muy importante sensibilizar respecto a estos temas para prevenir otros tipos de problem\u00e1tica, tambi\u00e9n nos informaron acerca del fono de SENDA que es el 1412 para quienes quieran alg\u00fan tipo de orientaci\u00f3n o informaci\u00f3n respecto a la tem\u00e1tica del consumo. Agradezco la instancia entre mujeres, mujeres\u00a0 emp\u00e1ticas, mujeres fuertes y valientes que est\u00e1n aqu\u00ed con un prop\u00f3sito que es salir adelante y emprender para romper con todas estas brechas de desigualdad que se encuentran en la regi\u00f3n y en todo Chile\u201d.<\/p>\n<p style=\"text-align: justify;\">Por su parte, PRODEMU busca habilitar y entregar herramientas a mujeres en situaci\u00f3n de vulnerabilidad social, a trav\u00e9s de una estrategia socioeducativa y de gesti\u00f3n con perspectiva de g\u00e9nero con el objeto de promover su empoderamiento, el acceso, mantenci\u00f3n y progreso en un emprendimiento o empleo formal y el ejercicio de una ciudadan\u00eda activa.<\/p>\n<p style=\"text-align: justify;\">En esta l\u00ednea, su Directora Regional, Ingrid Osorio Santana, sostuvo \u201cestamos bien contentas con esta alianza estrat\u00e9gica que hemos gestionado con SENDA a partir desde el a\u00f1o pasado donde empezamos las primeras conversaciones y este a\u00f1o partimos con una de las primeras acciones, donde convocamos a mujeres para que puedan conversar y dialogar en la tem\u00e1tica del consumo problem\u00e1tico de sustancias. Dar a conocer el fono sin duda, para las mujeres es una\u00a0 tremenda alternativa y herramienta de ayuda, porque muchas de ellas, hoy pudimos ver que hay mujeres j\u00f3venes del taller Juntas Crecemos, que fortalece la autonom\u00eda econ\u00f3mica , pero tambi\u00e9n hemos tenido otros conversatorios donde hemos tenido a mujeres mayores, muchas de ellas madres, cuidadoras de adolescentes y que tienen realidades que son complejas y que esta herramienta sin duda la podr\u00e1n utilizar para poder contener a sus familiares, a sus hijos e hijas que puedan estar pasando momentos dif\u00edciles\u201d.<\/p>\n<p style=\"text-align: justify;\">Los conversatorios han servido como gatilladores para discutir sobre problemas de consumo, c\u00f3mo abordarlos en distintos espacios, fomentando la prevenci\u00f3n y el involucramiento de las familias, la comunidad y el barrio. Adem\u00e1s estas iniciativas buscan fortalecer pr\u00e1cticas de discriminaci\u00f3n hacia las personas afectadas por el consumo de alcohol y otras drogas.<\/p>\n<p style=\"text-align: justify;\">Al respecto, la Directora Regional de SENDA, Mar\u00eda Victoria Contreras Lemus, se\u00f1al\u00f3 que \u201choy finalizamos nuestro tercer conversatorio en el marco de nuestra campa\u00f1a 1412: Esto Es Sin Juzgar, estuvimos con mujeres con quienes estuvimos conversando de lo importante que es la red de apoyo y c\u00f3mo el juzgar se constituye en una brecha y en una dificultad para\u00a0 que las personas puedan acceder al tratamiento por los consumos problem\u00e1ticos. Agradecemos profundamente los espacios de cuidado y los espacios seguros en los cuales pudimos realizar estas conversaciones y estos di\u00e1logos. Hacemos una invitaci\u00f3n a seguir escuchando estos podcast que est\u00e1n en las plataformas digitales y que nos pueden acercar de alguna manera a nuestra red de atenci\u00f3n y a poder cubrir aquellas brechas que se constituyen, como lo es juzgar a las personas que presentan consumo problem\u00e1tico de sustancias\u201d.<\/p>\n<p style=\"text-align: justify;\">Cabe destacar que el Fono Drogas y Alcohol 1412 de SENDA, es un canal de comunicaci\u00f3n gratuito y confidencial que se encuentra operativo las 24 horas del d\u00eda, para ofrecer una asesor\u00eda integral, tanto a consumidores como a sus cercanos; esta atenci\u00f3n cuenta con psic\u00f3logos, terapeutas ocupacionales y trabajadores sociales.<\/p>\n<\/div><\/section><\/div><div  style='height:50px' class='hr hr-invisible   avia-builder-el-6  el_after_av_one_full  el_before_av_social_share '><span class='hr-inner ' ><span class='hr-inner-style'><\/span><\/span><\/div><\/p>\n<div  class='av-social-sharing-box  avia-builder-el-7  el_after_av_hr  el_before_av_hr  '><div class='av-share-box'><h5 class='av-share-link-description av-no-toc '>Compartir esta noticia<\/h5><ul class='av-share-box-list noLightbox'><li class='av-share-link av-social-link-facebook' ><a target=\"_blank\" aria-label=\"Compartir en Facebook\" href='https:\/\/www.facebook.com\/sharer.php?u=https:\/\/radiorevelacionfm.cl\/?p=41690&#038;t=SENDA%20Ays%C3%A9n%20realiza%20conversatorios%20con%20mujeres%20de%20la%20Fundaci%C3%B3n%20PRODEMU' aria-hidden='false' data-av_icon='\ue8f3' data-av_iconfont='entypo-fontello' title='' data-avia-related-tooltip='Compartir en Facebook' rel=\"noopener\"><span class='avia_hidden_link_text'>Compartir en Facebook<\/span><\/a><\/li><li class='av-share-link av-social-link-twitter' ><a target=\"_blank\" aria-label=\"Compartir en Twitter\" href='https:\/\/twitter.com\/share?text=SENDA%20Ays%C3%A9n%20realiza%20conversatorios%20con%20mujeres%20de%20la%20Fundaci%C3%B3n%20PRODEMU&#038;url=https:\/\/radiorevelacionfm.cl\/?p=41690' aria-hidden='false' data-av_icon='\ue8f1' data-av_iconfont='entypo-fontello' title='' data-avia-related-tooltip='Compartir en Twitter' rel=\"noopener\"><span class='avia_hidden_link_text'>Compartir en Twitter<\/span><\/a><\/li><li class='av-share-link av-social-link-whatsapp' ><a target=\"_blank\" aria-label=\"Compartir en Whatsapp\" href='https:\/\/api.whatsapp.com\/send?text=https:\/\/radiorevelacionfm.cl\/?p=41690' aria-hidden='false' data-av_icon='\uf232' data-av_iconfont='entypo-fontello' title='' data-avia-related-tooltip='Compartir en Whatsapp' rel=\"noopener\"><span class='avia_hidden_link_text'>Compartir en Whatsapp<\/span><\/a><\/li><li class='av-share-link av-social-link-linkedin' ><a target=\"_blank\" aria-label=\"Compartir en LinkedIn\" href='https:\/\/linkedin.com\/shareArticle?mini=true&#038;title=SENDA%20Ays%C3%A9n%20realiza%20conversatorios%20con%20mujeres%20de%20la%20Fundaci%C3%B3n%20PRODEMU&#038;url=https:\/\/radiorevelacionfm.cl\/?p=41690' aria-hidden='false' data-av_icon='\ue8fc' data-av_iconfont='entypo-fontello' title='' data-avia-related-tooltip='Compartir en LinkedIn' rel=\"noopener\"><span class='avia_hidden_link_text'>Compartir en LinkedIn<\/span><\/a><\/li><li class='av-share-link av-social-link-mail' ><a  aria-label=\"Compartir por correo\" href='mailto:?subject=SENDA%20Ays%C3%A9n%20realiza%20conversatorios%20con%20mujeres%20de%20la%20Fundaci%C3%B3n%20PRODEMU&#038;body=https:\/\/radiorevelacionfm.cl\/?p=41690' aria-hidden='false' data-av_icon='\ue805' data-av_iconfont='entypo-fontello' title='' data-avia-related-tooltip='Compartir por correo'><span class='avia_hidden_link_text'>Compartir por correo<\/span><\/a><\/li><\/ul><\/div><\/div>\n<div  style='height:50px' class='hr hr-invisible   avia-builder-el-8  el_after_av_social_share  el_before_av_comments_list '><span class='hr-inner ' ><span class='hr-inner-style'><\/span><\/span><\/div>\n<div  class='av-buildercomment  av-blog-meta-html-info-disabled av-blog-meta-tag-disabled  '><\/div>\n","protected":false},"excerpt":{"rendered":"","protected":false},"author":1,"featured_media":41691,"comment_status":"open","ping_status":"open","sticky":false,"template":"","format":"standard","meta":{"footnotes":""},"categories":[38],"tags":[],"class_list":["post-41690","post","type-post","status-publish","format-standard","has-post-thumbnail","hentry","category-regional"],"jetpack_featured_media_url":"https:\/\/radiorevelacionfm.cl\/wp-content\/uploads\/2024\/04\/2-12-1_optimized.jpeg","_links":{"self":[{"href":"https:\/\/radiorevelacionfm.cl\/index.php?rest_route=\/wp\/v2\/posts\/41690","targetHints":{"allow":["GET"]}}],"collection":[{"href":"https:\/\/radiorevelacionfm.cl\/index.php?rest_route=\/wp\/v2\/posts"}],"about":[{"href":"https:\/\/radiorevelacionfm.cl\/index.php?rest_route=\/wp\/v2\/types\/post"}],"author":[{"embeddable":true,"href":"https:\/\/radiorevelacionfm.cl\/index.php?rest_route=\/wp\/v2\/users\/1"}],"replies":[{"embeddable":true,"href":"https:\/\/radiorevelacionfm.cl\/index.php?rest_route=%2Fwp%2Fv2%2Fcomments&post=41690"}],"version-history":[{"count":1,"href":"https:\/\/radiorevelacionfm.cl\/index.php?rest_route=\/wp\/v2\/posts\/41690\/revisions"}],"predecessor-version":[{"id":41692,"href":"https:\/\/radiorevelacionfm.cl\/index.php?rest_route=\/wp\/v2\/posts\/41690\/revisions\/41692"}],"wp:featuredmedia":[{"embeddable":true,"href":"https:\/\/radiorevelacionfm.cl\/index.php?rest_route=\/wp\/v2\/media\/41691"}],"wp:attachment":[{"href":"https:\/\/radiorevelacionfm.cl\/index.php?rest_route=%2Fwp%2Fv2%2Fmedia&parent=41690"}],"wp:term":[{"taxonomy":"category","embeddable":true,"href":"https:\/\/radiorevelacionfm.cl\/index.php?rest_route=%2Fwp%2Fv2%2Fcategories&post=41690"},{"taxonomy":"post_tag","embeddable":true,"href":"https:\/\/radiorevelacionfm.cl\/index.php?rest_route=%2Fwp%2Fv2%2Ftags&post=41690"}],"curies":[{"name":"wp","href":"https:\/\/api.w.org\/{rel}","templated":true}]}}