{"id":41686,"date":"2024-04-26T10:55:25","date_gmt":"2024-04-26T13:55:25","guid":{"rendered":"https:\/\/radiorevelacionfm.cl\/?p=41686"},"modified":"2024-04-26T10:55:25","modified_gmt":"2024-04-26T13:55:25","slug":"lanzan-campana-patagonia-ponte-las-pilas-en-la-escuela-pedro-quintana-mansilla-de-coyhaique","status":"publish","type":"post","link":"https:\/\/radiorevelacionfm.cl\/?p=41686","title":{"rendered":"Lanzan campa\u00f1a \u201cPatagonia ponte las Pilas\u201d en la Escuela Pedro Quintana Mansilla de Coyhaique"},"content":{"rendered":"<div class=\"flex_column av_one_full  flex_column_div av-zero-column-padding first  avia-builder-el-0  el_before_av_one_full  avia-builder-el-first  \" style='border-radius:0px; '><div  class='avia-image-container  av-styling-    avia-builder-el-1  avia-builder-el-no-sibling  avia-align-center '  itemprop=\"image\" itemscope=\"itemscope\" itemtype=\"https:\/\/schema.org\/ImageObject\"  ><div class='avia-image-container-inner'><div class='avia-image-overlay-wrap'><img decoding=\"async\" class='wp-image-41688 avia-img-lazy-loading-not-41688 avia_image' src=\"https:\/\/radiorevelacionfm.cl\/wp-content\/uploads\/2024\/04\/patagonia-ponte-las-pilas-20240-1_optimized.jpeg\" alt='' title='patagonia-ponte-las-pilas-20240-(1)_optimized' height=\"600\" width=\"800\"  itemprop=\"thumbnailUrl\" srcset=\"https:\/\/radiorevelacionfm.cl\/wp-content\/uploads\/2024\/04\/patagonia-ponte-las-pilas-20240-1_optimized.jpeg 800w, https:\/\/radiorevelacionfm.cl\/wp-content\/uploads\/2024\/04\/patagonia-ponte-las-pilas-20240-1_optimized-300x225.jpeg 300w, https:\/\/radiorevelacionfm.cl\/wp-content\/uploads\/2024\/04\/patagonia-ponte-las-pilas-20240-1_optimized-768x576.jpeg 768w, https:\/\/radiorevelacionfm.cl\/wp-content\/uploads\/2024\/04\/patagonia-ponte-las-pilas-20240-1_optimized-705x529.jpeg 705w, https:\/\/radiorevelacionfm.cl\/wp-content\/uploads\/2024\/04\/patagonia-ponte-las-pilas-20240-1_optimized-450x338.jpeg 450w, https:\/\/radiorevelacionfm.cl\/wp-content\/uploads\/2024\/04\/patagonia-ponte-las-pilas-20240-1_optimized-600x450.jpeg 600w\" sizes=\"(max-width: 800px) 100vw, 800px\" \/><\/div><\/div><\/div><\/div><div class=\"flex_column av_one_full  flex_column_div av-zero-column-padding first  avia-builder-el-2  el_after_av_one_full  el_before_av_one_full  column-top-margin\" style='border-radius:0px; '><section class=\"av_textblock_section \"  itemscope=\"itemscope\" itemtype=\"https:\/\/schema.org\/BlogPosting\" itemprop=\"blogPost\" ><div class='avia_textblock  '   itemprop=\"text\" ><p style=\"text-align: center;\"><strong><span style=\"font-size: 18pt;\">Lanzan campa\u00f1a \u201cPatagonia ponte las Pilas\u201d en la Escuela Pedro Quintana Mansilla de Coyhaique<\/span><\/strong><\/p>\n<div id=\"gtx-trans\" style=\"position: absolute; left: -50px; top: 4.31534px;\">\n<div class=\"gtx-trans-icon\"><\/div>\n<\/div>\n<\/div><\/section><\/div><div class=\"flex_column av_one_full  flex_column_div av-zero-column-padding first  avia-builder-el-4  el_after_av_one_full  el_before_av_hr  column-top-margin\" style='border-radius:0px; '><section class=\"av_textblock_section \"  itemscope=\"itemscope\" itemtype=\"https:\/\/schema.org\/BlogPosting\" itemprop=\"blogPost\" ><div class='avia_textblock  '   itemprop=\"text\" ><p style=\"text-align: justify;\"><em>La iniciativa que cursa su 8vo a\u00f1o de ejecuci\u00f3n busca promover el desarrollo sostenible de la regi\u00f3n, por medio de la recolecci\u00f3n de pilas en desuso. <\/em><\/p>\n<p style=\"text-align: justify;\">Edelaysen, en colaboraci\u00f3n con la Tesorer\u00eda General de la Rep\u00fablica en la Regi\u00f3n de Ays\u00e9n, Seremi de Medio Ambiente, CONAF y la Municipalidad de Coyhaique dieron el vamos a la 8va campa\u00f1a \u201cPatagonia ponte las pilas\u201d que impulsa la empresa el\u00e9ctrica. El evento tuvo lugar en la Escuela Pedro Quintana Mansilla de la comuna de Coyhaique, donde ni\u00f1os y ni\u00f1as fueron parte del compromiso por cuidar y proteger el entorno que los rodea.<\/p>\n<p style=\"text-align: justify;\">Patricio Raimilla, jefe de Servicio al Cliente de Edelaysen destac\u00f3 \u201cEstamos muy contentos de hacer este 8vo lanzamiento de nuestra campa\u00f1a \u201cPatagonia ponte las pilas\u201d, estamos con actores muy importantes de la regi\u00f3n presentes, adem\u00e1s de contar con el municipio de Puerto Ays\u00e9n, la empresa Bahamondes, AquaChile, Conaf y en el fondo todos quienes se suman tratando de impulsar este movimiento pro naturaleza que busca cuidar el medio ambiente. Nosotros como empresa el\u00e9ctrica estamos completamente involucrados en esto. Contamos con una bater\u00eda de programas de sustentabilidad y entre ellos est\u00e1 esta campa\u00f1a para poder promover la contribuci\u00f3n a retirar de circulaci\u00f3n las pilas\u201d.<\/p>\n<p style=\"text-align: justify;\">Con un enfoque en la educaci\u00f3n y la conciencia ambiental, la campa\u00f1a \u201cPatagonia ponte las Pilas\u201d busca promover el adecuado almacenaje de pilas en desuso como parte fundamental de la preservaci\u00f3n del medio ambiente. Sin ir m\u00e1s all\u00e1 durante el 2023 esta campa\u00f1a, con el esfuerzo de toda la regi\u00f3n, logr\u00f3 almacenar alrededor de una tonelada de pilas, aportando as\u00ed a la descontaminaci\u00f3n de la zona.<\/p>\n<p style=\"text-align: justify;\">Yasna Barrientos directora del establecimiento Pedro Quintana Mansilla, destac\u00f3 la participaci\u00f3n en esta campa\u00f1a agregando qu\u00e9 \u201cHemos participado de este lanzamiento tan importante hoy en d\u00eda que es tener una educaci\u00f3n y poder fomentar tambi\u00e9n y contribuir a promover el cuidado por el medio ambiente por lo que estamos muy contentos de participar y que hayan hecho el lanzamiento en nuestro establecimiento\u201d.<\/p>\n<p style=\"text-align: justify;\">Durante el lanzamiento de la campa\u00f1a, los estudiantes de la Escuela Pedro Quintana Mansilla participaron en diversas actividades educativas y pr\u00e1cticas, aprendiendo sobre la importancia del reciclaje y el manejo adecuado de las pilas en desuso, junto con informaci\u00f3n compartida por Conaf en relaci\u00f3n a la protecci\u00f3n de parques y prevenci\u00f3n de incendios forestales.<\/p>\n<p style=\"text-align: justify;\">Por su parte Carlos Gatica, alcalde de Coyhaique destac\u00f3 \u201cDecirle a la comunidad que vamos a estar con estos contenedores en las distintas instituciones donde puedan ir a dejar las pilas y esto es muy importante por qu\u00e9 una pila puede llegar a contaminar 30 mil litros de agua, lo que significa algo muy negativo, por lo tanto, el poder desarrollar este tipo de campa\u00f1as de ir reciclando y dejando las pilas en estos contenedores permite descontaminar la Patagonia pero sobre todo reducir el riesgo de una grave contaminaci\u00f3n hacia nuestra comuna\u201d.<\/p>\n<p style=\"text-align: justify;\">As\u00ed mismo, Juan Andr\u00e9s Galilea, Tesorero Regional indic\u00f3 \u201ceste es segundo a\u00f1o consecutivo que estamos en la campa\u00f1a de pilas y esto es parte de una estrategia institucional de certificarnos ambientalmente. De esta manera, toda las instituciones del Estado van en esta l\u00ednea y as\u00ed mismo, ir transmitiendo esto a todos los ciudadanos del pa\u00eds\u201d.<\/p>\n<p style=\"text-align: justify;\">Finalmente, el encargado de cambio clim\u00e1tico de la Seremi de Medio Ambiente Nicol\u00e1s Smith destac\u00f3 la importancia en el almacenaje de estos elementos nocivos para el medio ambiente agregando qu\u00e9 \u201cLas pilas son un producto prioritario de la ley REP (Responsabilidad Extendida del Productor (Ley n\u00b0 20.920)) y este a\u00f1o debiera ya materializarse las caracter\u00edsticas que va a tener, la aplicaci\u00f3n de como tenemos que usar y despu\u00e9s disponer de las pilas. Esta es una tremenda campa\u00f1a de socializaci\u00f3n, sensibilizaci\u00f3n de que necesitamos una Patagonia mucho m\u00e1s limpia, menos contaminada y que necesitamos accionarnos ahora\u201d.<\/p>\n<p style=\"text-align: justify;\">De esta manera, la el\u00e9ctrica hace un llamado a la recolecci\u00f3n de estos elementos durante este 2024, para lo que se han dispuesto contenedores en todas las oficinas de Edelaysen de la regi\u00f3n, oficinas de medio ambiente y municipalidades.<\/p>\n<p style=\"text-align: justify;\"><strong>\u00a0<\/strong><\/p>\n<\/div><\/section><\/div><div  style='height:50px' class='hr hr-invisible   avia-builder-el-6  el_after_av_one_full  el_before_av_social_share '><span class='hr-inner ' ><span class='hr-inner-style'><\/span><\/span><\/div><\/p>\n<div  class='av-social-sharing-box  avia-builder-el-7  el_after_av_hr  el_before_av_hr  '><div class='av-share-box'><h5 class='av-share-link-description av-no-toc '>Compartir esta noticia<\/h5><ul class='av-share-box-list noLightbox'><li class='av-share-link av-social-link-facebook' ><a target=\"_blank\" aria-label=\"Compartir en Facebook\" href='https:\/\/www.facebook.com\/sharer.php?u=https:\/\/radiorevelacionfm.cl\/?p=41686&#038;t=Lanzan%20campa%C3%B1a%20%E2%80%9CPatagonia%20ponte%20las%20Pilas%E2%80%9D%20en%20la%20Escuela%20Pedro%20Quintana%20Mansilla%20de%20Coyhaique' aria-hidden='false' data-av_icon='\ue8f3' data-av_iconfont='entypo-fontello' title='' data-avia-related-tooltip='Compartir en Facebook' rel=\"noopener\"><span class='avia_hidden_link_text'>Compartir en Facebook<\/span><\/a><\/li><li class='av-share-link av-social-link-twitter' ><a target=\"_blank\" aria-label=\"Compartir en Twitter\" href='https:\/\/twitter.com\/share?text=Lanzan%20campa%C3%B1a%20%E2%80%9CPatagonia%20ponte%20las%20Pilas%E2%80%9D%20en%20la%20Escuela%20Pedro%20Quintana%20Mansilla%20de%20Coyhaique&#038;url=https:\/\/radiorevelacionfm.cl\/?p=41686' aria-hidden='false' data-av_icon='\ue8f1' data-av_iconfont='entypo-fontello' title='' data-avia-related-tooltip='Compartir en Twitter' rel=\"noopener\"><span class='avia_hidden_link_text'>Compartir en Twitter<\/span><\/a><\/li><li class='av-share-link av-social-link-whatsapp' ><a target=\"_blank\" aria-label=\"Compartir en Whatsapp\" href='https:\/\/api.whatsapp.com\/send?text=https:\/\/radiorevelacionfm.cl\/?p=41686' aria-hidden='false' data-av_icon='\uf232' data-av_iconfont='entypo-fontello' title='' data-avia-related-tooltip='Compartir en Whatsapp' rel=\"noopener\"><span class='avia_hidden_link_text'>Compartir en Whatsapp<\/span><\/a><\/li><li class='av-share-link av-social-link-linkedin' ><a target=\"_blank\" aria-label=\"Compartir en LinkedIn\" href='https:\/\/linkedin.com\/shareArticle?mini=true&#038;title=Lanzan%20campa%C3%B1a%20%E2%80%9CPatagonia%20ponte%20las%20Pilas%E2%80%9D%20en%20la%20Escuela%20Pedro%20Quintana%20Mansilla%20de%20Coyhaique&#038;url=https:\/\/radiorevelacionfm.cl\/?p=41686' aria-hidden='false' data-av_icon='\ue8fc' data-av_iconfont='entypo-fontello' title='' data-avia-related-tooltip='Compartir en LinkedIn' rel=\"noopener\"><span class='avia_hidden_link_text'>Compartir en LinkedIn<\/span><\/a><\/li><li class='av-share-link av-social-link-mail' ><a  aria-label=\"Compartir por correo\" href='mailto:?subject=Lanzan%20campa%C3%B1a%20%E2%80%9CPatagonia%20ponte%20las%20Pilas%E2%80%9D%20en%20la%20Escuela%20Pedro%20Quintana%20Mansilla%20de%20Coyhaique&#038;body=https:\/\/radiorevelacionfm.cl\/?p=41686' aria-hidden='false' data-av_icon='\ue805' data-av_iconfont='entypo-fontello' title='' data-avia-related-tooltip='Compartir por correo'><span class='avia_hidden_link_text'>Compartir por correo<\/span><\/a><\/li><\/ul><\/div><\/div>\n<div  style='height:50px' class='hr hr-invisible   avia-builder-el-8  el_after_av_social_share  el_before_av_comments_list '><span class='hr-inner ' ><span class='hr-inner-style'><\/span><\/span><\/div>\n<div  class='av-buildercomment  av-blog-meta-html-info-disabled av-blog-meta-tag-disabled  '><\/div>\n","protected":false},"excerpt":{"rendered":"","protected":false},"author":1,"featured_media":41688,"comment_status":"open","ping_status":"open","sticky":false,"template":"","format":"standard","meta":{"footnotes":""},"categories":[38],"tags":[],"class_list":["post-41686","post","type-post","status-publish","format-standard","has-post-thumbnail","hentry","category-regional"],"jetpack_featured_media_url":"https:\/\/radiorevelacionfm.cl\/wp-content\/uploads\/2024\/04\/patagonia-ponte-las-pilas-20240-1_optimized.jpeg","_links":{"self":[{"href":"https:\/\/radiorevelacionfm.cl\/index.php?rest_route=\/wp\/v2\/posts\/41686","targetHints":{"allow":["GET"]}}],"collection":[{"href":"https:\/\/radiorevelacionfm.cl\/index.php?rest_route=\/wp\/v2\/posts"}],"about":[{"href":"https:\/\/radiorevelacionfm.cl\/index.php?rest_route=\/wp\/v2\/types\/post"}],"author":[{"embeddable":true,"href":"https:\/\/radiorevelacionfm.cl\/index.php?rest_route=\/wp\/v2\/users\/1"}],"replies":[{"embeddable":true,"href":"https:\/\/radiorevelacionfm.cl\/index.php?rest_route=%2Fwp%2Fv2%2Fcomments&post=41686"}],"version-history":[{"count":1,"href":"https:\/\/radiorevelacionfm.cl\/index.php?rest_route=\/wp\/v2\/posts\/41686\/revisions"}],"predecessor-version":[{"id":41689,"href":"https:\/\/radiorevelacionfm.cl\/index.php?rest_route=\/wp\/v2\/posts\/41686\/revisions\/41689"}],"wp:featuredmedia":[{"embeddable":true,"href":"https:\/\/radiorevelacionfm.cl\/index.php?rest_route=\/wp\/v2\/media\/41688"}],"wp:attachment":[{"href":"https:\/\/radiorevelacionfm.cl\/index.php?rest_route=%2Fwp%2Fv2%2Fmedia&parent=41686"}],"wp:term":[{"taxonomy":"category","embeddable":true,"href":"https:\/\/radiorevelacionfm.cl\/index.php?rest_route=%2Fwp%2Fv2%2Fcategories&post=41686"},{"taxonomy":"post_tag","embeddable":true,"href":"https:\/\/radiorevelacionfm.cl\/index.php?rest_route=%2Fwp%2Fv2%2Ftags&post=41686"}],"curies":[{"name":"wp","href":"https:\/\/api.w.org\/{rel}","templated":true}]}}