{"id":41683,"date":"2024-04-26T11:18:26","date_gmt":"2024-04-26T14:18:26","guid":{"rendered":"https:\/\/radiorevelacionfm.cl\/?p=41683"},"modified":"2024-04-26T11:18:26","modified_gmt":"2024-04-26T14:18:26","slug":"mas-de-1000-personas-han-participado-en-los-talleres-de-participacion-ciudadana-para-el-pdze-aysen","status":"publish","type":"post","link":"https:\/\/radiorevelacionfm.cl\/?p=41683","title":{"rendered":"M\u00e1s de 1000 personas han participado en los Talleres de Participaci\u00f3n Ciudadana para el PDZE Ays\u00e9n"},"content":{"rendered":"<div class=\"flex_column av_one_full  flex_column_div av-zero-column-padding first  avia-builder-el-0  el_before_av_one_full  avia-builder-el-first  \" style='border-radius:0px; '><div  class='avia-image-container  av-styling-    avia-builder-el-1  avia-builder-el-no-sibling  avia-align-center '  itemprop=\"image\" itemscope=\"itemscope\" itemtype=\"https:\/\/schema.org\/ImageObject\"  ><div class='avia-image-container-inner'><div class='avia-image-overlay-wrap'><img decoding=\"async\" class='wp-image-41684 avia-img-lazy-loading-not-41684 avia_image' src=\"https:\/\/radiorevelacionfm.cl\/wp-content\/uploads\/2024\/04\/whatsapp-image-2024-04-24-at-5_optimized.16.37-pm-1.jpeg\" alt='' title='whatsapp-image-2024-04-24-at-5_optimized.16.37-pm-(1)' height=\"600\" width=\"1102\"  itemprop=\"thumbnailUrl\" srcset=\"https:\/\/radiorevelacionfm.cl\/wp-content\/uploads\/2024\/04\/whatsapp-image-2024-04-24-at-5_optimized.16.37-pm-1.jpeg 1102w, https:\/\/radiorevelacionfm.cl\/wp-content\/uploads\/2024\/04\/whatsapp-image-2024-04-24-at-5_optimized.16.37-pm-1-300x163.jpeg 300w, https:\/\/radiorevelacionfm.cl\/wp-content\/uploads\/2024\/04\/whatsapp-image-2024-04-24-at-5_optimized.16.37-pm-1-1030x561.jpeg 1030w, https:\/\/radiorevelacionfm.cl\/wp-content\/uploads\/2024\/04\/whatsapp-image-2024-04-24-at-5_optimized.16.37-pm-1-768x418.jpeg 768w, https:\/\/radiorevelacionfm.cl\/wp-content\/uploads\/2024\/04\/whatsapp-image-2024-04-24-at-5_optimized.16.37-pm-1-705x384.jpeg 705w, https:\/\/radiorevelacionfm.cl\/wp-content\/uploads\/2024\/04\/whatsapp-image-2024-04-24-at-5_optimized.16.37-pm-1-450x245.jpeg 450w, https:\/\/radiorevelacionfm.cl\/wp-content\/uploads\/2024\/04\/whatsapp-image-2024-04-24-at-5_optimized.16.37-pm-1-600x327.jpeg 600w\" sizes=\"(max-width: 1102px) 100vw, 1102px\" \/><\/div><\/div><\/div><\/div><div class=\"flex_column av_one_full  flex_column_div av-zero-column-padding first  avia-builder-el-2  el_after_av_one_full  el_before_av_one_full  column-top-margin\" style='border-radius:0px; '><section class=\"av_textblock_section \"  itemscope=\"itemscope\" itemtype=\"https:\/\/schema.org\/BlogPosting\" itemprop=\"blogPost\" ><div class='avia_textblock  '   itemprop=\"text\" ><p style=\"text-align: center;\"><strong><span style=\"font-size: 18pt;\">M\u00e1s de 1000 personas han participado en los Talleres de Participaci\u00f3n Ciudadana para el PDZE Ays\u00e9n<\/span><\/strong><\/p>\n<div id=\"gtx-trans\" style=\"position: absolute; left: -50px; top: 4.31534px;\">\n<div class=\"gtx-trans-icon\"><\/div>\n<\/div>\n<\/div><\/section><\/div><div class=\"flex_column av_one_full  flex_column_div av-zero-column-padding first  avia-builder-el-4  el_after_av_one_full  el_before_av_hr  column-top-margin\" style='border-radius:0px; '><section class=\"av_textblock_section \"  itemscope=\"itemscope\" itemtype=\"https:\/\/schema.org\/BlogPosting\" itemprop=\"blogPost\" ><div class='avia_textblock  '   itemprop=\"text\" ><p dir=\"ltr\" style=\"text-align: justify;\">Con el taller realizado hace unos d\u00edas en la isla de Melinka, se contabilizaron 999 personas, vecinos, vecinos, dirigentes sociales y territoriales en los talleres de Participaci\u00f3n Ciudadana que el Gobierno Regional de Ays\u00e9n ha organizado para la elaboraci\u00f3n del Plan de Desarrollo de Zonas Extremas Ays\u00e9n.<\/p>\n<p dir=\"ltr\" style=\"text-align: justify;\">Con ese encuentro concluy\u00f3 el levantamiento territorial de las necesidades y demandas sociales y comenz\u00f3 una nueva etapa para realizar conversatorios m\u00e1s enfocados en sectores espec\u00edficos. El primero se realiz\u00f3 este jueves, con el sector empresarial, donde participaron m\u00e1s de 60 personas, superando as\u00ed el n\u00famero de mil asistentes a estos talleres.<\/p>\n<p dir=\"ltr\" style=\"text-align: justify;\">\u00abCumplimos con este ya 18 encuentros en distintos territorios de nuestra regi\u00f3n donde hemos alcanzado a m\u00e1s de 1000 personas como participantes. Quiero relevar tambi\u00e9n que todo este trabajo tomamos la decisi\u00f3n de hacerlo como Gobierno Regional, de no buscar un otro, una consultora sino que los propios funcionarios y funcionarias del Gobierno Regional se han puesto a disposici\u00f3n de llevar estos espacios y este di\u00e1logo con la comunidad\u00bb, afirm\u00f3 la Gobernadora Regional Andrea Mac\u00edas Palma.<\/p>\n<p dir=\"ltr\" style=\"text-align: justify;\">La primera autoridad regional destac\u00f3 que en la conversaci\u00f3n con el sector privado se pudo abordar una mirada con los requerimientos b\u00e1sicos para atraer mayor inversi\u00f3n, dando cuenta de la importancia del desaf\u00edo permanente de incorporar a otros actores en esta discusi\u00f3n.<\/p>\n<p dir=\"ltr\" style=\"text-align: justify;\">Desde el Consejo Regional, el presidente de la Comisi\u00f3n de Fomento Productivo, Omar Mu\u00f1oz agreg\u00f3 que \u00abpara ser competitivos necesitamos resolver ciertas brechas de conectividad ya sea terrestre, portuaria, aeroportuaria, pero tambi\u00e9n infraestructura, como seguir construyendo alcantarillados y plantas de tratamiento en las localidades que a\u00fan no las tienen, el tema de la ampliaci\u00f3n del suministro el\u00e9ctrico, nuevas redes el\u00e9ctricas para incorporar nuevos valles productivos a la producci\u00f3n. Entonces (el taller) fue muy interesante\u00bb.<\/p>\n<p dir=\"ltr\" style=\"text-align: justify;\">A su vez, el seremi de Econom\u00eda, Felipe Rojas, destac\u00f3 que bajo la mirada del Gobierno \u00abnecesitamos mayor bienestar en la poblaci\u00f3n y ah\u00ed es donde las pol\u00edticas p\u00fablicas interact\u00faan: el Gobierno Regional, el Gobierno central, pero tambi\u00e9n lo que pueda hacer el sector privado en este contexto\u00bb.<\/p>\n<p dir=\"ltr\" style=\"text-align: justify;\">Desde el sector privado valoraron el encuentro. El empresario H\u00e9ctor Canales valor\u00f3 la discusi\u00f3n en su mesa de trabajo donde se busc\u00f3 \u00abtener una claridad, que el Ministerio de Obras P\u00fablicas lo tiene, de lo estructurante de nuestra regi\u00f3n en t\u00e9rminos de obras viales. Los kil\u00f3metros que nos faltan para el norte, para el sur, pero notamos de inmediato que nos falta la red secundaria de caminos\u00bb, mientras que Ang\u00e9lica Vel\u00e1squez, del Centro Odontol\u00f3gico Valle Pangal valor\u00f3 que en la jornada se pudo \u00abver que hay una necesidad, atacar la necesidad de manera cuantitativa y cualitativa y trabajar en conjunto. Hay una tremenda oportunidad para trabajar tanto el \u00e1rea privada como el sector p\u00fablico y deber\u00edamos tener esa oportunidad de manera m\u00e1s concreta, pero este conversatorio, fue una buena gesti\u00f3n para poder tener en la mesa las ideas\u00bb.<\/p>\n<p dir=\"ltr\" style=\"text-align: justify;\">El Gobierno Regional se encuentra cerrando la primera fase de levantamiento de informaci\u00f3n con los talleres de participaci\u00f3n. Quedan los \u00faltimos encuentros que se realizar\u00e1n con p\u00fablicos espec\u00edficos como ni\u00f1os y ni\u00f1as, juventudes, personas mayores y medios de comunicaci\u00f3n.<\/p>\n<p dir=\"ltr\" style=\"text-align: justify;\">En paralelo ya inici\u00f3 el trabajo t\u00e9cnico desde las Divisiones del Gobierno Regional con los municipios y ministerios para dar las primeras definiciones de la cartera de inversi\u00f3n del Plan de Desarrollo de Zonas Extremas Ays\u00e9n 2024 &#8211; 2034.<\/p>\n<\/div><\/section><\/div><div  style='height:50px' class='hr hr-invisible   avia-builder-el-6  el_after_av_one_full  el_before_av_social_share '><span class='hr-inner ' ><span class='hr-inner-style'><\/span><\/span><\/div><\/p>\n<div  class='av-social-sharing-box  avia-builder-el-7  el_after_av_hr  el_before_av_hr  '><div class='av-share-box'><h5 class='av-share-link-description av-no-toc '>Compartir esta noticia<\/h5><ul class='av-share-box-list noLightbox'><li class='av-share-link av-social-link-facebook' ><a target=\"_blank\" aria-label=\"Compartir en Facebook\" href='https:\/\/www.facebook.com\/sharer.php?u=https:\/\/radiorevelacionfm.cl\/?p=41683&#038;t=M%C3%A1s%20de%201000%20personas%20han%20participado%20en%20los%20Talleres%20de%20Participaci%C3%B3n%20Ciudadana%20para%20el%20PDZE%20Ays%C3%A9n' aria-hidden='false' data-av_icon='\ue8f3' data-av_iconfont='entypo-fontello' title='' data-avia-related-tooltip='Compartir en Facebook' rel=\"noopener\"><span class='avia_hidden_link_text'>Compartir en Facebook<\/span><\/a><\/li><li class='av-share-link av-social-link-twitter' ><a target=\"_blank\" aria-label=\"Compartir en Twitter\" href='https:\/\/twitter.com\/share?text=M%C3%A1s%20de%201000%20personas%20han%20participado%20en%20los%20Talleres%20de%20Participaci%C3%B3n%20Ciudadana%20para%20el%20PDZE%20Ays%C3%A9n&#038;url=https:\/\/radiorevelacionfm.cl\/?p=41683' aria-hidden='false' data-av_icon='\ue8f1' data-av_iconfont='entypo-fontello' title='' data-avia-related-tooltip='Compartir en Twitter' rel=\"noopener\"><span class='avia_hidden_link_text'>Compartir en Twitter<\/span><\/a><\/li><li class='av-share-link av-social-link-whatsapp' ><a target=\"_blank\" aria-label=\"Compartir en Whatsapp\" href='https:\/\/api.whatsapp.com\/send?text=https:\/\/radiorevelacionfm.cl\/?p=41683' aria-hidden='false' data-av_icon='\uf232' data-av_iconfont='entypo-fontello' title='' data-avia-related-tooltip='Compartir en Whatsapp' rel=\"noopener\"><span class='avia_hidden_link_text'>Compartir en Whatsapp<\/span><\/a><\/li><li class='av-share-link av-social-link-linkedin' ><a target=\"_blank\" aria-label=\"Compartir en LinkedIn\" href='https:\/\/linkedin.com\/shareArticle?mini=true&#038;title=M%C3%A1s%20de%201000%20personas%20han%20participado%20en%20los%20Talleres%20de%20Participaci%C3%B3n%20Ciudadana%20para%20el%20PDZE%20Ays%C3%A9n&#038;url=https:\/\/radiorevelacionfm.cl\/?p=41683' aria-hidden='false' data-av_icon='\ue8fc' data-av_iconfont='entypo-fontello' title='' data-avia-related-tooltip='Compartir en LinkedIn' rel=\"noopener\"><span class='avia_hidden_link_text'>Compartir en LinkedIn<\/span><\/a><\/li><li class='av-share-link av-social-link-mail' ><a  aria-label=\"Compartir por correo\" href='mailto:?subject=M%C3%A1s%20de%201000%20personas%20han%20participado%20en%20los%20Talleres%20de%20Participaci%C3%B3n%20Ciudadana%20para%20el%20PDZE%20Ays%C3%A9n&#038;body=https:\/\/radiorevelacionfm.cl\/?p=41683' aria-hidden='false' data-av_icon='\ue805' data-av_iconfont='entypo-fontello' title='' data-avia-related-tooltip='Compartir por correo'><span class='avia_hidden_link_text'>Compartir por correo<\/span><\/a><\/li><\/ul><\/div><\/div>\n<div  style='height:50px' class='hr hr-invisible   avia-builder-el-8  el_after_av_social_share  el_before_av_comments_list '><span class='hr-inner ' ><span class='hr-inner-style'><\/span><\/span><\/div>\n<div  class='av-buildercomment  av-blog-meta-html-info-disabled av-blog-meta-tag-disabled  '><\/div>\n","protected":false},"excerpt":{"rendered":"","protected":false},"author":1,"featured_media":41684,"comment_status":"open","ping_status":"open","sticky":false,"template":"","format":"standard","meta":{"footnotes":""},"categories":[38],"tags":[],"class_list":["post-41683","post","type-post","status-publish","format-standard","has-post-thumbnail","hentry","category-regional"],"jetpack_featured_media_url":"https:\/\/radiorevelacionfm.cl\/wp-content\/uploads\/2024\/04\/whatsapp-image-2024-04-24-at-5_optimized.16.37-pm-1.jpeg","_links":{"self":[{"href":"https:\/\/radiorevelacionfm.cl\/index.php?rest_route=\/wp\/v2\/posts\/41683","targetHints":{"allow":["GET"]}}],"collection":[{"href":"https:\/\/radiorevelacionfm.cl\/index.php?rest_route=\/wp\/v2\/posts"}],"about":[{"href":"https:\/\/radiorevelacionfm.cl\/index.php?rest_route=\/wp\/v2\/types\/post"}],"author":[{"embeddable":true,"href":"https:\/\/radiorevelacionfm.cl\/index.php?rest_route=\/wp\/v2\/users\/1"}],"replies":[{"embeddable":true,"href":"https:\/\/radiorevelacionfm.cl\/index.php?rest_route=%2Fwp%2Fv2%2Fcomments&post=41683"}],"version-history":[{"count":1,"href":"https:\/\/radiorevelacionfm.cl\/index.php?rest_route=\/wp\/v2\/posts\/41683\/revisions"}],"predecessor-version":[{"id":41685,"href":"https:\/\/radiorevelacionfm.cl\/index.php?rest_route=\/wp\/v2\/posts\/41683\/revisions\/41685"}],"wp:featuredmedia":[{"embeddable":true,"href":"https:\/\/radiorevelacionfm.cl\/index.php?rest_route=\/wp\/v2\/media\/41684"}],"wp:attachment":[{"href":"https:\/\/radiorevelacionfm.cl\/index.php?rest_route=%2Fwp%2Fv2%2Fmedia&parent=41683"}],"wp:term":[{"taxonomy":"category","embeddable":true,"href":"https:\/\/radiorevelacionfm.cl\/index.php?rest_route=%2Fwp%2Fv2%2Fcategories&post=41683"},{"taxonomy":"post_tag","embeddable":true,"href":"https:\/\/radiorevelacionfm.cl\/index.php?rest_route=%2Fwp%2Fv2%2Ftags&post=41683"}],"curies":[{"name":"wp","href":"https:\/\/api.w.org\/{rel}","templated":true}]}}