{"id":41680,"date":"2024-04-25T21:31:54","date_gmt":"2024-04-26T00:31:54","guid":{"rendered":"https:\/\/radiorevelacionfm.cl\/?p=41680"},"modified":"2024-04-25T21:31:54","modified_gmt":"2024-04-26T00:31:54","slug":"comite-pro-adelanto-la-paz-de-puerto-aysen-celebra-inminente-conexion-a-la-energia-electrica","status":"publish","type":"post","link":"https:\/\/radiorevelacionfm.cl\/?p=41680","title":{"rendered":"Comit\u00e9 pro adelanto La Paz de Puerto Ays\u00e9n celebra inminente conexi\u00f3n a la energ\u00eda el\u00e9ctrica"},"content":{"rendered":"<div class=\"flex_column av_one_full  flex_column_div av-zero-column-padding first  avia-builder-el-0  el_before_av_one_full  avia-builder-el-first  \" style='border-radius:0px; '><div  class='avia-image-container  av-styling-    avia-builder-el-1  avia-builder-el-no-sibling  avia-align-center '  itemprop=\"image\" itemscope=\"itemscope\" itemtype=\"https:\/\/schema.org\/ImageObject\"  ><div class='avia-image-container-inner'><div class='avia-image-overlay-wrap'><img decoding=\"async\" class='wp-image-41681 avia-img-lazy-loading-not-41681 avia_image' src=\"https:\/\/radiorevelacionfm.cl\/wp-content\/uploads\/2024\/04\/FOTO-COMITE-ELECTRICO-1-1.jpeg\" alt='' title='FOTO COMIT\u00c9 EL\u00c9CTRICO (1) (1)' height=\"600\" width=\"901\"  itemprop=\"thumbnailUrl\" srcset=\"https:\/\/radiorevelacionfm.cl\/wp-content\/uploads\/2024\/04\/FOTO-COMITE-ELECTRICO-1-1.jpeg 901w, https:\/\/radiorevelacionfm.cl\/wp-content\/uploads\/2024\/04\/FOTO-COMITE-ELECTRICO-1-1-300x200.jpeg 300w, https:\/\/radiorevelacionfm.cl\/wp-content\/uploads\/2024\/04\/FOTO-COMITE-ELECTRICO-1-1-768x511.jpeg 768w, https:\/\/radiorevelacionfm.cl\/wp-content\/uploads\/2024\/04\/FOTO-COMITE-ELECTRICO-1-1-705x469.jpeg 705w, https:\/\/radiorevelacionfm.cl\/wp-content\/uploads\/2024\/04\/FOTO-COMITE-ELECTRICO-1-1-450x300.jpeg 450w, https:\/\/radiorevelacionfm.cl\/wp-content\/uploads\/2024\/04\/FOTO-COMITE-ELECTRICO-1-1-600x400.jpeg 600w\" sizes=\"(max-width: 901px) 100vw, 901px\" \/><\/div><\/div><\/div><\/div><div class=\"flex_column av_one_full  flex_column_div av-zero-column-padding first  avia-builder-el-2  el_after_av_one_full  el_before_av_one_full  column-top-margin\" style='border-radius:0px; '><section class=\"av_textblock_section \"  itemscope=\"itemscope\" itemtype=\"https:\/\/schema.org\/BlogPosting\" itemprop=\"blogPost\" ><div class='avia_textblock  '   itemprop=\"text\" ><p style=\"text-align: center;\"><strong><span style=\"font-size: 18pt;\">Comit\u00e9 pro adelanto La Paz de Puerto Ays\u00e9n celebra inminente conexi\u00f3n a la energ\u00eda el\u00e9ctrica<\/span><\/strong><\/p>\n<div id=\"gtx-trans\" style=\"position: absolute; left: -50px; top: 4.31534px;\">\n<div class=\"gtx-trans-icon\"><\/div>\n<\/div>\n<\/div><\/section><\/div><div class=\"flex_column av_one_full  flex_column_div av-zero-column-padding first  avia-builder-el-4  el_after_av_one_full  el_before_av_hr  column-top-margin\" style='border-radius:0px; '><section class=\"av_textblock_section \"  itemscope=\"itemscope\" itemtype=\"https:\/\/schema.org\/BlogPosting\" itemprop=\"blogPost\" ><div class='avia_textblock  '   itemprop=\"text\" ><p style=\"font-weight: 400; text-align: justify;\"><em>Gestiones del diputado permitieron sacar adelante este proyecto de electrificaci\u00f3n rural que beneficiar\u00e1 a los vecinos del kil\u00f3metro 23 de la ruta Ays\u00e9n-Coyhaique. \u00a0<\/em><\/p>\n<p style=\"font-weight: 400; text-align: justify;\">Como una gran noticia calificaron los dirigentes del comit\u00e9 de electrificaci\u00f3n rural \u201cLa Paz\u201d de Puerto Ays\u00e9n y el diputado Miguel \u00c1ngel Calisto la inminente conexi\u00f3n a la energ\u00eda el\u00e9ctrica, hecho que les fue confirmado en una reuni\u00f3n que sostuvieron con el alcalde de Puerto Ays\u00e9n, instancia donde el parlamentario resalt\u00f3 la importancia de destinar los recursos a este tipo de proyectos que mejoran la calidad de vida de las vecinas y vecinos.<\/p>\n<p style=\"font-weight: 400; text-align: justify;\">Seg\u00fan el diputado Calisto, \u201cestamos contentos, porque finalmente despu\u00e9s de muchas gestiones logramos sacar adelante un proyecto de electrificaci\u00f3n rural del kil\u00f3metro 23 en la ruta Ays\u00e9n Coyhaique, que va a permitir beneficiar a muchos vecinos que partieron hace algunos a\u00f1os con este proyecto. Esto es una certeza de electrificaci\u00f3n para muchos otros vecinos que siguen poblando este sector\u201d.<\/p>\n<p style=\"font-weight: 400; text-align: justify;\">\u201cEstamos contentos, felices por el trabajo de los dirigentes, entre ellos don Juan Ribera y Celeste Quel\u00edn. Hay que destacar la importancia de estos comit\u00e9s de electrificaci\u00f3n rural, como as\u00ed tambi\u00e9n la importancia de los comit\u00e9s de agua potable rural. Ah\u00ed es donde hay que poner el foco, la atenci\u00f3n y los recursos del Gobierno Regional, para permitir que la gente viva mejor, sobretodo en los sectores rurales\u201d, indic\u00f3.<\/p>\n<p style=\"font-weight: 400; text-align: justify;\">Calisto se\u00f1al\u00f3 que \u201cen los sectores rurales ha habido un crecimiento explosivo, tanto en Coyhaique como Puerto Ays\u00e9n. Mucha gente sale por la falta de oferta de viviendas en las ciudades y los sectores m\u00e1s rurales son una alternativa que ofrece mejor calidad de vida. Esto beneficia tambi\u00e9n a las ciudades, para que no haya tanto hacinamiento\u201d.<\/p>\n<p style=\"font-weight: 400; text-align: justify;\">Seg\u00fan Celeste Quel\u00edn, integrante del comit\u00e9 Pro Adelanto la Paz, \u201cestamos muy contentos, porque gracias al diputado Calisto, quien hizo las gestiones primero con Edelays\u00e9n y ahora con el alcalde de Puerto Asy\u00e9n, al fin tenemos buenas noticias y nos van a conectar a la luz, que es un proyecto tan anhelado. Llevamos esperando cuatro a\u00f1os por esto, por lo que es una gran noticia\u201d.<\/p>\n<p style=\"font-weight: 400; text-align: justify;\">Por su parte, Juana Ribera, quien tambi\u00e9n es de la directiva del comit\u00e9, \u201crealmente hoy salimos muy contentos de esta reuni\u00f3n, ya que hemos estado luchando por muchos a\u00f1os por tener luz en el sector donde vivimos. Hemos tenido una buena noticia, porque nos confirmaron que a mediados de mayo vamos a estar conectados\u201d.<\/p>\n<p style=\"font-weight: 400; text-align: justify;\">Finalmente, el dirigente afirm\u00f3 que \u201cdamos muchas gracias al diputado Calisto que creemos que con su gesti\u00f3n con el gerente de Edelays\u00e9n pudimos desentrampar este tema que ha sido muy engorroso. Esto nos ha servido para ir conociendo estos procesos que no ten\u00edamos idea como se hac\u00edan. El que persevera termina sacando las cosas adelante\u201d.<\/p>\n<\/div><\/section><\/div><div  style='height:50px' class='hr hr-invisible   avia-builder-el-6  el_after_av_one_full  el_before_av_social_share '><span class='hr-inner ' ><span class='hr-inner-style'><\/span><\/span><\/div><\/p>\n<div  class='av-social-sharing-box  avia-builder-el-7  el_after_av_hr  el_before_av_hr  '><div class='av-share-box'><h5 class='av-share-link-description av-no-toc '>Compartir esta noticia<\/h5><ul class='av-share-box-list noLightbox'><li class='av-share-link av-social-link-facebook' ><a target=\"_blank\" aria-label=\"Compartir en Facebook\" href='https:\/\/www.facebook.com\/sharer.php?u=https:\/\/radiorevelacionfm.cl\/?p=41680&#038;t=Comit%C3%A9%20pro%20adelanto%20La%20Paz%20de%20Puerto%20Ays%C3%A9n%20celebra%20inminente%20conexi%C3%B3n%20a%20la%20energ%C3%ADa%20el%C3%A9ctrica' aria-hidden='false' data-av_icon='\ue8f3' data-av_iconfont='entypo-fontello' title='' data-avia-related-tooltip='Compartir en Facebook' rel=\"noopener\"><span class='avia_hidden_link_text'>Compartir en Facebook<\/span><\/a><\/li><li class='av-share-link av-social-link-twitter' ><a target=\"_blank\" aria-label=\"Compartir en Twitter\" href='https:\/\/twitter.com\/share?text=Comit%C3%A9%20pro%20adelanto%20La%20Paz%20de%20Puerto%20Ays%C3%A9n%20celebra%20inminente%20conexi%C3%B3n%20a%20la%20energ%C3%ADa%20el%C3%A9ctrica&#038;url=https:\/\/radiorevelacionfm.cl\/?p=41680' aria-hidden='false' data-av_icon='\ue8f1' data-av_iconfont='entypo-fontello' title='' data-avia-related-tooltip='Compartir en Twitter' rel=\"noopener\"><span class='avia_hidden_link_text'>Compartir en Twitter<\/span><\/a><\/li><li class='av-share-link av-social-link-whatsapp' ><a target=\"_blank\" aria-label=\"Compartir en Whatsapp\" href='https:\/\/api.whatsapp.com\/send?text=https:\/\/radiorevelacionfm.cl\/?p=41680' aria-hidden='false' data-av_icon='\uf232' data-av_iconfont='entypo-fontello' title='' data-avia-related-tooltip='Compartir en Whatsapp' rel=\"noopener\"><span class='avia_hidden_link_text'>Compartir en Whatsapp<\/span><\/a><\/li><li class='av-share-link av-social-link-linkedin' ><a target=\"_blank\" aria-label=\"Compartir en LinkedIn\" href='https:\/\/linkedin.com\/shareArticle?mini=true&#038;title=Comit%C3%A9%20pro%20adelanto%20La%20Paz%20de%20Puerto%20Ays%C3%A9n%20celebra%20inminente%20conexi%C3%B3n%20a%20la%20energ%C3%ADa%20el%C3%A9ctrica&#038;url=https:\/\/radiorevelacionfm.cl\/?p=41680' aria-hidden='false' data-av_icon='\ue8fc' data-av_iconfont='entypo-fontello' title='' data-avia-related-tooltip='Compartir en LinkedIn' rel=\"noopener\"><span class='avia_hidden_link_text'>Compartir en LinkedIn<\/span><\/a><\/li><li class='av-share-link av-social-link-mail' ><a  aria-label=\"Compartir por correo\" href='mailto:?subject=Comit%C3%A9%20pro%20adelanto%20La%20Paz%20de%20Puerto%20Ays%C3%A9n%20celebra%20inminente%20conexi%C3%B3n%20a%20la%20energ%C3%ADa%20el%C3%A9ctrica&#038;body=https:\/\/radiorevelacionfm.cl\/?p=41680' aria-hidden='false' data-av_icon='\ue805' data-av_iconfont='entypo-fontello' title='' data-avia-related-tooltip='Compartir por correo'><span class='avia_hidden_link_text'>Compartir por correo<\/span><\/a><\/li><\/ul><\/div><\/div>\n<div  style='height:50px' class='hr hr-invisible   avia-builder-el-8  el_after_av_social_share  el_before_av_comments_list '><span class='hr-inner ' ><span class='hr-inner-style'><\/span><\/span><\/div>\n<div  class='av-buildercomment  av-blog-meta-html-info-disabled av-blog-meta-tag-disabled  '><\/div>\n","protected":false},"excerpt":{"rendered":"","protected":false},"author":1,"featured_media":41681,"comment_status":"open","ping_status":"open","sticky":false,"template":"","format":"standard","meta":{"footnotes":""},"categories":[38],"tags":[],"class_list":["post-41680","post","type-post","status-publish","format-standard","has-post-thumbnail","hentry","category-regional"],"jetpack_featured_media_url":"https:\/\/radiorevelacionfm.cl\/wp-content\/uploads\/2024\/04\/FOTO-COMITE-ELECTRICO-1-1.jpeg","_links":{"self":[{"href":"https:\/\/radiorevelacionfm.cl\/index.php?rest_route=\/wp\/v2\/posts\/41680","targetHints":{"allow":["GET"]}}],"collection":[{"href":"https:\/\/radiorevelacionfm.cl\/index.php?rest_route=\/wp\/v2\/posts"}],"about":[{"href":"https:\/\/radiorevelacionfm.cl\/index.php?rest_route=\/wp\/v2\/types\/post"}],"author":[{"embeddable":true,"href":"https:\/\/radiorevelacionfm.cl\/index.php?rest_route=\/wp\/v2\/users\/1"}],"replies":[{"embeddable":true,"href":"https:\/\/radiorevelacionfm.cl\/index.php?rest_route=%2Fwp%2Fv2%2Fcomments&post=41680"}],"version-history":[{"count":1,"href":"https:\/\/radiorevelacionfm.cl\/index.php?rest_route=\/wp\/v2\/posts\/41680\/revisions"}],"predecessor-version":[{"id":41682,"href":"https:\/\/radiorevelacionfm.cl\/index.php?rest_route=\/wp\/v2\/posts\/41680\/revisions\/41682"}],"wp:featuredmedia":[{"embeddable":true,"href":"https:\/\/radiorevelacionfm.cl\/index.php?rest_route=\/wp\/v2\/media\/41681"}],"wp:attachment":[{"href":"https:\/\/radiorevelacionfm.cl\/index.php?rest_route=%2Fwp%2Fv2%2Fmedia&parent=41680"}],"wp:term":[{"taxonomy":"category","embeddable":true,"href":"https:\/\/radiorevelacionfm.cl\/index.php?rest_route=%2Fwp%2Fv2%2Fcategories&post=41680"},{"taxonomy":"post_tag","embeddable":true,"href":"https:\/\/radiorevelacionfm.cl\/index.php?rest_route=%2Fwp%2Fv2%2Ftags&post=41680"}],"curies":[{"name":"wp","href":"https:\/\/api.w.org\/{rel}","templated":true}]}}