{"id":41677,"date":"2024-04-26T12:31:18","date_gmt":"2024-04-26T15:31:18","guid":{"rendered":"https:\/\/radiorevelacionfm.cl\/?p=41677"},"modified":"2024-04-26T12:31:18","modified_gmt":"2024-04-26T15:31:18","slug":"teatro-municipal-capacita-equipos-tecnicos-en-aysen-e-invita-a-gala-lirica-gratuita-en-centro-cultural","status":"publish","type":"post","link":"https:\/\/radiorevelacionfm.cl\/?p=41677","title":{"rendered":"Teatro Municipal capacita equipos t\u00e9cnicos en Ays\u00e9n e invita a Gala L\u00edrica gratuita en Centro Cultural"},"content":{"rendered":"<div class=\"flex_column av_one_full  flex_column_div av-zero-column-padding first  avia-builder-el-0  el_before_av_one_full  avia-builder-el-first  \" style='border-radius:0px; '><div  class='avia-image-container  av-styling-    avia-builder-el-1  avia-builder-el-no-sibling  avia-align-center '  itemprop=\"image\" itemscope=\"itemscope\" itemtype=\"https:\/\/schema.org\/ImageObject\"  ><div class='avia-image-container-inner'><div class='avia-image-overlay-wrap'><img decoding=\"async\" class='wp-image-41678 avia-img-lazy-loading-not-41678 avia_image' src=\"https:\/\/radiorevelacionfm.cl\/wp-content\/uploads\/2024\/04\/taller-produccion-1_optimized-1_optimized.jpg\" alt='' title='taller-produccion-(1)_optimized-(1)_optimized' height=\"600\" width=\"899\"  itemprop=\"thumbnailUrl\" srcset=\"https:\/\/radiorevelacionfm.cl\/wp-content\/uploads\/2024\/04\/taller-produccion-1_optimized-1_optimized.jpg 899w, https:\/\/radiorevelacionfm.cl\/wp-content\/uploads\/2024\/04\/taller-produccion-1_optimized-1_optimized-300x200.jpg 300w, https:\/\/radiorevelacionfm.cl\/wp-content\/uploads\/2024\/04\/taller-produccion-1_optimized-1_optimized-768x513.jpg 768w, https:\/\/radiorevelacionfm.cl\/wp-content\/uploads\/2024\/04\/taller-produccion-1_optimized-1_optimized-705x471.jpg 705w, https:\/\/radiorevelacionfm.cl\/wp-content\/uploads\/2024\/04\/taller-produccion-1_optimized-1_optimized-450x300.jpg 450w, https:\/\/radiorevelacionfm.cl\/wp-content\/uploads\/2024\/04\/taller-produccion-1_optimized-1_optimized-600x400.jpg 600w\" sizes=\"(max-width: 899px) 100vw, 899px\" \/><\/div><\/div><\/div><\/div><div class=\"flex_column av_one_full  flex_column_div av-zero-column-padding first  avia-builder-el-2  el_after_av_one_full  el_before_av_one_full  column-top-margin\" style='border-radius:0px; '><section class=\"av_textblock_section \"  itemscope=\"itemscope\" itemtype=\"https:\/\/schema.org\/BlogPosting\" itemprop=\"blogPost\" ><div class='avia_textblock  '   itemprop=\"text\" ><p style=\"text-align: center;\"><span style=\"font-size: 18pt;\"><b>Teatro Municipal capacita equipos t\u00e9cnicos en Ays\u00e9n e invita a Gala L\u00edrica gratuita en Centro Cultural<\/b><\/span><\/p>\n<div id=\"gtx-trans\" style=\"position: absolute; left: -50px; top: 4.31534px;\">\n<div class=\"gtx-trans-icon\"><\/div>\n<\/div>\n<\/div><\/section><\/div><div class=\"flex_column av_one_full  flex_column_div av-zero-column-padding first  avia-builder-el-4  el_after_av_one_full  el_before_av_hr  column-top-margin\" style='border-radius:0px; '><section class=\"av_textblock_section \"  itemscope=\"itemscope\" itemtype=\"https:\/\/schema.org\/BlogPosting\" itemprop=\"blogPost\" ><div class='avia_textblock  '   itemprop=\"text\" ><p style=\"text-align: justify;\">Durante 3 jornadas, m\u00e1s de 20 personas se capacitaron en el Centro Cultural Coyhaique en el Taller de Producci\u00f3n de Eventos Culturales que trajo el equipo del Teatro Municipal, gracias a la Ley de Donaciones Culturales, en un ejercicio de formaci\u00f3n previo a la Gala L\u00edrica gratuita que tendr\u00e1 lugar el martes 30 de abril a las 19:30 horas.<\/p>\n<p style=\"text-align: justify;\">Esteban S\u00e1nchez, jefe t\u00e9cnico del \u00c1rea de Extensi\u00f3n Cultural del Teatro Municipal de Santiago, estuvo a cargo de los tres d\u00edas de formaci\u00f3n donde se desarrollaron t\u00e9cnicas esc\u00e9nicas dirigidas a sonidistas, iluminadores, productores, t\u00e9cnicos, encargados de salas y de los departamentos de Cultura. Participaron equipos de las comunas de Cisnes, Coyhaique, Ays\u00e9n Ib\u00e1\u00f1ez y Cochrane.<\/p>\n<p style=\"text-align: justify;\">Esteban S\u00e1nchez dice que \u00abhe podido ver que ac\u00e1 la gesti\u00f3n tiene mayor desarrollo quiz\u00e1s que en otras zonas, quiz\u00e1s porque tambi\u00e9n hay mayor dificultad para obtener financiamiento para ciertas cosas. Lamentablemente existe una centralizaci\u00f3n en el arte y las zonas alejadas notan esto y obligan al ingenio para lograr hacer algo. He visto que hay m\u00e1s personas que se dedican a la gesti\u00f3n que en otros lugares, donde a lo mejor hay m\u00e1s artistas, lo que es un fen\u00f3meno bien interesante\u00bb.<\/p>\n<p style=\"text-align: justify;\">El jefe t\u00e9cnico de Extensi\u00f3n del Teatro Municipal a\u00f1ade que \u00abse nota una necesidad de esta certificaci\u00f3n, de esta capacitaci\u00f3n ante determinadas situaciones. Lo hemos podido ver en la manipulaci\u00f3n en la misma sala del Centro Cultural, que quiz\u00e1s faltan manos que conozcan m\u00e1s y que ayuden a cuidar m\u00e1s este espacio. No es solo un problema de ac\u00e1, pasa en muchas regiones\u00bb.<\/p>\n<p style=\"text-align: justify;\">Para el seremi de Culturas Ays\u00e9n, Felipe Quiroz, \u00abla Ley de Donaciones Culturales del Ministerio de las Culturas permite que los mundos p\u00fablico y privado se unan y dejen este tipo de capacidades instaladas en regiones alejadas como la nuestra, con el fin de mejorar la producci\u00f3n y la oferta cultural. El trabajo mancomunado con el Teatro Municipal de Santiago no solo trae este espacio de formaci\u00f3n, sino una Gala L\u00edrica de lujo este martes en el Centro Cultural; es gratis y est\u00e1n todo y todas invitados. Las entradas pueden retirarlas directamente en la Corporaci\u00f3n Cultural\u00bb.<\/p>\n<p class=\"v1elementToProof\" style=\"text-align: justify;\">El productor audiovisual, Jorge Arancibia, particip\u00f3 en el Taller de Producci\u00f3n y piensa que se trata \u00abde una instancia enriquecedora y nutritiva, en la cual pudimos ver temas como iluminaci\u00f3n, sonido, escenograf\u00eda, piso, elaboraci\u00f3n de proyectos. Nos reunimos muchos agentes culturales de toda la regi\u00f3n y terminamos muy felices y agradecidos de esta instancia de aprendizaje de poder entregar nuevas herramientas para la producci\u00f3n cultural de nuestra regi\u00f3n\u00bb.<\/p>\n<\/div><\/section><\/div><div  style='height:50px' class='hr hr-invisible   avia-builder-el-6  el_after_av_one_full  el_before_av_social_share '><span class='hr-inner ' ><span class='hr-inner-style'><\/span><\/span><\/div><\/p>\n<div  class='av-social-sharing-box  avia-builder-el-7  el_after_av_hr  el_before_av_hr  '><div class='av-share-box'><h5 class='av-share-link-description av-no-toc '>Compartir esta noticia<\/h5><ul class='av-share-box-list noLightbox'><li class='av-share-link av-social-link-facebook' ><a target=\"_blank\" aria-label=\"Compartir en Facebook\" href='https:\/\/www.facebook.com\/sharer.php?u=https:\/\/radiorevelacionfm.cl\/?p=41677&#038;t=Teatro%20Municipal%20capacita%20equipos%20t%C3%A9cnicos%20en%20Ays%C3%A9n%20e%20invita%20a%20Gala%20L%C3%ADrica%20gratuita%20en%20Centro%20Cultural' aria-hidden='false' data-av_icon='\ue8f3' data-av_iconfont='entypo-fontello' title='' data-avia-related-tooltip='Compartir en Facebook' rel=\"noopener\"><span class='avia_hidden_link_text'>Compartir en Facebook<\/span><\/a><\/li><li class='av-share-link av-social-link-twitter' ><a target=\"_blank\" aria-label=\"Compartir en Twitter\" href='https:\/\/twitter.com\/share?text=Teatro%20Municipal%20capacita%20equipos%20t%C3%A9cnicos%20en%20Ays%C3%A9n%20e%20invita%20a%20Gala%20L%C3%ADrica%20gratuita%20en%20Centro%20Cultural&#038;url=https:\/\/radiorevelacionfm.cl\/?p=41677' aria-hidden='false' data-av_icon='\ue8f1' data-av_iconfont='entypo-fontello' title='' data-avia-related-tooltip='Compartir en Twitter' rel=\"noopener\"><span class='avia_hidden_link_text'>Compartir en Twitter<\/span><\/a><\/li><li class='av-share-link av-social-link-whatsapp' ><a target=\"_blank\" aria-label=\"Compartir en Whatsapp\" href='https:\/\/api.whatsapp.com\/send?text=https:\/\/radiorevelacionfm.cl\/?p=41677' aria-hidden='false' data-av_icon='\uf232' data-av_iconfont='entypo-fontello' title='' data-avia-related-tooltip='Compartir en Whatsapp' rel=\"noopener\"><span class='avia_hidden_link_text'>Compartir en Whatsapp<\/span><\/a><\/li><li class='av-share-link av-social-link-linkedin' ><a target=\"_blank\" aria-label=\"Compartir en LinkedIn\" href='https:\/\/linkedin.com\/shareArticle?mini=true&#038;title=Teatro%20Municipal%20capacita%20equipos%20t%C3%A9cnicos%20en%20Ays%C3%A9n%20e%20invita%20a%20Gala%20L%C3%ADrica%20gratuita%20en%20Centro%20Cultural&#038;url=https:\/\/radiorevelacionfm.cl\/?p=41677' aria-hidden='false' data-av_icon='\ue8fc' data-av_iconfont='entypo-fontello' title='' data-avia-related-tooltip='Compartir en LinkedIn' rel=\"noopener\"><span class='avia_hidden_link_text'>Compartir en LinkedIn<\/span><\/a><\/li><li class='av-share-link av-social-link-mail' ><a  aria-label=\"Compartir por correo\" href='mailto:?subject=Teatro%20Municipal%20capacita%20equipos%20t%C3%A9cnicos%20en%20Ays%C3%A9n%20e%20invita%20a%20Gala%20L%C3%ADrica%20gratuita%20en%20Centro%20Cultural&#038;body=https:\/\/radiorevelacionfm.cl\/?p=41677' aria-hidden='false' data-av_icon='\ue805' data-av_iconfont='entypo-fontello' title='' data-avia-related-tooltip='Compartir por correo'><span class='avia_hidden_link_text'>Compartir por correo<\/span><\/a><\/li><\/ul><\/div><\/div>\n<div  style='height:50px' class='hr hr-invisible   avia-builder-el-8  el_after_av_social_share  el_before_av_comments_list '><span class='hr-inner ' ><span class='hr-inner-style'><\/span><\/span><\/div>\n<div  class='av-buildercomment  av-blog-meta-html-info-disabled av-blog-meta-tag-disabled  '><\/div>\n","protected":false},"excerpt":{"rendered":"","protected":false},"author":1,"featured_media":41678,"comment_status":"open","ping_status":"open","sticky":false,"template":"","format":"standard","meta":{"footnotes":""},"categories":[52],"tags":[],"class_list":["post-41677","post","type-post","status-publish","format-standard","has-post-thumbnail","hentry","category-cultura"],"jetpack_featured_media_url":"https:\/\/radiorevelacionfm.cl\/wp-content\/uploads\/2024\/04\/taller-produccion-1_optimized-1_optimized.jpg","_links":{"self":[{"href":"https:\/\/radiorevelacionfm.cl\/index.php?rest_route=\/wp\/v2\/posts\/41677","targetHints":{"allow":["GET"]}}],"collection":[{"href":"https:\/\/radiorevelacionfm.cl\/index.php?rest_route=\/wp\/v2\/posts"}],"about":[{"href":"https:\/\/radiorevelacionfm.cl\/index.php?rest_route=\/wp\/v2\/types\/post"}],"author":[{"embeddable":true,"href":"https:\/\/radiorevelacionfm.cl\/index.php?rest_route=\/wp\/v2\/users\/1"}],"replies":[{"embeddable":true,"href":"https:\/\/radiorevelacionfm.cl\/index.php?rest_route=%2Fwp%2Fv2%2Fcomments&post=41677"}],"version-history":[{"count":1,"href":"https:\/\/radiorevelacionfm.cl\/index.php?rest_route=\/wp\/v2\/posts\/41677\/revisions"}],"predecessor-version":[{"id":41679,"href":"https:\/\/radiorevelacionfm.cl\/index.php?rest_route=\/wp\/v2\/posts\/41677\/revisions\/41679"}],"wp:featuredmedia":[{"embeddable":true,"href":"https:\/\/radiorevelacionfm.cl\/index.php?rest_route=\/wp\/v2\/media\/41678"}],"wp:attachment":[{"href":"https:\/\/radiorevelacionfm.cl\/index.php?rest_route=%2Fwp%2Fv2%2Fmedia&parent=41677"}],"wp:term":[{"taxonomy":"category","embeddable":true,"href":"https:\/\/radiorevelacionfm.cl\/index.php?rest_route=%2Fwp%2Fv2%2Fcategories&post=41677"},{"taxonomy":"post_tag","embeddable":true,"href":"https:\/\/radiorevelacionfm.cl\/index.php?rest_route=%2Fwp%2Fv2%2Ftags&post=41677"}],"curies":[{"name":"wp","href":"https:\/\/api.w.org\/{rel}","templated":true}]}}