{"id":4167,"date":"2021-05-14T16:42:20","date_gmt":"2021-05-14T19:42:20","guid":{"rendered":"https:\/\/radiorevelacionfm.cl\/?p=4167"},"modified":"2021-05-14T16:42:20","modified_gmt":"2021-05-14T19:42:20","slug":"comite-ruta-de-los-parques-de-la-patagonia-organiza-seminario-junto-a-la-asociacion-internacional-de-turismo-aventura","status":"publish","type":"post","link":"https:\/\/radiorevelacionfm.cl\/?p=4167","title":{"rendered":"Comit\u00e9 Ruta de los Parques de la Patagonia organiza seminario junto a la Asociaci\u00f3n Internacional de Turismo Aventura"},"content":{"rendered":"<div class=\"flex_column av_one_full  flex_column_div av-zero-column-padding first  avia-builder-el-0  el_before_av_one_full  avia-builder-el-first  \" style='border-radius:0px; '><div  class='avia-image-container  av-styling-    avia-builder-el-1  avia-builder-el-no-sibling  avia-align-center '  itemprop=\"image\" itemscope=\"itemscope\" itemtype=\"https:\/\/schema.org\/ImageObject\"  ><div class='avia-image-container-inner'><div class='avia-image-overlay-wrap'><img decoding=\"async\" class='wp-image-4168 avia-img-lazy-loading-not-4168 avia_image' src=\"https:\/\/radiorevelacionfm.cl\/wp-content\/uploads\/2021\/05\/DJI_0238-1-1.jpg\" alt='' title='DJI_0238 (1) (1)' height=\"600\" width=\"1067\"  itemprop=\"thumbnailUrl\" srcset=\"https:\/\/radiorevelacionfm.cl\/wp-content\/uploads\/2021\/05\/DJI_0238-1-1.jpg 1067w, https:\/\/radiorevelacionfm.cl\/wp-content\/uploads\/2021\/05\/DJI_0238-1-1-300x169.jpg 300w, https:\/\/radiorevelacionfm.cl\/wp-content\/uploads\/2021\/05\/DJI_0238-1-1-1030x579.jpg 1030w, https:\/\/radiorevelacionfm.cl\/wp-content\/uploads\/2021\/05\/DJI_0238-1-1-768x432.jpg 768w, https:\/\/radiorevelacionfm.cl\/wp-content\/uploads\/2021\/05\/DJI_0238-1-1-705x396.jpg 705w, https:\/\/radiorevelacionfm.cl\/wp-content\/uploads\/2021\/05\/DJI_0238-1-1-600x337.jpg 600w\" sizes=\"(max-width: 1067px) 100vw, 1067px\" \/><\/div><\/div><\/div><\/div><div class=\"flex_column av_one_full  flex_column_div av-zero-column-padding first  avia-builder-el-2  el_after_av_one_full  el_before_av_one_full  column-top-margin\" style='border-radius:0px; '><section class=\"av_textblock_section \"  itemscope=\"itemscope\" itemtype=\"https:\/\/schema.org\/BlogPosting\" itemprop=\"blogPost\" ><div class='avia_textblock  '   itemprop=\"text\" ><p style=\"text-align: center;\"><strong><span style=\"font-size: 18pt;\">Comit\u00e9 Ruta de los Parques de la Patagonia organiza seminario junto a la Asociaci\u00f3n Internacional de Turismo Aventura<\/span><\/strong><\/p>\n<div id=\"gtx-trans\" style=\"position: absolute; left: -50px; top: 4.31534px;\">\n<div class=\"gtx-trans-icon\"><\/div>\n<\/div>\n<\/div><\/section><\/div><div class=\"flex_column av_one_full  flex_column_div av-zero-column-padding first  avia-builder-el-4  el_after_av_one_full  el_before_av_hr  column-top-margin\" style='border-radius:0px; '><section class=\"av_textblock_section \"  itemscope=\"itemscope\" itemtype=\"https:\/\/schema.org\/BlogPosting\" itemprop=\"blogPost\" ><div class='avia_textblock  '   itemprop=\"text\" ><p style=\"font-weight: 400; text-align: justify;\">Con el fin de dar a conocer a nivel internacional las oportunidades que ofrece la Ruta de los Parques de la Patagonia como un destino de turismo en base a la conservaci\u00f3n, el pr\u00f3ximo jueves 27 de mayo se llevar\u00e1 a cabo un webinar organizado por el comit\u00e9 conformado por Sernatur Los Lagos, Ays\u00e9n y Magallanes, Tompkins Conservation Chile y Per Turismo y PTI Ruta de los Parques de Corfo, en conjunto con la Adventure Travel Trade Association (ATTA).<\/p>\n<p style=\"font-weight: 400; text-align: justify;\">Dentro de la macrozona Patagonia Chilena, se encuentra la Ruta de los Parques de la Patagonia, un pulm\u00f3n verde para Chile y el mundo que ofrece m\u00faltiples oportunidades para el desarrollo del turismo de naturaleza. Con el fin de dar a conocer estos atributos a las audiencias internacionales, el comit\u00e9 Ruta de los Parques se ha aliado con la Asociaci\u00f3n de Turismo Aventura (ATTA) para realizar el seminario gratuito (en ingl\u00e9s) <strong><em><u>Route of Parks of Chilean Patagonia: tourism and conservation,\u00a0<\/u><\/em><\/strong>el pr\u00f3ximo 27 de mayo.<\/p>\n<p style=\"font-weight: 400; text-align: justify;\">Patricio Bast\u00edas, director de Sernatur Ays\u00e9n, destac\u00f3: \u201cEl turismo ha sido afectado muy fuertemente por esta pandemia. No obstante, este tiempo ha permitido fortalecer un trabajo a trav\u00e9s de las tres direcciones regionales de Los Lagos Ays\u00e9n y Magallanes m\u00e1s la Fundaci\u00f3n Tompkins, fortaleciendo el posicionamiento de la Ruta de los Parques e impulsando el desarrollo de este territorio no s\u00f3lo en t\u00e9rminos de la oferta a trav\u00e9s de los parques, sino tambi\u00e9n a trav\u00e9s de mantenerse presentes en el mercado internacional, destacando las ventajas que el destino ofrece para el desarrollo de la actividad tur\u00edstica. De este modo buscamos estar presente en el mundo del turismo para que cuando volvamos a la actividad tur\u00edstica sea un territorio que presente una oportunidad para ser visitado\u201d.<\/p>\n<p style=\"font-weight: 400; text-align: justify;\">Rolf Traeger, Gerente PER Turismo Ays\u00e9n, agreg\u00f3 que con esta actividad \u201cbuscamos difundir los atractivos tur\u00edsticos del sur de Chile y Ays\u00e9n Patagonia, para ir en busca de los mercados ya ten\u00edamos cautivos como Europa, Estados Unidos, Brasil y de los nuevos mercados que son potenciales clientes para poder seguir incorporando nuevos desaf\u00edos y nuevos productos tur\u00edsticos en nuestra regi\u00f3n de Ays\u00e9n. La idea de esto es puede generar un nuevo incentivo para los emprendedores tur\u00edsticos de nuestra regi\u00f3n que potencie sus servicios tur\u00edsticos, poder mejorar la calidad y darnos a conocer al mundo y seguir con el posicionamiento que ten\u00edamos ante la pandemia\u201d.<\/p>\n<p style=\"font-weight: 400; text-align: justify;\">En tanto, Carolina Morgado, directora ejecutiva de Tompkins Conservation Chile, a\u00f1adi\u00f3: \u00abEsta actividad da cuenta de que el trabajo que venimos realizando como comit\u00e9 est\u00e1 dando frutos, y que gracias a la visi\u00f3n territorial que estamos impulsando, la\u00a0Ruta de los Parques se muestra al mundo de manera integrada, con su gran valor ecol\u00f3gico, sus parques nacionales y comunidades aleda\u00f1as que pueden beneficiarse del desarrollo econ\u00f3mico que puede brindar la conservaci\u00f3n, a trav\u00e9s del turismo\u00bb.<\/p>\n<p style=\"font-weight: 400; text-align: justify;\">En la oportunidad, participar\u00e1n Kristine Tompkins, Presidenta de Tompkins Conservation; Carolina Morgado, Directora ejecutiva de Tompkins Conservation Chile; y Ximena Castro, presidenta del comit\u00e9 Ruta de los Parques, quien expondr\u00e1 en representaci\u00f3n de Los Lagos, Ays\u00e9n y Magallanes. El seminario, que cuenta con el apoyo de los respectivos Gobiernos Regionales,\u00a0\u00a0abordar\u00e1 la importancia de este territorio que concentra 17 parques nacionales entre Puerto Montt y Cabo de Hornos y m\u00e1s de 60 comunidades aleda\u00f1as, haciendo un recorrido por los atractivos naturales que ofrecen las tres regiones que conforman la ruta, y los circuitos y experiencias que los visitantes pueden realizar.<\/p>\n<p style=\"font-weight: 400; text-align: justify;\"><strong><em>Posicionando la Patagonia de manera integrada<\/em><\/strong><\/p>\n<p style=\"font-weight: 400; text-align: justify;\">Avanzar hacia un turismo responsable que potencia el desarrollo econ\u00f3mico local en la Patagonia es lo que ha venido impulsando desde hace m\u00e1s de un a\u00f1o el Comit\u00e9 Interregional de la Ruta de los Parques de la Patagonia, una gobernanza \u00fanica en Chile en la que participan Sernatur Los Lagos, Ays\u00e9n y Magallanes, junto a la fundaci\u00f3n Tompkins Conservation Chile, el Programa Territorial Integrado Ruta de los Parques y el Programa Estrat\u00e9gico de Turismo Ays\u00e9n Patagonia de Corfo. Esta iniciativa es un esfuerzo conjunto para potenciar una visi\u00f3n que permita el desarrollo de las comunidades aleda\u00f1as y la recuperaci\u00f3n tur\u00edstica a trav\u00e9s de la inversi\u00f3n en los parques nacionales y el posicionamiento de este tercio de Chile que cuenta con 11,8 millones de hect\u00e1reas protegidas bajo la categor\u00eda de parque nacional.<\/p>\n<p style=\"font-weight: 400;\"><strong><em>Inscripciones gratuitas\u00a0<\/em><\/strong><em><u>(el webinar ser\u00e1 en ingl\u00e9s<\/u><\/em><em>):<\/em><\/p>\n<p><b><i>Cu\u00e1ndo:\u00a0<\/i><\/b><i>jueves 27 de mayo a las 12:00 hrs. (13:00 hrs. regi\u00f3n de Magallanes)<\/i><\/p>\n<p style=\"font-weight: 400;\"><a href=\"https:\/\/www.rutadelosparques.org\/webinar\/\" data-saferedirecturl=\"https:\/\/www.google.com\/url?q=https:\/\/www.rutadelosparques.org\/webinar\/&amp;source=gmail&amp;ust=1621099136569000&amp;usg=AFQjCNFqZh8QPOMRjrgGHvAug7QE-kJ0eg\">www.rutadelosparques.org\/webinar<\/a><\/p>\n<\/div><\/section><\/div><div  style='height:50px' class='hr hr-invisible   avia-builder-el-6  el_after_av_one_full  el_before_av_social_share '><span class='hr-inner ' ><span class='hr-inner-style'><\/span><\/span><\/div><\/p>\n<div  class='av-social-sharing-box  avia-builder-el-7  el_after_av_hr  el_before_av_hr  '><div class='av-share-box'><h5 class='av-share-link-description av-no-toc '>Compartir esta noticia<\/h5><ul class='av-share-box-list noLightbox'><li class='av-share-link av-social-link-facebook' ><a target=\"_blank\" aria-label=\"Compartir en Facebook\" href='https:\/\/www.facebook.com\/sharer.php?u=https:\/\/radiorevelacionfm.cl\/?p=4167&#038;t=Comit%C3%A9%20Ruta%20de%20los%20Parques%20de%20la%20Patagonia%20organiza%20seminario%20junto%20a%20la%20Asociaci%C3%B3n%20Internacional%20de%20Turismo%20Aventura' aria-hidden='false' data-av_icon='\ue8f3' data-av_iconfont='entypo-fontello' title='' data-avia-related-tooltip='Compartir en Facebook' rel=\"noopener\"><span class='avia_hidden_link_text'>Compartir en Facebook<\/span><\/a><\/li><li class='av-share-link av-social-link-twitter' ><a target=\"_blank\" aria-label=\"Compartir en Twitter\" href='https:\/\/twitter.com\/share?text=Comit%C3%A9%20Ruta%20de%20los%20Parques%20de%20la%20Patagonia%20organiza%20seminario%20junto%20a%20la%20Asociaci%C3%B3n%20Internacional%20de%20Turismo%20Aventura&#038;url=https:\/\/radiorevelacionfm.cl\/?p=4167' aria-hidden='false' data-av_icon='\ue8f1' data-av_iconfont='entypo-fontello' title='' data-avia-related-tooltip='Compartir en Twitter' rel=\"noopener\"><span class='avia_hidden_link_text'>Compartir en Twitter<\/span><\/a><\/li><li class='av-share-link av-social-link-whatsapp' ><a target=\"_blank\" aria-label=\"Compartir en Whatsapp\" href='https:\/\/api.whatsapp.com\/send?text=https:\/\/radiorevelacionfm.cl\/?p=4167' aria-hidden='false' data-av_icon='\uf232' data-av_iconfont='entypo-fontello' title='' data-avia-related-tooltip='Compartir en Whatsapp' rel=\"noopener\"><span class='avia_hidden_link_text'>Compartir en Whatsapp<\/span><\/a><\/li><li class='av-share-link av-social-link-linkedin' ><a target=\"_blank\" aria-label=\"Compartir en LinkedIn\" href='https:\/\/linkedin.com\/shareArticle?mini=true&#038;title=Comit%C3%A9%20Ruta%20de%20los%20Parques%20de%20la%20Patagonia%20organiza%20seminario%20junto%20a%20la%20Asociaci%C3%B3n%20Internacional%20de%20Turismo%20Aventura&#038;url=https:\/\/radiorevelacionfm.cl\/?p=4167' aria-hidden='false' data-av_icon='\ue8fc' data-av_iconfont='entypo-fontello' title='' data-avia-related-tooltip='Compartir en LinkedIn' rel=\"noopener\"><span class='avia_hidden_link_text'>Compartir en LinkedIn<\/span><\/a><\/li><li class='av-share-link av-social-link-mail' ><a  aria-label=\"Compartir por correo\" href='mailto:?subject=Comit%C3%A9%20Ruta%20de%20los%20Parques%20de%20la%20Patagonia%20organiza%20seminario%20junto%20a%20la%20Asociaci%C3%B3n%20Internacional%20de%20Turismo%20Aventura&#038;body=https:\/\/radiorevelacionfm.cl\/?p=4167' aria-hidden='false' data-av_icon='\ue805' data-av_iconfont='entypo-fontello' title='' data-avia-related-tooltip='Compartir por correo'><span class='avia_hidden_link_text'>Compartir por correo<\/span><\/a><\/li><\/ul><\/div><\/div>\n<div  style='height:50px' class='hr hr-invisible   avia-builder-el-8  el_after_av_social_share  el_before_av_comments_list '><span class='hr-inner ' ><span class='hr-inner-style'><\/span><\/span><\/div>\n<div  class='av-buildercomment  av-blog-meta-html-info-disabled av-blog-meta-tag-disabled  '><\/div>\n","protected":false},"excerpt":{"rendered":"","protected":false},"author":1,"featured_media":4168,"comment_status":"open","ping_status":"open","sticky":false,"template":"","format":"standard","meta":{"footnotes":""},"categories":[54],"tags":[],"class_list":["post-4167","post","type-post","status-publish","format-standard","has-post-thumbnail","hentry","category-turismo"],"jetpack_featured_media_url":"https:\/\/radiorevelacionfm.cl\/wp-content\/uploads\/2021\/05\/DJI_0238-1-1.jpg","_links":{"self":[{"href":"https:\/\/radiorevelacionfm.cl\/index.php?rest_route=\/wp\/v2\/posts\/4167","targetHints":{"allow":["GET"]}}],"collection":[{"href":"https:\/\/radiorevelacionfm.cl\/index.php?rest_route=\/wp\/v2\/posts"}],"about":[{"href":"https:\/\/radiorevelacionfm.cl\/index.php?rest_route=\/wp\/v2\/types\/post"}],"author":[{"embeddable":true,"href":"https:\/\/radiorevelacionfm.cl\/index.php?rest_route=\/wp\/v2\/users\/1"}],"replies":[{"embeddable":true,"href":"https:\/\/radiorevelacionfm.cl\/index.php?rest_route=%2Fwp%2Fv2%2Fcomments&post=4167"}],"version-history":[{"count":1,"href":"https:\/\/radiorevelacionfm.cl\/index.php?rest_route=\/wp\/v2\/posts\/4167\/revisions"}],"predecessor-version":[{"id":4169,"href":"https:\/\/radiorevelacionfm.cl\/index.php?rest_route=\/wp\/v2\/posts\/4167\/revisions\/4169"}],"wp:featuredmedia":[{"embeddable":true,"href":"https:\/\/radiorevelacionfm.cl\/index.php?rest_route=\/wp\/v2\/media\/4168"}],"wp:attachment":[{"href":"https:\/\/radiorevelacionfm.cl\/index.php?rest_route=%2Fwp%2Fv2%2Fmedia&parent=4167"}],"wp:term":[{"taxonomy":"category","embeddable":true,"href":"https:\/\/radiorevelacionfm.cl\/index.php?rest_route=%2Fwp%2Fv2%2Fcategories&post=4167"},{"taxonomy":"post_tag","embeddable":true,"href":"https:\/\/radiorevelacionfm.cl\/index.php?rest_route=%2Fwp%2Fv2%2Ftags&post=4167"}],"curies":[{"name":"wp","href":"https:\/\/api.w.org\/{rel}","templated":true}]}}