{"id":41660,"date":"2024-04-26T16:17:36","date_gmt":"2024-04-26T19:17:36","guid":{"rendered":"https:\/\/radiorevelacionfm.cl\/?p=41660"},"modified":"2024-04-26T16:17:36","modified_gmt":"2024-04-26T19:17:36","slug":"delegado-regional-destaca-valor-de-la-gestion-conjunta-para-la-seguridad-publica","status":"publish","type":"post","link":"https:\/\/radiorevelacionfm.cl\/?p=41660","title":{"rendered":"Delegado Regional destaca valor de la gesti\u00f3n conjunta para la seguridad p\u00fablica"},"content":{"rendered":"<div class=\"flex_column av_one_full  flex_column_div av-zero-column-padding first  avia-builder-el-0  el_before_av_one_full  avia-builder-el-first  \" style='border-radius:0px; '><div  class='avia-image-container  av-styling-    avia-builder-el-1  avia-builder-el-no-sibling  avia-align-center '  itemprop=\"image\" itemscope=\"itemscope\" itemtype=\"https:\/\/schema.org\/ImageObject\"  ><div class='avia-image-container-inner'><div class='avia-image-overlay-wrap'><img decoding=\"async\" class='wp-image-41661 avia-img-lazy-loading-not-41661 avia_image' src=\"https:\/\/radiorevelacionfm.cl\/wp-content\/uploads\/2024\/04\/image-2024-04-25t131537_optimized.328.jpg\" alt='' title='image---2024-04-25t131537_optimized.328' height=\"600\" width=\"948\"  itemprop=\"thumbnailUrl\" srcset=\"https:\/\/radiorevelacionfm.cl\/wp-content\/uploads\/2024\/04\/image-2024-04-25t131537_optimized.328.jpg 948w, https:\/\/radiorevelacionfm.cl\/wp-content\/uploads\/2024\/04\/image-2024-04-25t131537_optimized.328-300x190.jpg 300w, https:\/\/radiorevelacionfm.cl\/wp-content\/uploads\/2024\/04\/image-2024-04-25t131537_optimized.328-768x486.jpg 768w, https:\/\/radiorevelacionfm.cl\/wp-content\/uploads\/2024\/04\/image-2024-04-25t131537_optimized.328-705x446.jpg 705w, https:\/\/radiorevelacionfm.cl\/wp-content\/uploads\/2024\/04\/image-2024-04-25t131537_optimized.328-450x285.jpg 450w, https:\/\/radiorevelacionfm.cl\/wp-content\/uploads\/2024\/04\/image-2024-04-25t131537_optimized.328-600x380.jpg 600w\" sizes=\"(max-width: 948px) 100vw, 948px\" \/><\/div><\/div><\/div><\/div><div class=\"flex_column av_one_full  flex_column_div av-zero-column-padding first  avia-builder-el-2  el_after_av_one_full  el_before_av_one_full  column-top-margin\" style='border-radius:0px; '><section class=\"av_textblock_section \"  itemscope=\"itemscope\" itemtype=\"https:\/\/schema.org\/BlogPosting\" itemprop=\"blogPost\" ><div class='avia_textblock  '   itemprop=\"text\" ><p style=\"text-align: center;\"><span style=\"font-size: 18pt;\"><b>Delegado Regional destaca valor de la gesti\u00f3n conjunta para la seguridad p\u00fablica<\/b><\/span><\/p>\n<div id=\"gtx-trans\" style=\"position: absolute; left: -50px; top: 4.31534px;\">\n<div class=\"gtx-trans-icon\"><\/div>\n<\/div>\n<\/div><\/section><\/div><div class=\"flex_column av_one_full  flex_column_div av-zero-column-padding first  avia-builder-el-4  el_after_av_one_full  el_before_av_hr  column-top-margin\" style='border-radius:0px; '><section class=\"av_textblock_section \"  itemscope=\"itemscope\" itemtype=\"https:\/\/schema.org\/BlogPosting\" itemprop=\"blogPost\" ><div class='avia_textblock  '   itemprop=\"text\" ><p style=\"font-weight: 400; text-align: justify;\">La importancia de la gesti\u00f3n articulada y de recursos destinados a seguridad p\u00fablica, destac\u00f3 el Delegado Presidencial Regional, Rodrigo Araya, ante el Informe Nacional de V\u00edctimas de Homicidios Consumados en Chile 2023, del Centro para la Prevenci\u00f3n de Homicidios y Delitos Violentos, que reporta una tasa de 6,3 homicidios consumados por cada cien mil habitantes a nivel nacional.<\/p>\n<p style=\"font-weight: 400; text-align: justify;\">En la regi\u00f3n de Ays\u00e9n se contabilizan cinco homicidios consumados el a\u00f1o 2023, que corresponden a una tasa regional de 4,6 homicidios consumados por cada 100.000 habitantes, dos casos m\u00e1s respecto del a\u00f1o 2022, cuando hubo tres v\u00edctimas y una tasa de 2,8 por cada 100.000 habitantes.<\/p>\n<p style=\"font-weight: 400; text-align: justify;\">La totalidad de las v\u00edctimas corresponde a hombres, de nacionalidad chilena, el mecanismo de muerte m\u00e1s utilizado en la regi\u00f3n es el arma corto punzante con un 60%, el contexto predominante es el interpersonal y la mayor\u00eda de los homicidios en la regi\u00f3n son en domicilios particulares con un 80%.<\/p>\n<p style=\"font-weight: 400; text-align: justify;\">Ante ello el Gobierno implement\u00f3 una Estrategia de Seguridad, que consiste en cinco ejes que definen pol\u00edticas, planes y medidas, con un aumento del presupuesto para seguridad en 2023 del 4,4% y en 2024 del 5,7%\u201d.<\/p>\n<p style=\"font-weight: 400; text-align: justify;\">\u201cCon la Estrategia de Seguridad implementamos el Plan Calles Sin Violencia desde abril de 2023 con el objetivo de reducir los homicidios, mediante el despliegue y coordinaci\u00f3n de las polic\u00edas en labores de fiscalizaci\u00f3n y control, as\u00ed como el fortalecimiento de las capacidades del Ministerio P\u00fablico para una persecuci\u00f3n penal efectiva, con la creaci\u00f3n del Equipo de Crimen Organizado y Homicidios\u201d, indic\u00f3.<\/p>\n<p style=\"font-weight: 400; text-align: justify;\">\u201dAdem\u00e1s \u2013acot\u00f3-, los servicios del Estado trabajamos por reducir la Violencia Intrafamiliar, Infracci\u00f3n a la Ley de Drogas, Infracci\u00f3n a la Ley de Armas, Ebriedad y Consumo de Alcohol en la V\u00eda P\u00fablica y Violencia Escolar, delitos, incivilidades y problemas emergentes contenidos en la Estrategia Regional de Seguridad P\u00fablica\u201d.<\/p>\n<p style=\"font-weight: 400; text-align: justify;\">\u201cLa gesti\u00f3n y recursos fortalecen el trabajo coordinado del Gobierno, Ministerio P\u00fablico y las polic\u00edas; tambi\u00e9n ha sido importante el aporte de los gobiernos regionales y municipalidades, as\u00ed como del Congreso al fortalecer y mejorar la legislaci\u00f3n de la agenda de seguridad, que ha permitido despachar 52 proyectos en materia de seguridad, 23 de los cuales son de la agenda priorizada acordada con los presidentes de ambas c\u00e1maras\u201d.<\/p>\n<p style=\"font-weight: 400; text-align: justify;\"><strong>Inversiones regionales en seguridad p\u00fablica<\/strong><\/p>\n<p style=\"font-weight: 400; text-align: justify;\">Como parte del compromiso del Gobierno de renovar el parque vehicular policial, Carabineros recibi\u00f3 diez nuevos veh\u00edculos y los diez municipios accedieron a m\u00e1s de 722 millones de pesos del Sistema Nacional de Seguridad Municipal de la Subsecretar\u00eda de Prevenci\u00f3n del Delito, para veh\u00edculos de patrullaje comunitario en ocho comunas, iluminaci\u00f3n de espacios p\u00fablicos y mejoramiento de plazoletas, entre otros.<\/p>\n<p style=\"font-weight: 400; text-align: justify;\">Con el programa Lazos se apoya a las familias para que ni\u00f1os, ni\u00f1as y adolescentes crezcan en un ambiente alejado de conductas de riesgo; con el Centro de Apoyo a V\u00edctimas de Delitos se proporciona intervenci\u00f3n especializada e interdisciplinaria a m\u00e1s de 500 personas y se promueve el n\u00famero *4242 Denuncia Seguro.<\/p>\n<p style=\"font-weight: 400; text-align: justify;\">Porque la recuperaci\u00f3n de espacios p\u00fablicos contribuye a mejorar la vida en comunidad, Subdere ha destinado m\u00e1s de diez mil millones de pesos con los programas Mejoramiento Urbano, Mejoramiento de Barrios, Tenencia Responsable de Animales de Compa\u00f1\u00eda y Fondo Recuperaci\u00f3n de Ciudades. Ejemplos de ellos son el mejoramiento t\u00e9rmico del Centro Cultural de Cochrane, reposici\u00f3n de alumbrado p\u00fablico de La Junta y mejoramiento de la red el\u00e9ctrica de Ra\u00fal Mar\u00edn Balmaceda, entre otros.<\/p>\n<\/div><\/section><\/div><div  style='height:50px' class='hr hr-invisible   avia-builder-el-6  el_after_av_one_full  el_before_av_social_share '><span class='hr-inner ' ><span class='hr-inner-style'><\/span><\/span><\/div><\/p>\n<div  class='av-social-sharing-box  avia-builder-el-7  el_after_av_hr  el_before_av_hr  '><div class='av-share-box'><h5 class='av-share-link-description av-no-toc '>Compartir esta noticia<\/h5><ul class='av-share-box-list noLightbox'><li class='av-share-link av-social-link-facebook' ><a target=\"_blank\" aria-label=\"Compartir en Facebook\" href='https:\/\/www.facebook.com\/sharer.php?u=https:\/\/radiorevelacionfm.cl\/?p=41660&#038;t=Delegado%20Regional%20destaca%20valor%20de%20la%20gesti%C3%B3n%20conjunta%20para%20la%20seguridad%20p%C3%BAblica' aria-hidden='false' data-av_icon='\ue8f3' data-av_iconfont='entypo-fontello' title='' data-avia-related-tooltip='Compartir en Facebook' rel=\"noopener\"><span class='avia_hidden_link_text'>Compartir en Facebook<\/span><\/a><\/li><li class='av-share-link av-social-link-twitter' ><a target=\"_blank\" aria-label=\"Compartir en Twitter\" href='https:\/\/twitter.com\/share?text=Delegado%20Regional%20destaca%20valor%20de%20la%20gesti%C3%B3n%20conjunta%20para%20la%20seguridad%20p%C3%BAblica&#038;url=https:\/\/radiorevelacionfm.cl\/?p=41660' aria-hidden='false' data-av_icon='\ue8f1' data-av_iconfont='entypo-fontello' title='' data-avia-related-tooltip='Compartir en Twitter' rel=\"noopener\"><span class='avia_hidden_link_text'>Compartir en Twitter<\/span><\/a><\/li><li class='av-share-link av-social-link-whatsapp' ><a target=\"_blank\" aria-label=\"Compartir en Whatsapp\" href='https:\/\/api.whatsapp.com\/send?text=https:\/\/radiorevelacionfm.cl\/?p=41660' aria-hidden='false' data-av_icon='\uf232' data-av_iconfont='entypo-fontello' title='' data-avia-related-tooltip='Compartir en Whatsapp' rel=\"noopener\"><span class='avia_hidden_link_text'>Compartir en Whatsapp<\/span><\/a><\/li><li class='av-share-link av-social-link-linkedin' ><a target=\"_blank\" aria-label=\"Compartir en LinkedIn\" href='https:\/\/linkedin.com\/shareArticle?mini=true&#038;title=Delegado%20Regional%20destaca%20valor%20de%20la%20gesti%C3%B3n%20conjunta%20para%20la%20seguridad%20p%C3%BAblica&#038;url=https:\/\/radiorevelacionfm.cl\/?p=41660' aria-hidden='false' data-av_icon='\ue8fc' data-av_iconfont='entypo-fontello' title='' data-avia-related-tooltip='Compartir en LinkedIn' rel=\"noopener\"><span class='avia_hidden_link_text'>Compartir en LinkedIn<\/span><\/a><\/li><li class='av-share-link av-social-link-mail' ><a  aria-label=\"Compartir por correo\" href='mailto:?subject=Delegado%20Regional%20destaca%20valor%20de%20la%20gesti%C3%B3n%20conjunta%20para%20la%20seguridad%20p%C3%BAblica&#038;body=https:\/\/radiorevelacionfm.cl\/?p=41660' aria-hidden='false' data-av_icon='\ue805' data-av_iconfont='entypo-fontello' title='' data-avia-related-tooltip='Compartir por correo'><span class='avia_hidden_link_text'>Compartir por correo<\/span><\/a><\/li><\/ul><\/div><\/div>\n<div  style='height:50px' class='hr hr-invisible   avia-builder-el-8  el_after_av_social_share  el_before_av_comments_list '><span class='hr-inner ' ><span class='hr-inner-style'><\/span><\/span><\/div>\n<div  class='av-buildercomment  av-blog-meta-html-info-disabled av-blog-meta-tag-disabled  '><\/div>\n","protected":false},"excerpt":{"rendered":"","protected":false},"author":1,"featured_media":41661,"comment_status":"open","ping_status":"open","sticky":false,"template":"","format":"standard","meta":{"footnotes":""},"categories":[38],"tags":[],"class_list":["post-41660","post","type-post","status-publish","format-standard","has-post-thumbnail","hentry","category-regional"],"jetpack_featured_media_url":"https:\/\/radiorevelacionfm.cl\/wp-content\/uploads\/2024\/04\/image-2024-04-25t131537_optimized.328.jpg","_links":{"self":[{"href":"https:\/\/radiorevelacionfm.cl\/index.php?rest_route=\/wp\/v2\/posts\/41660","targetHints":{"allow":["GET"]}}],"collection":[{"href":"https:\/\/radiorevelacionfm.cl\/index.php?rest_route=\/wp\/v2\/posts"}],"about":[{"href":"https:\/\/radiorevelacionfm.cl\/index.php?rest_route=\/wp\/v2\/types\/post"}],"author":[{"embeddable":true,"href":"https:\/\/radiorevelacionfm.cl\/index.php?rest_route=\/wp\/v2\/users\/1"}],"replies":[{"embeddable":true,"href":"https:\/\/radiorevelacionfm.cl\/index.php?rest_route=%2Fwp%2Fv2%2Fcomments&post=41660"}],"version-history":[{"count":1,"href":"https:\/\/radiorevelacionfm.cl\/index.php?rest_route=\/wp\/v2\/posts\/41660\/revisions"}],"predecessor-version":[{"id":41662,"href":"https:\/\/radiorevelacionfm.cl\/index.php?rest_route=\/wp\/v2\/posts\/41660\/revisions\/41662"}],"wp:featuredmedia":[{"embeddable":true,"href":"https:\/\/radiorevelacionfm.cl\/index.php?rest_route=\/wp\/v2\/media\/41661"}],"wp:attachment":[{"href":"https:\/\/radiorevelacionfm.cl\/index.php?rest_route=%2Fwp%2Fv2%2Fmedia&parent=41660"}],"wp:term":[{"taxonomy":"category","embeddable":true,"href":"https:\/\/radiorevelacionfm.cl\/index.php?rest_route=%2Fwp%2Fv2%2Fcategories&post=41660"},{"taxonomy":"post_tag","embeddable":true,"href":"https:\/\/radiorevelacionfm.cl\/index.php?rest_route=%2Fwp%2Fv2%2Ftags&post=41660"}],"curies":[{"name":"wp","href":"https:\/\/api.w.org\/{rel}","templated":true}]}}