{"id":41657,"date":"2024-04-25T17:44:11","date_gmt":"2024-04-25T20:44:11","guid":{"rendered":"https:\/\/radiorevelacionfm.cl\/?p=41657"},"modified":"2024-04-25T17:44:11","modified_gmt":"2024-04-25T20:44:11","slug":"colegio-de-enfermeras-se-suma-a-campana-de-invierno-impulsada-por-seremi-de-salud-aysen","status":"publish","type":"post","link":"https:\/\/radiorevelacionfm.cl\/?p=41657","title":{"rendered":"Colegio de Enfermeras se suma a Campa\u00f1a de Invierno impulsada por Seremi de Salud Ays\u00e9n"},"content":{"rendered":"<div class=\"flex_column av_one_full  flex_column_div av-zero-column-padding first  avia-builder-el-0  el_before_av_one_full  avia-builder-el-first  \" style='border-radius:0px; '><div  class='avia-image-container  av-styling-    avia-builder-el-1  avia-builder-el-no-sibling  avia-align-center '  itemprop=\"image\" itemscope=\"itemscope\" itemtype=\"https:\/\/schema.org\/ImageObject\"  ><div class='avia-image-container-inner'><div class='avia-image-overlay-wrap'><img decoding=\"async\" class='wp-image-41675 avia-img-lazy-loading-not-41675 avia_image' src=\"https:\/\/radiorevelacionfm.cl\/wp-content\/uploads\/2024\/04\/colaboracion-en-vacunacion-1_optimized.jpeg\" alt='' title='colaboraci\u00f3n-en-vacunaci\u00f3n-(1)_optimized' height=\"600\" width=\"874\"  itemprop=\"thumbnailUrl\" srcset=\"https:\/\/radiorevelacionfm.cl\/wp-content\/uploads\/2024\/04\/colaboracion-en-vacunacion-1_optimized.jpeg 874w, https:\/\/radiorevelacionfm.cl\/wp-content\/uploads\/2024\/04\/colaboracion-en-vacunacion-1_optimized-300x206.jpeg 300w, https:\/\/radiorevelacionfm.cl\/wp-content\/uploads\/2024\/04\/colaboracion-en-vacunacion-1_optimized-768x527.jpeg 768w, https:\/\/radiorevelacionfm.cl\/wp-content\/uploads\/2024\/04\/colaboracion-en-vacunacion-1_optimized-705x484.jpeg 705w, https:\/\/radiorevelacionfm.cl\/wp-content\/uploads\/2024\/04\/colaboracion-en-vacunacion-1_optimized-450x309.jpeg 450w, https:\/\/radiorevelacionfm.cl\/wp-content\/uploads\/2024\/04\/colaboracion-en-vacunacion-1_optimized-600x412.jpeg 600w\" sizes=\"(max-width: 874px) 100vw, 874px\" \/><\/div><\/div><\/div><\/div><div class=\"flex_column av_one_full  flex_column_div av-zero-column-padding first  avia-builder-el-2  el_after_av_one_full  el_before_av_one_full  column-top-margin\" style='border-radius:0px; '><section class=\"av_textblock_section \"  itemscope=\"itemscope\" itemtype=\"https:\/\/schema.org\/BlogPosting\" itemprop=\"blogPost\" ><div class='avia_textblock  '   itemprop=\"text\" ><p style=\"text-align: center;\"><span style=\"font-size: 18pt;\"><strong>Colegio de Enfermeras se suma a Campa\u00f1a de Invierno impulsada por Seremi de Salud Ays\u00e9n<\/strong><\/span><\/p>\n<div id=\"gtx-trans\" style=\"position: absolute; left: -50px; top: 4.31534px;\">\n<div class=\"gtx-trans-icon\"><\/div>\n<\/div>\n<\/div><\/section><\/div><\/p>\n<div class=\"flex_column av_one_full  flex_column_div av-zero-column-padding first  avia-builder-el-4  el_after_av_one_full  el_before_av_hr  column-top-margin\" style='border-radius:0px; '><section class=\"av_textblock_section \"  itemscope=\"itemscope\" itemtype=\"https:\/\/schema.org\/BlogPosting\" itemprop=\"blogPost\" ><div class='avia_textblock  '   itemprop=\"text\" ><p style=\"text-align: justify;\"><em>Gracias a un acuerdo de colaboraci\u00f3n, la entidad colegiada aportar\u00e1 de forma voluntaria con profesionales que dedicar\u00e1n parte de su tiempo libre a entregar inmunizaci\u00f3n contra enfermedades como la Influenza en la ciudad de Coyhaique.<\/em><\/p>\n<p style=\"text-align: justify;\">Tras reuniones sostenidas entre directivos del Colegio de Enfermeras y la Autoridad Sanitaria, se logr\u00f3 un acuerdo para desarrollar un trabajo de voluntariado por parte de las\/los profesionales de la salud para iniciar en una primera etapa un proceso de vacunaci\u00f3n extramuro en la ciudad de Coyhaique a contar de este s\u00e1bado 27 de abril.<\/p>\n<p style=\"text-align: justify;\">La informaci\u00f3n se dio a conocer a trav\u00e9s de un punto de prensa, donde la Pdta del Colegio de Enfermeras ratific\u00f3 la disposici\u00f3n de duplas de vacunaci\u00f3n que operar\u00e1n principalmente durante los fines de semana en la capital regional, tal como lo manifest\u00f3 la Pdta. del Colegio de Enfermeras Coyhaique, Ivonne Gaete Bello.\u00a0 \u201cGracias a una invitaci\u00f3n de la Seremi de Salud, nosotros hemos convocado a enfermeras para que comencemos a apoyar la Campa\u00f1a de Invierno con un voluntariado a trav\u00e9s de los procesos de vacunaci\u00f3n. Es muy importante que los adultos mayores, ni\u00f1os y pacientes con enfermedades cr\u00f3nicas se acerquen a los puntos de vacunaci\u00f3n donde habr\u00e1 personal especializado para su inmunizaci\u00f3n\u201d.<\/p>\n<p style=\"text-align: justify;\">En esta primera instancia, se establecieron 09 duplas de vacunaci\u00f3n que en forma voluntaria, estar\u00e1n trabajando junto a la Seremi de Salud en la inmunizaci\u00f3n de poblaci\u00f3n objetivo y comunidad durante los pr\u00f3ximos meses. Un hecho que fue destacado por la Seremi Carmen Monsalve G\u00f3mez. \u201cAqu\u00ed hay que destacar la empat\u00eda y preocupaci\u00f3n del Colegio de Enfermeras que preocupadas por la salud de nuestras familias, dedicaran su tiempo libre en favor de nuestras comunidades para la inmunizaci\u00f3n de adultos mayores, ni\u00f1os y enfermos cr\u00f3nicos, adem\u00e1s de otros segmentos de la poblaci\u00f3n. Hoy m\u00e1s del 60% de adultos mayores que se hospitalizan en el Hospital Regional por cuadros graves respiratorios son por neumon\u00edas por Influenza o COVID19, y muchas veces no tienen actualizado su programa de vacunaci\u00f3n, as\u00ed es que el llamado es a que la comunidad acceda a esta protecci\u00f3n que esta disponible en todos los centros de salud p\u00fablica\u201d.<\/p>\n<p style=\"text-align: justify;\">De esta forma, durante la ma\u00f1ana de este s\u00e1bado 27 se dar\u00e1 inicio al trabajo de este voluntariado en \u00a0la <strong>Sede de la JJVV Gral. Marchant<\/strong> (calle Per\u00fa N\u00b0960) \u00a0en horarios de 10:00 a 13:00 HRS. Mientras que, en la tarde de 15:00 a 18:00 HRS, el proceso de inmunizaci\u00f3n continuar\u00e1 en <strong>el Instituto Popular Ays\u00e9n <\/strong>(calle Pdte. Ib\u00e1\u00f1ez N\u00b0212) con la Agrupaci\u00f3n de Discapacidad Sin Fronteras.<\/p>\n<\/div><\/section><\/div>\n<div  style='height:50px' class='hr hr-invisible   avia-builder-el-6  el_after_av_one_full  el_before_av_social_share '><span class='hr-inner ' ><span class='hr-inner-style'><\/span><\/span><\/div>\n<div  class='av-social-sharing-box  avia-builder-el-7  el_after_av_hr  el_before_av_hr  '><div class='av-share-box'><h5 class='av-share-link-description av-no-toc '>Compartir esta noticia<\/h5><ul class='av-share-box-list noLightbox'><li class='av-share-link av-social-link-facebook' ><a target=\"_blank\" aria-label=\"Compartir en Facebook\" href='https:\/\/www.facebook.com\/sharer.php?u=https:\/\/radiorevelacionfm.cl\/?p=41657&#038;t=Colegio%20de%20Enfermeras%20se%20suma%20a%20Campa%C3%B1a%20de%20Invierno%20impulsada%20por%20Seremi%20de%20Salud%20Ays%C3%A9n' aria-hidden='false' data-av_icon='\ue8f3' data-av_iconfont='entypo-fontello' title='' data-avia-related-tooltip='Compartir en Facebook' rel=\"noopener\"><span class='avia_hidden_link_text'>Compartir en Facebook<\/span><\/a><\/li><li class='av-share-link av-social-link-twitter' ><a target=\"_blank\" aria-label=\"Compartir en Twitter\" href='https:\/\/twitter.com\/share?text=Colegio%20de%20Enfermeras%20se%20suma%20a%20Campa%C3%B1a%20de%20Invierno%20impulsada%20por%20Seremi%20de%20Salud%20Ays%C3%A9n&#038;url=https:\/\/radiorevelacionfm.cl\/?p=41657' aria-hidden='false' data-av_icon='\ue8f1' data-av_iconfont='entypo-fontello' title='' data-avia-related-tooltip='Compartir en Twitter' rel=\"noopener\"><span class='avia_hidden_link_text'>Compartir en Twitter<\/span><\/a><\/li><li class='av-share-link av-social-link-whatsapp' ><a target=\"_blank\" aria-label=\"Compartir en Whatsapp\" href='https:\/\/api.whatsapp.com\/send?text=https:\/\/radiorevelacionfm.cl\/?p=41657' aria-hidden='false' data-av_icon='\uf232' data-av_iconfont='entypo-fontello' title='' data-avia-related-tooltip='Compartir en Whatsapp' rel=\"noopener\"><span class='avia_hidden_link_text'>Compartir en Whatsapp<\/span><\/a><\/li><li class='av-share-link av-social-link-linkedin' ><a target=\"_blank\" aria-label=\"Compartir en LinkedIn\" href='https:\/\/linkedin.com\/shareArticle?mini=true&#038;title=Colegio%20de%20Enfermeras%20se%20suma%20a%20Campa%C3%B1a%20de%20Invierno%20impulsada%20por%20Seremi%20de%20Salud%20Ays%C3%A9n&#038;url=https:\/\/radiorevelacionfm.cl\/?p=41657' aria-hidden='false' data-av_icon='\ue8fc' data-av_iconfont='entypo-fontello' title='' data-avia-related-tooltip='Compartir en LinkedIn' rel=\"noopener\"><span class='avia_hidden_link_text'>Compartir en LinkedIn<\/span><\/a><\/li><li class='av-share-link av-social-link-mail' ><a  aria-label=\"Compartir por correo\" href='mailto:?subject=Colegio%20de%20Enfermeras%20se%20suma%20a%20Campa%C3%B1a%20de%20Invierno%20impulsada%20por%20Seremi%20de%20Salud%20Ays%C3%A9n&#038;body=https:\/\/radiorevelacionfm.cl\/?p=41657' aria-hidden='false' data-av_icon='\ue805' data-av_iconfont='entypo-fontello' title='' data-avia-related-tooltip='Compartir por correo'><span class='avia_hidden_link_text'>Compartir por correo<\/span><\/a><\/li><\/ul><\/div><\/div>\n<div  style='height:50px' class='hr hr-invisible   avia-builder-el-8  el_after_av_social_share  el_before_av_comments_list '><span class='hr-inner ' ><span class='hr-inner-style'><\/span><\/span><\/div>\n<div  class='av-buildercomment  av-blog-meta-html-info-disabled av-blog-meta-tag-disabled  '><\/div>\n","protected":false},"excerpt":{"rendered":"","protected":false},"author":1,"featured_media":41675,"comment_status":"open","ping_status":"open","sticky":false,"template":"","format":"standard","meta":{"footnotes":""},"categories":[46],"tags":[],"class_list":["post-41657","post","type-post","status-publish","format-standard","has-post-thumbnail","hentry","category-salud"],"jetpack_featured_media_url":"https:\/\/radiorevelacionfm.cl\/wp-content\/uploads\/2024\/04\/colaboracion-en-vacunacion-1_optimized.jpeg","_links":{"self":[{"href":"https:\/\/radiorevelacionfm.cl\/index.php?rest_route=\/wp\/v2\/posts\/41657","targetHints":{"allow":["GET"]}}],"collection":[{"href":"https:\/\/radiorevelacionfm.cl\/index.php?rest_route=\/wp\/v2\/posts"}],"about":[{"href":"https:\/\/radiorevelacionfm.cl\/index.php?rest_route=\/wp\/v2\/types\/post"}],"author":[{"embeddable":true,"href":"https:\/\/radiorevelacionfm.cl\/index.php?rest_route=\/wp\/v2\/users\/1"}],"replies":[{"embeddable":true,"href":"https:\/\/radiorevelacionfm.cl\/index.php?rest_route=%2Fwp%2Fv2%2Fcomments&post=41657"}],"version-history":[{"count":2,"href":"https:\/\/radiorevelacionfm.cl\/index.php?rest_route=\/wp\/v2\/posts\/41657\/revisions"}],"predecessor-version":[{"id":41676,"href":"https:\/\/radiorevelacionfm.cl\/index.php?rest_route=\/wp\/v2\/posts\/41657\/revisions\/41676"}],"wp:featuredmedia":[{"embeddable":true,"href":"https:\/\/radiorevelacionfm.cl\/index.php?rest_route=\/wp\/v2\/media\/41675"}],"wp:attachment":[{"href":"https:\/\/radiorevelacionfm.cl\/index.php?rest_route=%2Fwp%2Fv2%2Fmedia&parent=41657"}],"wp:term":[{"taxonomy":"category","embeddable":true,"href":"https:\/\/radiorevelacionfm.cl\/index.php?rest_route=%2Fwp%2Fv2%2Fcategories&post=41657"},{"taxonomy":"post_tag","embeddable":true,"href":"https:\/\/radiorevelacionfm.cl\/index.php?rest_route=%2Fwp%2Fv2%2Ftags&post=41657"}],"curies":[{"name":"wp","href":"https:\/\/api.w.org\/{rel}","templated":true}]}}