{"id":41652,"date":"2024-04-25T12:49:52","date_gmt":"2024-04-25T15:49:52","guid":{"rendered":"https:\/\/radiorevelacionfm.cl\/?p=41652"},"modified":"2024-04-25T12:49:52","modified_gmt":"2024-04-25T15:49:52","slug":"entregan-positivo-balance-de-levantamiento-del-censo-2024-en-la-region-de-aysen","status":"publish","type":"post","link":"https:\/\/radiorevelacionfm.cl\/?p=41652","title":{"rendered":"Entregan positivo balance de levantamiento del Censo 2024 en la regi\u00f3n de Ays\u00e9n"},"content":{"rendered":"<div class=\"flex_column av_one_full  flex_column_div av-zero-column-padding first  avia-builder-el-0  el_before_av_one_full  avia-builder-el-first  \" style='border-radius:0px; '><div  class='avia-image-container  av-styling-    avia-builder-el-1  avia-builder-el-no-sibling  avia-align-center '  itemprop=\"image\" itemscope=\"itemscope\" itemtype=\"https:\/\/schema.org\/ImageObject\"  ><div class='avia-image-container-inner'><div class='avia-image-overlay-wrap'><img decoding=\"async\" class='wp-image-41653 avia-img-lazy-loading-not-41653 avia_image' src=\"https:\/\/radiorevelacionfm.cl\/wp-content\/uploads\/2024\/04\/IMG-20240418-WA0011-1-1.jpg\" alt='' title='IMG-20240418-WA0011 (1) (1)' height=\"600\" width=\"1067\"  itemprop=\"thumbnailUrl\" srcset=\"https:\/\/radiorevelacionfm.cl\/wp-content\/uploads\/2024\/04\/IMG-20240418-WA0011-1-1.jpg 1067w, https:\/\/radiorevelacionfm.cl\/wp-content\/uploads\/2024\/04\/IMG-20240418-WA0011-1-1-300x169.jpg 300w, https:\/\/radiorevelacionfm.cl\/wp-content\/uploads\/2024\/04\/IMG-20240418-WA0011-1-1-1030x579.jpg 1030w, https:\/\/radiorevelacionfm.cl\/wp-content\/uploads\/2024\/04\/IMG-20240418-WA0011-1-1-768x432.jpg 768w, https:\/\/radiorevelacionfm.cl\/wp-content\/uploads\/2024\/04\/IMG-20240418-WA0011-1-1-705x396.jpg 705w, https:\/\/radiorevelacionfm.cl\/wp-content\/uploads\/2024\/04\/IMG-20240418-WA0011-1-1-450x253.jpg 450w, https:\/\/radiorevelacionfm.cl\/wp-content\/uploads\/2024\/04\/IMG-20240418-WA0011-1-1-600x337.jpg 600w\" sizes=\"(max-width: 1067px) 100vw, 1067px\" \/><\/div><\/div><\/div><\/div><div class=\"flex_column av_one_full  flex_column_div av-zero-column-padding first  avia-builder-el-2  el_after_av_one_full  el_before_av_one_full  column-top-margin\" style='border-radius:0px; '><section class=\"av_textblock_section \"  itemscope=\"itemscope\" itemtype=\"https:\/\/schema.org\/BlogPosting\" itemprop=\"blogPost\" ><div class='avia_textblock  '   itemprop=\"text\" ><p style=\"text-align: center;\"><strong><span style=\"font-size: 18pt;\">Entregan positivo balance de levantamiento del Censo 2024 en la regi\u00f3n de Ays\u00e9n<\/span><\/strong><\/p>\n<div id=\"gtx-trans\" style=\"position: absolute; left: -50px; top: 4.31534px;\">\n<div class=\"gtx-trans-icon\"><\/div>\n<\/div>\n<\/div><\/section><\/div><div class=\"flex_column av_one_full  flex_column_div av-zero-column-padding first  avia-builder-el-4  el_after_av_one_full  el_before_av_hr  column-top-margin\" style='border-radius:0px; '><section class=\"av_textblock_section \"  itemscope=\"itemscope\" itemtype=\"https:\/\/schema.org\/BlogPosting\" itemprop=\"blogPost\" ><div class='avia_textblock  '   itemprop=\"text\" ><p style=\"text-align: justify;\">Con presencia de la Armada, Carabineros, Coordinaci\u00f3n Regional de Seguridad P\u00fablica, Delegados Presidenciales Provinciales, entre otros, este mi\u00e9rcoles 24 de abril, se desarroll\u00f3 la tercera reuni\u00f3n de la subcomisi\u00f3n de seguridad de Censo encabezada por el delegado presidencial regional, Rodrigo Araya, y director del Instituto Nacional de Estad\u00edsticas (INE), Danilo Pavez, \u00a0con el objetivo de revisar temas de seguridad e informar el avance territorial del levantamiento en la regi\u00f3n de Ays\u00e9n, entre otros temas.<\/p>\n<p style=\"text-align: justify;\">En la ocasi\u00f3n, el director de INE Ays\u00e9n, Danilo Pavez, se refiri\u00f3 al los resultados entregados sobre los avances del Censo de Poblaci\u00f3n y Vivienda 2024 durante las seis semanas de terreno y donde se detalla que la regi\u00f3n presenta un 56,9% de viviendas visitadas en el territorio.<\/p>\n<p style=\"text-align: justify;\">\u201cEl despliegue avanza seg\u00fan lo planificado, y estas cifras obedecen a un plan que atiende a factores clim\u00e1ticos, que prioriza abordar el territorio desde lo m\u00e1s extremo a lo m\u00e1s central. Los Censos de derecho permiten planificar de acuerdo a distintos factores,\u00a0 por ello, hemos comenzado el levantamiento en las zonas m\u00e1s aisladas\u201d. \u00a0Y a\u00f1adi\u00f3 que \u201cen las pr\u00f3ximas etapas, nuestra labor ser\u00e1 m\u00e1s intensiva en las zonas urbanas o de mayor concentraci\u00f3n de poblaci\u00f3n en la regi\u00f3n de Ays\u00e9n\u201d.<\/p>\n<p style=\"text-align: justify;\">Por su parte, el delegado Presidencial Regional, Rodrigo Araya, hace un llamado a la comunidad a abrir la puerta al Censo de Poblaci\u00f3n y Vivienda 2024.<\/p>\n<p style=\"text-align: justify;\">\u201cEstamos en pleno proceso censal, existe un despliegue territorial importante en la regi\u00f3n de Ays\u00e9n, por ello, queremos insistir en la importancia que tiene el Censo, ya que nos permite tener un registro actualizado de las personas que habitan la regi\u00f3n y, sobre todo, nos permite definir la inversi\u00f3n p\u00fablica que necesitamos a futuro en nuestro territorio\u201d, expres\u00f3 la autoridad.<\/p>\n<p style=\"text-align: justify;\">En la instancia, el director de INE Ays\u00e9n, adem\u00e1s abord\u00f3 las tem\u00e1ticas de trabajo de la subcomisi\u00f3n.<\/p>\n<p style=\"text-align: justify;\"><strong>Censo en L\u00ednea <\/strong><\/p>\n<p style=\"text-align: justify;\">El delegado Presidencial Regional, tambi\u00e9n hizo un llamado a responder el censo en l\u00ednea y explicar que para acceder se debe ir a la p\u00e1gina\u00a0<a href=\"http:\/\/censo2024.cl\/\">censo2024.cl<\/a>, secci\u00f3n Censo en L\u00ednea, donde se debe ingresar el c\u00f3digo que aparece en la carta de invitaci\u00f3n entregada a la vivienda.<\/p>\n<p style=\"text-align: justify;\">Recordar que al igual que en la entrevista presencial, se debe registrar a todos los residentes habituales de la vivienda, incluyendo desde los reci\u00e9n nacidos hasta las personas mayores. Si al ingresar el c\u00f3digo este no se encuentra activado, se sugiere volver a hacerlo despu\u00e9s de 48 horas, tiempo que podr\u00eda demorar en activarse el c\u00f3digo.<\/p>\n<p style=\"text-align: justify;\">Para mantenerse informados recordamos usar los \u00a0canales oficiales\u00a0<a href=\"http:\/\/censo2024.cl\/\">censo2024.cl<\/a>\u00a0y @censo2024 en redes sociales, y Fono Censo 1525.<\/p>\n<\/div><\/section><\/div><div  style='height:50px' class='hr hr-invisible   avia-builder-el-6  el_after_av_one_full  el_before_av_social_share '><span class='hr-inner ' ><span class='hr-inner-style'><\/span><\/span><\/div><\/p>\n<div  class='av-social-sharing-box  avia-builder-el-7  el_after_av_hr  el_before_av_hr  '><div class='av-share-box'><h5 class='av-share-link-description av-no-toc '>Compartir esta noticia<\/h5><ul class='av-share-box-list noLightbox'><li class='av-share-link av-social-link-facebook' ><a target=\"_blank\" aria-label=\"Compartir en Facebook\" href='https:\/\/www.facebook.com\/sharer.php?u=https:\/\/radiorevelacionfm.cl\/?p=41652&#038;t=Entregan%20positivo%20balance%20de%20levantamiento%20del%20Censo%202024%20en%20la%20regi%C3%B3n%20de%20Ays%C3%A9n' aria-hidden='false' data-av_icon='\ue8f3' data-av_iconfont='entypo-fontello' title='' data-avia-related-tooltip='Compartir en Facebook' rel=\"noopener\"><span class='avia_hidden_link_text'>Compartir en Facebook<\/span><\/a><\/li><li class='av-share-link av-social-link-twitter' ><a target=\"_blank\" aria-label=\"Compartir en Twitter\" href='https:\/\/twitter.com\/share?text=Entregan%20positivo%20balance%20de%20levantamiento%20del%20Censo%202024%20en%20la%20regi%C3%B3n%20de%20Ays%C3%A9n&#038;url=https:\/\/radiorevelacionfm.cl\/?p=41652' aria-hidden='false' data-av_icon='\ue8f1' data-av_iconfont='entypo-fontello' title='' data-avia-related-tooltip='Compartir en Twitter' rel=\"noopener\"><span class='avia_hidden_link_text'>Compartir en Twitter<\/span><\/a><\/li><li class='av-share-link av-social-link-whatsapp' ><a target=\"_blank\" aria-label=\"Compartir en Whatsapp\" href='https:\/\/api.whatsapp.com\/send?text=https:\/\/radiorevelacionfm.cl\/?p=41652' aria-hidden='false' data-av_icon='\uf232' data-av_iconfont='entypo-fontello' title='' data-avia-related-tooltip='Compartir en Whatsapp' rel=\"noopener\"><span class='avia_hidden_link_text'>Compartir en Whatsapp<\/span><\/a><\/li><li class='av-share-link av-social-link-linkedin' ><a target=\"_blank\" aria-label=\"Compartir en LinkedIn\" href='https:\/\/linkedin.com\/shareArticle?mini=true&#038;title=Entregan%20positivo%20balance%20de%20levantamiento%20del%20Censo%202024%20en%20la%20regi%C3%B3n%20de%20Ays%C3%A9n&#038;url=https:\/\/radiorevelacionfm.cl\/?p=41652' aria-hidden='false' data-av_icon='\ue8fc' data-av_iconfont='entypo-fontello' title='' data-avia-related-tooltip='Compartir en LinkedIn' rel=\"noopener\"><span class='avia_hidden_link_text'>Compartir en LinkedIn<\/span><\/a><\/li><li class='av-share-link av-social-link-mail' ><a  aria-label=\"Compartir por correo\" href='mailto:?subject=Entregan%20positivo%20balance%20de%20levantamiento%20del%20Censo%202024%20en%20la%20regi%C3%B3n%20de%20Ays%C3%A9n&#038;body=https:\/\/radiorevelacionfm.cl\/?p=41652' aria-hidden='false' data-av_icon='\ue805' data-av_iconfont='entypo-fontello' title='' data-avia-related-tooltip='Compartir por correo'><span class='avia_hidden_link_text'>Compartir por correo<\/span><\/a><\/li><\/ul><\/div><\/div>\n<div  style='height:50px' class='hr hr-invisible   avia-builder-el-8  el_after_av_social_share  el_before_av_comments_list '><span class='hr-inner ' ><span class='hr-inner-style'><\/span><\/span><\/div>\n<div  class='av-buildercomment  av-blog-meta-html-info-disabled av-blog-meta-tag-disabled  '><\/div>\n","protected":false},"excerpt":{"rendered":"","protected":false},"author":1,"featured_media":41653,"comment_status":"open","ping_status":"open","sticky":false,"template":"","format":"standard","meta":{"footnotes":""},"categories":[38],"tags":[],"class_list":["post-41652","post","type-post","status-publish","format-standard","has-post-thumbnail","hentry","category-regional"],"jetpack_featured_media_url":"https:\/\/radiorevelacionfm.cl\/wp-content\/uploads\/2024\/04\/IMG-20240418-WA0011-1-1.jpg","_links":{"self":[{"href":"https:\/\/radiorevelacionfm.cl\/index.php?rest_route=\/wp\/v2\/posts\/41652","targetHints":{"allow":["GET"]}}],"collection":[{"href":"https:\/\/radiorevelacionfm.cl\/index.php?rest_route=\/wp\/v2\/posts"}],"about":[{"href":"https:\/\/radiorevelacionfm.cl\/index.php?rest_route=\/wp\/v2\/types\/post"}],"author":[{"embeddable":true,"href":"https:\/\/radiorevelacionfm.cl\/index.php?rest_route=\/wp\/v2\/users\/1"}],"replies":[{"embeddable":true,"href":"https:\/\/radiorevelacionfm.cl\/index.php?rest_route=%2Fwp%2Fv2%2Fcomments&post=41652"}],"version-history":[{"count":1,"href":"https:\/\/radiorevelacionfm.cl\/index.php?rest_route=\/wp\/v2\/posts\/41652\/revisions"}],"predecessor-version":[{"id":41654,"href":"https:\/\/radiorevelacionfm.cl\/index.php?rest_route=\/wp\/v2\/posts\/41652\/revisions\/41654"}],"wp:featuredmedia":[{"embeddable":true,"href":"https:\/\/radiorevelacionfm.cl\/index.php?rest_route=\/wp\/v2\/media\/41653"}],"wp:attachment":[{"href":"https:\/\/radiorevelacionfm.cl\/index.php?rest_route=%2Fwp%2Fv2%2Fmedia&parent=41652"}],"wp:term":[{"taxonomy":"category","embeddable":true,"href":"https:\/\/radiorevelacionfm.cl\/index.php?rest_route=%2Fwp%2Fv2%2Fcategories&post=41652"},{"taxonomy":"post_tag","embeddable":true,"href":"https:\/\/radiorevelacionfm.cl\/index.php?rest_route=%2Fwp%2Fv2%2Ftags&post=41652"}],"curies":[{"name":"wp","href":"https:\/\/api.w.org\/{rel}","templated":true}]}}