{"id":41647,"date":"2024-04-25T11:21:29","date_gmt":"2024-04-25T14:21:29","guid":{"rendered":"https:\/\/radiorevelacionfm.cl\/?p=41647"},"modified":"2024-04-25T11:21:29","modified_gmt":"2024-04-25T14:21:29","slug":"juventudes-participan-en-talleres-gratuitos-de-freestyle-y-musicalizacion","status":"publish","type":"post","link":"https:\/\/radiorevelacionfm.cl\/?p=41647","title":{"rendered":"Juventudes participan en talleres gratuitos de Freestyle y Musicalizaci\u00f3n"},"content":{"rendered":"<div class=\"flex_column av_one_full  flex_column_div av-zero-column-padding first  avia-builder-el-0  el_before_av_one_full  avia-builder-el-first  \" style='border-radius:0px; '><div  class='avia-image-container  av-styling-    avia-builder-el-1  avia-builder-el-no-sibling  avia-align-center '  itemprop=\"image\" itemscope=\"itemscope\" itemtype=\"https:\/\/schema.org\/ImageObject\"  ><div class='avia-image-container-inner'><div class='avia-image-overlay-wrap'><img decoding=\"async\" class='wp-image-41648 avia-img-lazy-loading-not-41648 avia_image' src=\"https:\/\/radiorevelacionfm.cl\/wp-content\/uploads\/2024\/04\/foto-1-43-1_optimized.jpg\" alt='' title='foto-1-(43)-(1)_optimized' height=\"600\" width=\"1117\"  itemprop=\"thumbnailUrl\" srcset=\"https:\/\/radiorevelacionfm.cl\/wp-content\/uploads\/2024\/04\/foto-1-43-1_optimized.jpg 1117w, https:\/\/radiorevelacionfm.cl\/wp-content\/uploads\/2024\/04\/foto-1-43-1_optimized-300x161.jpg 300w, https:\/\/radiorevelacionfm.cl\/wp-content\/uploads\/2024\/04\/foto-1-43-1_optimized-1030x553.jpg 1030w, https:\/\/radiorevelacionfm.cl\/wp-content\/uploads\/2024\/04\/foto-1-43-1_optimized-768x413.jpg 768w, https:\/\/radiorevelacionfm.cl\/wp-content\/uploads\/2024\/04\/foto-1-43-1_optimized-705x379.jpg 705w, https:\/\/radiorevelacionfm.cl\/wp-content\/uploads\/2024\/04\/foto-1-43-1_optimized-450x242.jpg 450w, https:\/\/radiorevelacionfm.cl\/wp-content\/uploads\/2024\/04\/foto-1-43-1_optimized-600x322.jpg 600w\" sizes=\"(max-width: 1117px) 100vw, 1117px\" \/><\/div><\/div><\/div><\/div><div class=\"flex_column av_one_full  flex_column_div av-zero-column-padding first  avia-builder-el-2  el_after_av_one_full  el_before_av_one_full  column-top-margin\" style='border-radius:0px; '><section class=\"av_textblock_section \"  itemscope=\"itemscope\" itemtype=\"https:\/\/schema.org\/BlogPosting\" itemprop=\"blogPost\" ><div class='avia_textblock  '   itemprop=\"text\" ><p style=\"text-align: center;\"><strong><span style=\"font-size: 18pt;\">Juventudes participan en talleres gratuitos de Freestyle y Musicalizaci\u00f3n<\/span><\/strong><\/p>\n<div id=\"gtx-trans\" style=\"position: absolute; left: -50px; top: 4.31534px;\">\n<div class=\"gtx-trans-icon\"><\/div>\n<\/div>\n<\/div><\/section><\/div><div class=\"flex_column av_one_full  flex_column_div av-zero-column-padding first  avia-builder-el-4  el_after_av_one_full  el_before_av_hr  column-top-margin\" style='border-radius:0px; '><section class=\"av_textblock_section \"  itemscope=\"itemscope\" itemtype=\"https:\/\/schema.org\/BlogPosting\" itemprop=\"blogPost\" ><div class='avia_textblock  '   itemprop=\"text\" ><p style=\"text-align: justify;\">Con el objetivo de entregar herramientas a las juventudes de la regi\u00f3n para su crecimiento personal y art\u00edstico, fomentar la cultura urbana y generar espacios de esparcimiento y recreaci\u00f3n, en el Instituto Nacional de la Juventud se desarrollaron talleres gratuitos de freestyle y musicalizaci\u00f3n, impartidos por la organizaci\u00f3n \u201cUnder iz back\u201d.<\/p>\n<p style=\"text-align: justify;\">Los encuentros fueron liderados por el joven tallerista,\u00a0 Demian Rosas Soza (Sados), quien fue el encargado de mostrar y ense\u00f1ar a las y los asistentes, las \u00a0diferentes t\u00e9cnicas musicales existentes en este g\u00e9nero musical y c\u00f3mo desenvolverse en el escenario a la hora de una presentaci\u00f3n.<\/p>\n<p style=\"text-align: justify;\">\u201cEn los talleres que realic\u00e9 me dediqu\u00e9 a entregar herramientas para que las y los j\u00f3venes puedan manejarse mejor en el freestyle, hay personas que\u00a0 quieren aprender de batallas, creaci\u00f3n musical y tambi\u00e9n hay otros que les interesa aprender la puesta en escena, que a la hora de una presentaci\u00f3n es muy importante. El c\u00f3mo presentarse, c\u00f3mo moverse, para que se les haga m\u00e1s f\u00e1cil el desarrollo de rimas o ideas\u201d, explic\u00f3 Demian Rosas Soza.<\/p>\n<p style=\"text-align: justify;\">En la misma l\u00ednea, agreg\u00f3 que \u201cme gustar\u00eda que en la regi\u00f3n existan m\u00e1s espacios para las juventudes enfocados en esta g\u00e9nero musical, preguntamos en muchas partes, tocamos diferentes puertas para solicitar un lugar, y ahora que nos prestaron el espacio en INJUV han llegado muchos j\u00f3venes interesados en los talleres. Como tallerista me gustar\u00eda dejarle\u00a0 un mensaje a las juventudes, apoyarnos entre nosotros, ac\u00e1 pasa que la gente no cree que las cosas van a pasar, pero una cosa es no creer, y otra cosa muy distinta es hacer que otra persona no crea que puede, finalmente estamos todos en igualdad de condiciones, porque estamos lejos de todo, decirle a todos y todas que no escuchen tanto, que lo intenten, y si no les resultan las cosas c\u00f3mo quieren o sue\u00f1an, que lo intenten de nuevo y que lo sigan intentando, la satisfacci\u00f3n va m\u00e1s all\u00e1, que en eventos las personas se sepan tus temas musicales, ya es un tremendo avance, quedando demostrado el trabajo y dedicaci\u00f3n\u201d, puntualiz\u00f3 Demian Rosas Soza.<\/p>\n<p style=\"text-align: justify;\">Respecto a los talleres impartidos, el Director Regional de INJUV Ays\u00e9n, Camilo Trivi\u00f1o Urtubia, sostuvo que \u201cel aporte que realiza la expresi\u00f3n musical y art\u00edstica a nuestra salud mental es indudable. Es por esta raz\u00f3n que, en culturas como el Hip-Hop podemos encontrar que sus diversas formas de expresi\u00f3n logran tener un gran impacto en las juventudes, permitiendo canalizar de mejor forma los pensamientos y emociones que se viven. En esta ocasi\u00f3n, facilitamos nuestras dependencias para el trabajo de la organizaci\u00f3n \u201cUnder iz back\u201d y pudimos vivenciar de cerca el gran trabajo que se realiz\u00f3. Al mismo tiempo, se identifica de forma clara la necesidad de que las juventudes puedan contar con una diversificaci\u00f3n de espacios y, por sobre todo, facilidades para su pleno desarrollo.<\/p>\n<p style=\"text-align: justify;\">Alan Vidal Villegas (Buza), agradeci\u00f3 el desarrollo de los talleres y se\u00f1al\u00f3 que \u201cme pareci\u00f3 una muy buena instancia, gracias a Demian y a INJUV, siento que faltaban m\u00e1s espacios as\u00ed, pocas veces se dan las instancias para hablar m\u00e1s profundo, los talleres ayudaron bastante a reforzar cosas que sab\u00edamos y que no pod\u00edamos profundizar, las figuras literarias, recursos que pod\u00edamos ocupar, rimas sonantes y consonantes, juegos de palabras. Me gustar\u00eda que se siguieran dando este tipo de instancias, porque ayuda a la motivaci\u00f3n de personas que no se atreven o se sienten inseguras, adem\u00e1s que en INJUV asisten juventudes de diferentes edades\u201d.<\/p>\n<p style=\"text-align: justify;\">En tanto, Dante Gabil\u00e1n Barriga (Drago), indic\u00f3 que \u201cencuentro que estuvieron buenos los talleres, porque fue una junta productiva, nos ayud\u00f3 para tener un control m\u00e1s amplio sobre el freestyle, la mayor\u00eda de nosotros ya sab\u00edamos sobre este g\u00e9nero urbano, sin embargo aprendimos a tener m\u00e1s calma y control sobre nosotros al momentos de freestalear, lo importante no es rimar, lo importante es el mensaje que vamos a dar. Ojal\u00e1 que se sigan dando este tipo de espacios en la regi\u00f3n, ya que nos ayuda a salir de lo cotidiano, no es un taller cualquiera, es algo muy espec\u00edfico\u201d.<\/p>\n<\/div><\/section><\/div><div  style='height:50px' class='hr hr-invisible   avia-builder-el-6  el_after_av_one_full  el_before_av_social_share '><span class='hr-inner ' ><span class='hr-inner-style'><\/span><\/span><\/div><\/p>\n<div  class='av-social-sharing-box  avia-builder-el-7  el_after_av_hr  el_before_av_hr  '><div class='av-share-box'><h5 class='av-share-link-description av-no-toc '>Compartir esta noticia<\/h5><ul class='av-share-box-list noLightbox'><li class='av-share-link av-social-link-facebook' ><a target=\"_blank\" aria-label=\"Compartir en Facebook\" href='https:\/\/www.facebook.com\/sharer.php?u=https:\/\/radiorevelacionfm.cl\/?p=41647&#038;t=Juventudes%20participan%20en%20talleres%20gratuitos%20de%20Freestyle%20y%20Musicalizaci%C3%B3n' aria-hidden='false' data-av_icon='\ue8f3' data-av_iconfont='entypo-fontello' title='' data-avia-related-tooltip='Compartir en Facebook' rel=\"noopener\"><span class='avia_hidden_link_text'>Compartir en Facebook<\/span><\/a><\/li><li class='av-share-link av-social-link-twitter' ><a target=\"_blank\" aria-label=\"Compartir en Twitter\" href='https:\/\/twitter.com\/share?text=Juventudes%20participan%20en%20talleres%20gratuitos%20de%20Freestyle%20y%20Musicalizaci%C3%B3n&#038;url=https:\/\/radiorevelacionfm.cl\/?p=41647' aria-hidden='false' data-av_icon='\ue8f1' data-av_iconfont='entypo-fontello' title='' data-avia-related-tooltip='Compartir en Twitter' rel=\"noopener\"><span class='avia_hidden_link_text'>Compartir en Twitter<\/span><\/a><\/li><li class='av-share-link av-social-link-whatsapp' ><a target=\"_blank\" aria-label=\"Compartir en Whatsapp\" href='https:\/\/api.whatsapp.com\/send?text=https:\/\/radiorevelacionfm.cl\/?p=41647' aria-hidden='false' data-av_icon='\uf232' data-av_iconfont='entypo-fontello' title='' data-avia-related-tooltip='Compartir en Whatsapp' rel=\"noopener\"><span class='avia_hidden_link_text'>Compartir en Whatsapp<\/span><\/a><\/li><li class='av-share-link av-social-link-linkedin' ><a target=\"_blank\" aria-label=\"Compartir en LinkedIn\" href='https:\/\/linkedin.com\/shareArticle?mini=true&#038;title=Juventudes%20participan%20en%20talleres%20gratuitos%20de%20Freestyle%20y%20Musicalizaci%C3%B3n&#038;url=https:\/\/radiorevelacionfm.cl\/?p=41647' aria-hidden='false' data-av_icon='\ue8fc' data-av_iconfont='entypo-fontello' title='' data-avia-related-tooltip='Compartir en LinkedIn' rel=\"noopener\"><span class='avia_hidden_link_text'>Compartir en LinkedIn<\/span><\/a><\/li><li class='av-share-link av-social-link-mail' ><a  aria-label=\"Compartir por correo\" href='mailto:?subject=Juventudes%20participan%20en%20talleres%20gratuitos%20de%20Freestyle%20y%20Musicalizaci%C3%B3n&#038;body=https:\/\/radiorevelacionfm.cl\/?p=41647' aria-hidden='false' data-av_icon='\ue805' data-av_iconfont='entypo-fontello' title='' data-avia-related-tooltip='Compartir por correo'><span class='avia_hidden_link_text'>Compartir por correo<\/span><\/a><\/li><\/ul><\/div><\/div>\n<div  style='height:50px' class='hr hr-invisible   avia-builder-el-8  el_after_av_social_share  el_before_av_comments_list '><span class='hr-inner ' ><span class='hr-inner-style'><\/span><\/span><\/div>\n<div  class='av-buildercomment  av-blog-meta-html-info-disabled av-blog-meta-tag-disabled  '><\/div>\n","protected":false},"excerpt":{"rendered":"","protected":false},"author":1,"featured_media":41648,"comment_status":"open","ping_status":"open","sticky":false,"template":"","format":"standard","meta":{"footnotes":""},"categories":[38],"tags":[],"class_list":["post-41647","post","type-post","status-publish","format-standard","has-post-thumbnail","hentry","category-regional"],"jetpack_featured_media_url":"https:\/\/radiorevelacionfm.cl\/wp-content\/uploads\/2024\/04\/foto-1-43-1_optimized.jpg","_links":{"self":[{"href":"https:\/\/radiorevelacionfm.cl\/index.php?rest_route=\/wp\/v2\/posts\/41647","targetHints":{"allow":["GET"]}}],"collection":[{"href":"https:\/\/radiorevelacionfm.cl\/index.php?rest_route=\/wp\/v2\/posts"}],"about":[{"href":"https:\/\/radiorevelacionfm.cl\/index.php?rest_route=\/wp\/v2\/types\/post"}],"author":[{"embeddable":true,"href":"https:\/\/radiorevelacionfm.cl\/index.php?rest_route=\/wp\/v2\/users\/1"}],"replies":[{"embeddable":true,"href":"https:\/\/radiorevelacionfm.cl\/index.php?rest_route=%2Fwp%2Fv2%2Fcomments&post=41647"}],"version-history":[{"count":1,"href":"https:\/\/radiorevelacionfm.cl\/index.php?rest_route=\/wp\/v2\/posts\/41647\/revisions"}],"predecessor-version":[{"id":41649,"href":"https:\/\/radiorevelacionfm.cl\/index.php?rest_route=\/wp\/v2\/posts\/41647\/revisions\/41649"}],"wp:featuredmedia":[{"embeddable":true,"href":"https:\/\/radiorevelacionfm.cl\/index.php?rest_route=\/wp\/v2\/media\/41648"}],"wp:attachment":[{"href":"https:\/\/radiorevelacionfm.cl\/index.php?rest_route=%2Fwp%2Fv2%2Fmedia&parent=41647"}],"wp:term":[{"taxonomy":"category","embeddable":true,"href":"https:\/\/radiorevelacionfm.cl\/index.php?rest_route=%2Fwp%2Fv2%2Fcategories&post=41647"},{"taxonomy":"post_tag","embeddable":true,"href":"https:\/\/radiorevelacionfm.cl\/index.php?rest_route=%2Fwp%2Fv2%2Ftags&post=41647"}],"curies":[{"name":"wp","href":"https:\/\/api.w.org\/{rel}","templated":true}]}}