{"id":4164,"date":"2021-05-14T10:35:56","date_gmt":"2021-05-14T13:35:56","guid":{"rendered":"https:\/\/radiorevelacionfm.cl\/?p=4164"},"modified":"2021-05-14T10:35:56","modified_gmt":"2021-05-14T13:35:56","slug":"descentralizacion-este-fin-de-semana-se-votara-por-primera-vez-por-gobernadores-regionales","status":"publish","type":"post","link":"https:\/\/radiorevelacionfm.cl\/?p=4164","title":{"rendered":"Descentralizaci\u00f3n: Este fin de semana se votar\u00e1 por primera vez por gobernadores regionales"},"content":{"rendered":"<div class=\"flex_column av_one_full  flex_column_div av-zero-column-padding first  avia-builder-el-0  el_before_av_one_full  avia-builder-el-first  \" style='border-radius:0px; '><div  class='avia-image-container  av-styling-    avia-builder-el-1  avia-builder-el-no-sibling  avia-align-center '  itemprop=\"image\" itemscope=\"itemscope\" itemtype=\"https:\/\/schema.org\/ImageObject\"  ><div class='avia-image-container-inner'><div class='avia-image-overlay-wrap'><img decoding=\"async\" class='wp-image-4165 avia-img-lazy-loading-not-4165 avia_image' src=\"https:\/\/radiorevelacionfm.cl\/wp-content\/uploads\/2021\/05\/Votaciones-9-1-1.jpg\" alt='' title='Votaciones (9) (1) (1)' height=\"600\" width=\"899\"  itemprop=\"thumbnailUrl\" srcset=\"https:\/\/radiorevelacionfm.cl\/wp-content\/uploads\/2021\/05\/Votaciones-9-1-1.jpg 899w, https:\/\/radiorevelacionfm.cl\/wp-content\/uploads\/2021\/05\/Votaciones-9-1-1-300x200.jpg 300w, https:\/\/radiorevelacionfm.cl\/wp-content\/uploads\/2021\/05\/Votaciones-9-1-1-768x513.jpg 768w, https:\/\/radiorevelacionfm.cl\/wp-content\/uploads\/2021\/05\/Votaciones-9-1-1-705x471.jpg 705w, https:\/\/radiorevelacionfm.cl\/wp-content\/uploads\/2021\/05\/Votaciones-9-1-1-600x400.jpg 600w\" sizes=\"(max-width: 899px) 100vw, 899px\" \/><\/div><\/div><\/div><\/div><div class=\"flex_column av_one_full  flex_column_div av-zero-column-padding first  avia-builder-el-2  el_after_av_one_full  el_before_av_one_full  column-top-margin\" style='border-radius:0px; '><section class=\"av_textblock_section \"  itemscope=\"itemscope\" itemtype=\"https:\/\/schema.org\/BlogPosting\" itemprop=\"blogPost\" ><div class='avia_textblock  '   itemprop=\"text\" ><p style=\"text-align: center;\"><strong><span style=\"font-size: 18pt;\">Descentralizaci\u00f3n: Este fin de semana se votar\u00e1 por primera vez por gobernadores regionales<\/span><\/strong><\/p>\n<div id=\"gtx-trans\" style=\"position: absolute; left: -50px; top: 4.31534px;\">\n<div class=\"gtx-trans-icon\"><\/div>\n<\/div>\n<\/div><\/section><\/div><div class=\"flex_column av_one_full  flex_column_div av-zero-column-padding first  avia-builder-el-4  el_after_av_one_full  el_before_av_hr  column-top-margin\" style='border-radius:0px; '><section class=\"av_textblock_section \"  itemscope=\"itemscope\" itemtype=\"https:\/\/schema.org\/BlogPosting\" itemprop=\"blogPost\" ><div class='avia_textblock  '   itemprop=\"text\" ><p style=\"font-weight: 400; text-align: justify;\">El pr\u00f3ximo 15 y 16 de mayo, nuestro pa\u00eds vivir\u00e1 una <a href=\"https:\/\/nt.embluemail.com\/p\/cl?data=z%2B5X%2FeBcCAqcSqAMW5HIZ7nMXLew4ewqyw0RcoJ2zWvWeQRIMD6RQ9PsFO1vyOTgRyLXslriDVq%2F7f8wE9mmBhYkdLQnZN4Y4CgIABGsVMg%3D!-!aj3!-!https%3A%2F%2Fwww.gob.cl%2Fnoticias%2Fpreguntas-frecuentes-elecciones-2021-todo-lo-que-necesitas-saber-sobre-el-proceso-electoral-de-este-15-y-16-de-mayo%2F%3Futm_source=emBlue%26utm_medium=email%26utm_campaign=Nota+de+Prensa%26utm_content=Comunicado+Subdere--Descentralizaci%C3%B3n%3A+este+fin+de+semana+se+votar%C3%A1+por+primera+vez+por+gobernadores+regionales%26utm_term=multiple--7--none--70-80--ENVIO+SIMPLE\" data-saferedirecturl=\"https:\/\/www.google.com\/url?q=https:\/\/nt.embluemail.com\/p\/cl?data%3Dz%252B5X%252FeBcCAqcSqAMW5HIZ7nMXLew4ewqyw0RcoJ2zWvWeQRIMD6RQ9PsFO1vyOTgRyLXslriDVq%252F7f8wE9mmBhYkdLQnZN4Y4CgIABGsVMg%253D!-!aj3!-!https%253A%252F%252Fwww.gob.cl%252Fnoticias%252Fpreguntas-frecuentes-elecciones-2021-todo-lo-que-necesitas-saber-sobre-el-proceso-electoral-de-este-15-y-16-de-mayo%252F%253Futm_source%3DemBlue%2526utm_medium%3Demail%2526utm_campaign%3DNota%2Bde%2BPrensa%2526utm_content%3DComunicado%2BSubdere--Descentralizaci%25C3%25B3n%253A%2Beste%2Bfin%2Bde%2Bsemana%2Bse%2Bvotar%25C3%25A1%2Bpor%2Bprimera%2Bvez%2Bpor%2Bgobernadores%2Bregionales%2526utm_term%3Dmultiple--7--none--70-80--ENVIO%2BSIMPLE&amp;source=gmail&amp;ust=1621026096250000&amp;usg=AFQjCNHMuLqFPSYeXKcJsSnmPDbxSVqbhg\">megaelecci\u00f3n<\/a>. En dos d\u00edas, los chilenos escoger\u00e1n en las urnas a sus futuras autoridades locales, regionales y a los miembros de la Convenci\u00f3n Constituyente. En ese contexto, una de las cuatro papeletas entregadas tendr\u00e1 los nombres de los futuros\u00a0<a href=\"https:\/\/nt.embluemail.com\/p\/cl?data=c7dHJ1h98LLGZbDyjIHZtCXtAOXfsgCUtI4nN9RJf7y5QspodeORCGdwbgnrNKx7E38vaAAu6qzf85Zv3LIUXsNtQJv2h5zpKKrtx1QJG4A%3D!-!aj3!-!https%3A%2F%2Fwww.descentralizachile.cl%2Felecciones-2021%2F%3Futm_source=emBlue%26utm_medium=email%26utm_campaign=Nota+de+Prensa%26utm_content=Comunicado+Subdere--Descentralizaci%C3%B3n%3A+este+fin+de+semana+se+votar%C3%A1+por+primera+vez+por+gobernadores+regionales%26utm_term=multiple--7--none--70-80--ENVIO+SIMPLE\" data-saferedirecturl=\"https:\/\/www.google.com\/url?q=https:\/\/nt.embluemail.com\/p\/cl?data%3Dc7dHJ1h98LLGZbDyjIHZtCXtAOXfsgCUtI4nN9RJf7y5QspodeORCGdwbgnrNKx7E38vaAAu6qzf85Zv3LIUXsNtQJv2h5zpKKrtx1QJG4A%253D!-!aj3!-!https%253A%252F%252Fwww.descentralizachile.cl%252Felecciones-2021%252F%253Futm_source%3DemBlue%2526utm_medium%3Demail%2526utm_campaign%3DNota%2Bde%2BPrensa%2526utm_content%3DComunicado%2BSubdere--Descentralizaci%25C3%25B3n%253A%2Beste%2Bfin%2Bde%2Bsemana%2Bse%2Bvotar%25C3%25A1%2Bpor%2Bprimera%2Bvez%2Bpor%2Bgobernadores%2Bregionales%2526utm_term%3Dmultiple--7--none--70-80--ENVIO%2BSIMPLE&amp;source=gmail&amp;ust=1621026096250000&amp;usg=AFQjCNHw7bHw4CsMRG5xky7p3dxw7SpSCw\">gobernadores regionales<\/a>, materializando as\u00ed el principal hito del\u00a0<a href=\"https:\/\/nt.embluemail.com\/p\/cl?data=%2BGb1KOiHBVdOTWHPNI1GEu7TDbNLiRbQMfKqKOEdTJBHj93lKAfYmOLP88Rh%2BpAgjC5HHG6WYWuJuXAyMoYL1lfBO7i40ydhHTlbkdNbwxU%3D!-!aj3!-!https%3A%2F%2Fwww.descentralizachile.cl%2F%3Futm_source=emBlue%26utm_medium=email%26utm_campaign=Nota+de+Prensa%26utm_content=Comunicado+Subdere--Descentralizaci%C3%B3n%3A+este+fin+de+semana+se+votar%C3%A1+por+primera+vez+por+gobernadores+regionales%26utm_term=multiple--7--none--70-80--ENVIO+SIMPLE\" data-saferedirecturl=\"https:\/\/www.google.com\/url?q=https:\/\/nt.embluemail.com\/p\/cl?data%3D%252BGb1KOiHBVdOTWHPNI1GEu7TDbNLiRbQMfKqKOEdTJBHj93lKAfYmOLP88Rh%252BpAgjC5HHG6WYWuJuXAyMoYL1lfBO7i40ydhHTlbkdNbwxU%253D!-!aj3!-!https%253A%252F%252Fwww.descentralizachile.cl%252F%253Futm_source%3DemBlue%2526utm_medium%3Demail%2526utm_campaign%3DNota%2Bde%2BPrensa%2526utm_content%3DComunicado%2BSubdere--Descentralizaci%25C3%25B3n%253A%2Beste%2Bfin%2Bde%2Bsemana%2Bse%2Bvotar%25C3%25A1%2Bpor%2Bprimera%2Bvez%2Bpor%2Bgobernadores%2Bregionales%2526utm_term%3Dmultiple--7--none--70-80--ENVIO%2BSIMPLE&amp;source=gmail&amp;ust=1621026096250000&amp;usg=AFQjCNEU9YSLSY44MpHX_0Yt2IS20PgDWA\">proceso de descentralizaci\u00f3n<\/a>.<\/p>\n<p style=\"font-weight: 400; text-align: justify;\"><strong>El rol de las nuevas autoridades regionales<\/strong><\/p>\n<p style=\"font-weight: 400; text-align: justify;\">Por primera vez en la historia de Chile, la ciudadan\u00eda podr\u00e1 escoger a la m\u00e1xima autoridad regional. Una vez que ellos asuman el 14 de julio, la figura del intendente desaparecer\u00e1.<\/p>\n<p style=\"font-weight: 400; text-align: justify;\">Los <a href=\"https:\/\/nt.embluemail.com\/p\/cl?data=OdxSifruIidK6QFeXvdvQrsckztBLOt7s14jqCWhQMsypiaovn2QFhKWxHWF4gzRulL2lx8puNWreWXDErZLIZfPnIGlImgrnK7mviBZzf8%3D!-!aj3!-!https%3A%2F%2Fwww.descentralizachile.cl%2Fgobernador-regional%2F%3Futm_source=emBlue%26utm_medium=email%26utm_campaign=Nota+de+Prensa%26utm_content=Comunicado+Subdere--Descentralizaci%C3%B3n%3A+este+fin+de+semana+se+votar%C3%A1+por+primera+vez+por+gobernadores+regionales%26utm_term=multiple--7--none--70-80--ENVIO+SIMPLE\" data-saferedirecturl=\"https:\/\/www.google.com\/url?q=https:\/\/nt.embluemail.com\/p\/cl?data%3DOdxSifruIidK6QFeXvdvQrsckztBLOt7s14jqCWhQMsypiaovn2QFhKWxHWF4gzRulL2lx8puNWreWXDErZLIZfPnIGlImgrnK7mviBZzf8%253D!-!aj3!-!https%253A%252F%252Fwww.descentralizachile.cl%252Fgobernador-regional%252F%253Futm_source%3DemBlue%2526utm_medium%3Demail%2526utm_campaign%3DNota%2Bde%2BPrensa%2526utm_content%3DComunicado%2BSubdere--Descentralizaci%25C3%25B3n%253A%2Beste%2Bfin%2Bde%2Bsemana%2Bse%2Bvotar%25C3%25A1%2Bpor%2Bprimera%2Bvez%2Bpor%2Bgobernadores%2Bregionales%2526utm_term%3Dmultiple--7--none--70-80--ENVIO%2BSIMPLE&amp;source=gmail&amp;ust=1621026096250000&amp;usg=AFQjCNFYphIh8e--XM2LVT0VH8Iwc21Lzw\">gobernadores regionales<\/a>\u00a0asumir\u00e1n las tareas de administraci\u00f3n y planificaci\u00f3n del territorio; la generaci\u00f3n de pol\u00edticas p\u00fablicas para impulsar el desarrollo econ\u00f3mico, social y cultural de la regi\u00f3n, adem\u00e1s de aquellas funciones relacionadas con la inversi\u00f3n regional.<\/p>\n<p style=\"font-weight: 400; text-align: justify;\">Las tareas de seguridad, asociadas a velar por la tranquilidad, el orden p\u00fablico y el resguardo de las personas, que actualmente est\u00e1n radicadas en el intendente, recaer\u00e1n en la figura del <a href=\"https:\/\/nt.embluemail.com\/p\/cl?data=K20r99gpie8rEWuJknBP0doQHMnlGse7yKmSDUbEUwCcOydEAab%2FNBt4H%2FqNcxAZKBZpQdLe62WLlmsOfiybgX9Fo2Y4UL4eKJoPcQ%2Fw5Mo%3D!-!aj3!-!https%3A%2F%2Fwww.descentralizachile.cl%2Fdelegados-presidenciales%2F%3Futm_source=emBlue%26utm_medium=email%26utm_campaign=Nota+de+Prensa%26utm_content=Comunicado+Subdere--Descentralizaci%C3%B3n%3A+este+fin+de+semana+se+votar%C3%A1+por+primera+vez+por+gobernadores+regionales%26utm_term=multiple--7--none--70-80--ENVIO+SIMPLE\" data-saferedirecturl=\"https:\/\/www.google.com\/url?q=https:\/\/nt.embluemail.com\/p\/cl?data%3DK20r99gpie8rEWuJknBP0doQHMnlGse7yKmSDUbEUwCcOydEAab%252FNBt4H%252FqNcxAZKBZpQdLe62WLlmsOfiybgX9Fo2Y4UL4eKJoPcQ%252Fw5Mo%253D!-!aj3!-!https%253A%252F%252Fwww.descentralizachile.cl%252Fdelegados-presidenciales%252F%253Futm_source%3DemBlue%2526utm_medium%3Demail%2526utm_campaign%3DNota%2Bde%2BPrensa%2526utm_content%3DComunicado%2BSubdere--Descentralizaci%25C3%25B3n%253A%2Beste%2Bfin%2Bde%2Bsemana%2Bse%2Bvotar%25C3%25A1%2Bpor%2Bprimera%2Bvez%2Bpor%2Bgobernadores%2Bregionales%2526utm_term%3Dmultiple--7--none--70-80--ENVIO%2BSIMPLE&amp;source=gmail&amp;ust=1621026096250000&amp;usg=AFQjCNE5xwpez5H82nccx8dtKWqo_sXtog\">delegado presidencial regional<\/a>. Este tambi\u00e9n ser\u00e1 el encargado de aplicar el auxilio de la fuerza p\u00fablica, adem\u00e1s de adoptar medidas para enfrentar y mitigar los efectos de las cat\u00e1strofes.<\/p>\n<p style=\"font-weight: 400; text-align: justify;\">Tal como en la actualidad, el gobernador deber\u00e1 trabajar de la mano de su respectivo consejo regional, para asegurar un desarrollo equilibrado de los territorios, evitando replicar los centralismos a nivel regional y dejar atr\u00e1s a alguna de sus comunas. Para lograr este objetivo, la m\u00e1xima autoridad regional deber\u00e1 conocer acabadamente las necesidades de la poblaci\u00f3n.<\/p>\n<p style=\"font-weight: 400; text-align: justify;\">Para resultar electos, los gobernadores regionales deber\u00e1n obtener, en primera vuelta, al menos el 40% de los votos. De lo contrario, las dos primeras mayor\u00edas, pasar\u00e1n a segunda vuelta el pr\u00f3ximo 13 de junio. En ese contexto, la subsecretaria de Desarrollo Regional y Administrativo, Mar\u00eda Paz Troncoso, llam\u00f3 a la ciudadan\u00eda a participar de este hist\u00f3rico proceso: \u201cLa elecci\u00f3n de gobernadores regionales es uno de los principales hitos de la descentralizaci\u00f3n. En ellos recaer\u00e1 la responsabilidad y desaf\u00edo de impulsar el desarrollo de sus regiones en favor de toda la poblaci\u00f3n. De su liderazgo y capacidad de di\u00e1logo, depender\u00e1 el \u00e9xito de esta reforma\u201d.<\/p>\n<p style=\"font-weight: 400; text-align: justify;\"><strong>Traspaso de competencias<\/strong><\/p>\n<p style=\"font-weight: 400; text-align: justify;\">Adem\u00e1s de las atribuciones mencionadas, los gobiernos regionales podr\u00e1n solicitar el <a href=\"https:\/\/nt.embluemail.com\/p\/cl?data=nYR1rfeaMaiA1gIhWclRkUzYOFexwJExHM6ydOOYEjPOPRHU1UXzFAnNN%2F7Y%2FQ9gWAV7jiAwtRqYvytIyY%2FlhaUp9bY456TYJ%2BB0%2FexzXJ4%3D!-!aj3!-!https%3A%2F%2Fwww.descentralizachile.cl%2Ftransferencia-de-competencias%2F%3Futm_source=emBlue%26utm_medium=email%26utm_campaign=Nota+de+Prensa%26utm_content=Comunicado+Subdere--Descentralizaci%C3%B3n%3A+este+fin+de+semana+se+votar%C3%A1+por+primera+vez+por+gobernadores+regionales%26utm_term=multiple--7--none--70-80--ENVIO+SIMPLE\" data-saferedirecturl=\"https:\/\/www.google.com\/url?q=https:\/\/nt.embluemail.com\/p\/cl?data%3DnYR1rfeaMaiA1gIhWclRkUzYOFexwJExHM6ydOOYEjPOPRHU1UXzFAnNN%252F7Y%252FQ9gWAV7jiAwtRqYvytIyY%252FlhaUp9bY456TYJ%252BB0%252FexzXJ4%253D!-!aj3!-!https%253A%252F%252Fwww.descentralizachile.cl%252Ftransferencia-de-competencias%252F%253Futm_source%3DemBlue%2526utm_medium%3Demail%2526utm_campaign%3DNota%2Bde%2BPrensa%2526utm_content%3DComunicado%2BSubdere--Descentralizaci%25C3%25B3n%253A%2Beste%2Bfin%2Bde%2Bsemana%2Bse%2Bvotar%25C3%25A1%2Bpor%2Bprimera%2Bvez%2Bpor%2Bgobernadores%2Bregionales%2526utm_term%3Dmultiple--7--none--70-80--ENVIO%2BSIMPLE&amp;source=gmail&amp;ust=1621026096250000&amp;usg=AFQjCNFTIlfh2eWHn1lslG2tWYtDAGIo2Q\">traspaso de competencias<\/a>\u00a0desde el nivel central -ministerios y servicios-, para ser ejecutadas a nivel regional, en materia de ordenamiento territorial, fomento productivo y desarrollo social y cultural. Esto lo podr\u00e1n hacer durante los dos primeros a\u00f1os de cada nuevo gobierno, vale decir a partir del 11 de marzo de 2022.<\/p>\n<p style=\"font-weight: 400; text-align: justify;\">A las funciones que les mandata la ley, se sumar\u00e1n otras 15 competencias identificadas por el Presidente de la Rep\u00fablica, que ser\u00e1n transferidas desde los ministerios de Vivienda y Urbanismo; Transportes y Telecomunicaciones; Econom\u00eda y Desarrollo Social.<\/p>\n<p style=\"font-weight: 400; text-align: justify;\">\u201cJunto con las funciones ya traspasadas, en virtud de su realidad regional, los gobernadores y gobernadoras podr\u00e1n requerir nuevas competencias, que aseguren una mejor calidad y oportunidad en la toma de decisiones. Nos interesa que sean las propias regiones quienes discutan y decidan qu\u00e9 funciones necesitan asumir directamente\u201d, dijo la subsecretaria.<\/p>\n<p style=\"font-weight: 400; text-align: justify;\"><strong>Las primeras competencias, identificadas por el Ejecutivo son:<\/strong><\/p>\n<ol style=\"text-align: justify;\">\n<li style=\"font-weight: 400;\">Elaborar el anteproyecto de plan regulador intercomunal o metropolitano, y sus modificaciones.<\/li>\n<li style=\"font-weight: 400;\">Elaborar los planos de detalle de los espacios declarados de utilidad p\u00fablica en los planes reguladores intercomunales.<\/li>\n<li style=\"font-weight: 400;\">Calificar las \u00e1reas sujetas a planificaci\u00f3n urbana intercomunal.<\/li>\n<li style=\"font-weight: 400;\">Designar comisiones asesoras de los estudios de planificaci\u00f3n urbana intercomunal y coordinar su realizaci\u00f3n.<\/li>\n<li style=\"font-weight: 400;\">Cautelar que las subdivisiones y construcciones en terrenos rurales, con fines ajenos a la agricultura, no originen n\u00facleos urbanos al margen de la planificaci\u00f3n urbana intercomunal.<\/li>\n<li style=\"font-weight: 400;\">Determinar y priorizar los proyectos de subsidio al transporte p\u00fablico remunerado en zonas aisladas, subsidio al transporte escolar y subsidio orientado a la promoci\u00f3n y fortalecimiento del transporte p\u00fablico en las zonas rurales del pa\u00eds correspondientes al Programa de Apoyo al Transporte Regional.<\/li>\n<li style=\"font-weight: 400;\">Prohibir la circulaci\u00f3n de veh\u00edculos por determinadas v\u00edas p\u00fablicas.<\/li>\n<li style=\"font-weight: 400;\">Fijar las concesiones de plantas de revisiones t\u00e9cnicas y su ubicaci\u00f3n.<\/li>\n<li style=\"font-weight: 400;\">Coordinar la acci\u00f3n de las diversas autoridades en materia de tr\u00e1nsito.<\/li>\n<li style=\"font-weight: 400;\">Requerir a las municipalidades, que informen sobre las necesidades de telecomunicaciones que les afecten.<\/li>\n<li style=\"font-weight: 400;\">Asignar las concesiones de radiodifusi\u00f3n comunitaria ciudadana.<\/li>\n<li style=\"font-weight: 400;\">Recibir y tramitar las modificaciones de las concesiones de radiodifusi\u00f3n comunitaria ciudadana.<\/li>\n<li style=\"font-weight: 400;\">Focalizar la aplicaci\u00f3n de iniciativas de Sercotec como: Capital Semilla Emprende, Capital Abeja Emprende, Crece Fondo de Desarrollo de Negocios, Almacenes de Chile, Mejora Negocios Fondo de Asesor\u00edas Empresariales; Promoci\u00f3n y canales de Comercializaci\u00f3n; Redes de Oportunidades de Negocios y Juntos Fondo para Negocios Asociativos.<\/li>\n<li style=\"font-weight: 400;\">Focalizar la aplicaci\u00f3n tem\u00e1tica y territorial de tres programas de Corfo (Fomento a la Calidad Focal, Programas Territoriales Integrados PTI y Bienes P\u00fablicos Regionales.<\/li>\n<li style=\"font-weight: 400;\">Focalizar los programas del Fosis \u201cYo Emprendo\u201d y \u201cAcci\u00f3n\u201d, o de aquellos que los sucedan.<\/li>\n<\/ol>\n<p>Todos los detalles respecto a los roles del gobernador regional, del delegado presidencial, el fortalecimiento de los gobiernos regionales y el proceso de descentralizaci\u00f3n en general, se encuentran en <a href=\"https:\/\/nt.embluemail.com\/p\/cl?data=8qsnOnMJbOkSFTpByvy1Zn5S%2Bxjrc4hRQWJQ92qTibuk4%2FnRU0lsVHHwGqTHz6Wl26EPR0M56RUCNSAVuy%2FS6iJ2FMmHTLoyZgR1xUmyL70%3D!-!aj3!-!http%3A%2F%2Fwww.descentralizachile.cl%2F%3Futm_source=emBlue%26utm_medium=email%26utm_campaign=Nota+de+Prensa%26utm_content=Comunicado+Subdere--Descentralizaci%C3%B3n%3A+este+fin+de+semana+se+votar%C3%A1+por+primera+vez+por+gobernadores+regionales%26utm_term=multiple--7--none--70-80--ENVIO+SIMPLE\" data-saferedirecturl=\"https:\/\/www.google.com\/url?q=https:\/\/nt.embluemail.com\/p\/cl?data%3D8qsnOnMJbOkSFTpByvy1Zn5S%252Bxjrc4hRQWJQ92qTibuk4%252FnRU0lsVHHwGqTHz6Wl26EPR0M56RUCNSAVuy%252FS6iJ2FMmHTLoyZgR1xUmyL70%253D!-!aj3!-!http%253A%252F%252Fwww.descentralizachile.cl%252F%253Futm_source%3DemBlue%2526utm_medium%3Demail%2526utm_campaign%3DNota%2Bde%2BPrensa%2526utm_content%3DComunicado%2BSubdere--Descentralizaci%25C3%25B3n%253A%2Beste%2Bfin%2Bde%2Bsemana%2Bse%2Bvotar%25C3%25A1%2Bpor%2Bprimera%2Bvez%2Bpor%2Bgobernadores%2Bregionales%2526utm_term%3Dmultiple--7--none--70-80--ENVIO%2BSIMPLE&amp;source=gmail&amp;ust=1621026096251000&amp;usg=AFQjCNE87NEYIEUZhcgr0Wj9v97o-fVtOA\">www.descentralizachile.cl<\/a>, sitio especializado en estas tem\u00e1ticas.<\/p>\n<\/div><\/section><\/div><div  style='height:50px' class='hr hr-invisible   avia-builder-el-6  el_after_av_one_full  el_before_av_social_share '><span class='hr-inner ' ><span class='hr-inner-style'><\/span><\/span><\/div><\/p>\n<div  class='av-social-sharing-box  avia-builder-el-7  el_after_av_hr  el_before_av_hr  '><div class='av-share-box'><h5 class='av-share-link-description av-no-toc '>Compartir esta noticia<\/h5><ul class='av-share-box-list noLightbox'><li class='av-share-link av-social-link-facebook' ><a target=\"_blank\" aria-label=\"Compartir en Facebook\" href='https:\/\/www.facebook.com\/sharer.php?u=https:\/\/radiorevelacionfm.cl\/?p=4164&#038;t=Descentralizaci%C3%B3n%3A%20Este%20fin%20de%20semana%20se%20votar%C3%A1%20por%20primera%20vez%20por%20gobernadores%20regionales' aria-hidden='false' data-av_icon='\ue8f3' data-av_iconfont='entypo-fontello' title='' data-avia-related-tooltip='Compartir en Facebook' rel=\"noopener\"><span class='avia_hidden_link_text'>Compartir en Facebook<\/span><\/a><\/li><li class='av-share-link av-social-link-twitter' ><a target=\"_blank\" aria-label=\"Compartir en Twitter\" href='https:\/\/twitter.com\/share?text=Descentralizaci%C3%B3n%3A%20Este%20fin%20de%20semana%20se%20votar%C3%A1%20por%20primera%20vez%20por%20gobernadores%20regionales&#038;url=https:\/\/radiorevelacionfm.cl\/?p=4164' aria-hidden='false' data-av_icon='\ue8f1' data-av_iconfont='entypo-fontello' title='' data-avia-related-tooltip='Compartir en Twitter' rel=\"noopener\"><span class='avia_hidden_link_text'>Compartir en Twitter<\/span><\/a><\/li><li class='av-share-link av-social-link-whatsapp' ><a target=\"_blank\" aria-label=\"Compartir en Whatsapp\" href='https:\/\/api.whatsapp.com\/send?text=https:\/\/radiorevelacionfm.cl\/?p=4164' aria-hidden='false' data-av_icon='\uf232' data-av_iconfont='entypo-fontello' title='' data-avia-related-tooltip='Compartir en Whatsapp' rel=\"noopener\"><span class='avia_hidden_link_text'>Compartir en Whatsapp<\/span><\/a><\/li><li class='av-share-link av-social-link-linkedin' ><a target=\"_blank\" aria-label=\"Compartir en LinkedIn\" href='https:\/\/linkedin.com\/shareArticle?mini=true&#038;title=Descentralizaci%C3%B3n%3A%20Este%20fin%20de%20semana%20se%20votar%C3%A1%20por%20primera%20vez%20por%20gobernadores%20regionales&#038;url=https:\/\/radiorevelacionfm.cl\/?p=4164' aria-hidden='false' data-av_icon='\ue8fc' data-av_iconfont='entypo-fontello' title='' data-avia-related-tooltip='Compartir en LinkedIn' rel=\"noopener\"><span class='avia_hidden_link_text'>Compartir en LinkedIn<\/span><\/a><\/li><li class='av-share-link av-social-link-mail' ><a  aria-label=\"Compartir por correo\" href='mailto:?subject=Descentralizaci%C3%B3n%3A%20Este%20fin%20de%20semana%20se%20votar%C3%A1%20por%20primera%20vez%20por%20gobernadores%20regionales&#038;body=https:\/\/radiorevelacionfm.cl\/?p=4164' aria-hidden='false' data-av_icon='\ue805' data-av_iconfont='entypo-fontello' title='' data-avia-related-tooltip='Compartir por correo'><span class='avia_hidden_link_text'>Compartir por correo<\/span><\/a><\/li><\/ul><\/div><\/div>\n<div  style='height:50px' class='hr hr-invisible   avia-builder-el-8  el_after_av_social_share  el_before_av_comments_list '><span class='hr-inner ' ><span class='hr-inner-style'><\/span><\/span><\/div>\n<div  class='av-buildercomment  av-blog-meta-html-info-disabled av-blog-meta-tag-disabled  '><\/div>\n","protected":false},"excerpt":{"rendered":"","protected":false},"author":1,"featured_media":4165,"comment_status":"open","ping_status":"open","sticky":false,"template":"","format":"standard","meta":{"footnotes":""},"categories":[35],"tags":[],"class_list":["post-4164","post","type-post","status-publish","format-standard","has-post-thumbnail","hentry","category-politica"],"jetpack_featured_media_url":"https:\/\/radiorevelacionfm.cl\/wp-content\/uploads\/2021\/05\/Votaciones-9-1-1.jpg","_links":{"self":[{"href":"https:\/\/radiorevelacionfm.cl\/index.php?rest_route=\/wp\/v2\/posts\/4164","targetHints":{"allow":["GET"]}}],"collection":[{"href":"https:\/\/radiorevelacionfm.cl\/index.php?rest_route=\/wp\/v2\/posts"}],"about":[{"href":"https:\/\/radiorevelacionfm.cl\/index.php?rest_route=\/wp\/v2\/types\/post"}],"author":[{"embeddable":true,"href":"https:\/\/radiorevelacionfm.cl\/index.php?rest_route=\/wp\/v2\/users\/1"}],"replies":[{"embeddable":true,"href":"https:\/\/radiorevelacionfm.cl\/index.php?rest_route=%2Fwp%2Fv2%2Fcomments&post=4164"}],"version-history":[{"count":1,"href":"https:\/\/radiorevelacionfm.cl\/index.php?rest_route=\/wp\/v2\/posts\/4164\/revisions"}],"predecessor-version":[{"id":4166,"href":"https:\/\/radiorevelacionfm.cl\/index.php?rest_route=\/wp\/v2\/posts\/4164\/revisions\/4166"}],"wp:featuredmedia":[{"embeddable":true,"href":"https:\/\/radiorevelacionfm.cl\/index.php?rest_route=\/wp\/v2\/media\/4165"}],"wp:attachment":[{"href":"https:\/\/radiorevelacionfm.cl\/index.php?rest_route=%2Fwp%2Fv2%2Fmedia&parent=4164"}],"wp:term":[{"taxonomy":"category","embeddable":true,"href":"https:\/\/radiorevelacionfm.cl\/index.php?rest_route=%2Fwp%2Fv2%2Fcategories&post=4164"},{"taxonomy":"post_tag","embeddable":true,"href":"https:\/\/radiorevelacionfm.cl\/index.php?rest_route=%2Fwp%2Fv2%2Ftags&post=4164"}],"curies":[{"name":"wp","href":"https:\/\/api.w.org\/{rel}","templated":true}]}}