{"id":41639,"date":"2024-04-25T21:01:10","date_gmt":"2024-04-26T00:01:10","guid":{"rendered":"https:\/\/radiorevelacionfm.cl\/?p=41639"},"modified":"2024-04-25T21:01:10","modified_gmt":"2024-04-26T00:01:10","slug":"realizan-plaza-de-justicia-y-ddhh-en-carcel-de-coyhaique","status":"publish","type":"post","link":"https:\/\/radiorevelacionfm.cl\/?p=41639","title":{"rendered":"Realizan Plaza de Justicia y DDHH en c\u00e1rcel de Coyhaique"},"content":{"rendered":"<div class=\"flex_column av_one_full  flex_column_div av-zero-column-padding first  avia-builder-el-0  el_before_av_one_full  avia-builder-el-first  \" style='border-radius:0px; '><div  class='avia-image-container  av-styling-    avia-builder-el-1  avia-builder-el-no-sibling  avia-align-center '  itemprop=\"image\" itemscope=\"itemscope\" itemtype=\"https:\/\/schema.org\/ImageObject\"  ><div class='avia-image-container-inner'><div class='avia-image-overlay-wrap'><img decoding=\"async\" class='wp-image-41640 avia-img-lazy-loading-not-41640 avia_image' src=\"https:\/\/radiorevelacionfm.cl\/wp-content\/uploads\/2024\/04\/img_8813-1_optimized.jpeg\" alt='' title='img_8813-(1)_optimized' height=\"600\" width=\"900\"  itemprop=\"thumbnailUrl\" srcset=\"https:\/\/radiorevelacionfm.cl\/wp-content\/uploads\/2024\/04\/img_8813-1_optimized.jpeg 900w, https:\/\/radiorevelacionfm.cl\/wp-content\/uploads\/2024\/04\/img_8813-1_optimized-300x200.jpeg 300w, https:\/\/radiorevelacionfm.cl\/wp-content\/uploads\/2024\/04\/img_8813-1_optimized-768x512.jpeg 768w, https:\/\/radiorevelacionfm.cl\/wp-content\/uploads\/2024\/04\/img_8813-1_optimized-705x470.jpeg 705w, https:\/\/radiorevelacionfm.cl\/wp-content\/uploads\/2024\/04\/img_8813-1_optimized-450x300.jpeg 450w, https:\/\/radiorevelacionfm.cl\/wp-content\/uploads\/2024\/04\/img_8813-1_optimized-600x400.jpeg 600w\" sizes=\"(max-width: 900px) 100vw, 900px\" \/><\/div><\/div><\/div><\/div><div class=\"flex_column av_one_full  flex_column_div av-zero-column-padding first  avia-builder-el-2  el_after_av_one_full  el_before_av_one_full  column-top-margin\" style='border-radius:0px; '><section class=\"av_textblock_section \"  itemscope=\"itemscope\" itemtype=\"https:\/\/schema.org\/BlogPosting\" itemprop=\"blogPost\" ><div class='avia_textblock  '   itemprop=\"text\" ><p style=\"text-align: center;\"><span style=\"font-size: 18pt;\"><strong>Realizan Plaza de Justicia y DDHH en c\u00e1rcel de Coyhaique<\/strong><\/span><\/p>\n<div id=\"gtx-trans\" style=\"position: absolute; left: -50px; top: 4.31534px;\">\n<div class=\"gtx-trans-icon\"><\/div>\n<\/div>\n<\/div><\/section><\/div><div class=\"flex_column av_one_full  flex_column_div av-zero-column-padding first  avia-builder-el-4  el_after_av_one_full  el_before_av_hr  column-top-margin\" style='border-radius:0px; '><section class=\"av_textblock_section \"  itemscope=\"itemscope\" itemtype=\"https:\/\/schema.org\/BlogPosting\" itemprop=\"blogPost\" ><div class='avia_textblock  '   itemprop=\"text\" ><p style=\"text-align: justify;\"><em>La instancia buscaba acercar parte de la oferta y prestaciones estatales a las personas privadas de libertad.<\/em><\/p>\n<p style=\"text-align: justify;\">La primera Plaza de Justicia y DDHH del a\u00f1o 2024 se llev\u00f3 a cabo este mi\u00e9rcoles en dependencias del Centro de Cumplimiento Penitenciario (CCP) de Coyhaique, ocasi\u00f3n en que los diversos servicios del Ministerio de Justicia y DDHH realizaron atenci\u00f3n de usuarios en el principal recinto penal de la regi\u00f3n de Ays\u00e9n.<\/p>\n<p style=\"text-align: justify;\">En la oportunidad, participaron el Servicio de Registro Civil e Identificaci\u00f3n, Servicio M\u00e9dico Legal, Corporaci\u00f3n de Asistencia Judicial, Defensor\u00eda Penal P\u00fablica, y el Centro de Apoyo para la Integraci\u00f3n Social de Coyhaique, todos del sector Justicia, a los que se sumaron IPS\/ Chile Atiende y el Servicio Nacional de Capacitaci\u00f3n y Empleo (SENCE) para dar a conocer sus ofertas program\u00e1ticas.<\/p>\n<p style=\"text-align: justify;\">Fue as\u00ed como los asistentes destacaron y agradecieron la posibilidad de poder realizar sus tr\u00e1mites, Luis uno de los asistentes indic\u00f3 que \u201cen el Servicio de Registro Civil pude sacar mi carnet y mi clave \u00fanica, lo que beneficiar\u00e1 a mi familia porque nos permitir\u00e1 realizar tr\u00e1mites\u201d.<\/p>\n<p style=\"text-align: justify;\">Por su parte, el Seremi de Justicia y DDHH Samuel Navarro Castro explic\u00f3 que \u201cEsta actividad tiene un beneficio m\u00faltiple, porque nos permite primero traer los servicios ac\u00e1 para las personas privadas de libertad, pero que tambi\u00e9n, Gendarmer\u00eda no tenga la complejidad de sacar usuarios al exterior para ciertas prestaciones de servicio. No hay que olvidar, en ese sentido, que las penas privativas de libertad son eso. Se pierde la libertad, pero no se pierden otros derechos\u201d.<\/p>\n<p style=\"text-align: justify;\">Efectivamente, lo que se busc\u00f3 con la visita de los servicios p\u00fablicos al Centro de Cumplimiento Penitenciario de Coyhaique fue que las personas privadas de libertad tengan el mismo acceso que las personas en el medio libre, as\u00ed lo destac\u00f3 el alcaide del CCP Coyhaique, , \u00c1lvaro L\u00f3pez se\u00f1al\u00f3 que \u201cacercamos los servicios p\u00fablicos para que ellos puedan realizar sus tr\u00e1mites en forma presencial y personal; \u00a0y con la tranquilidad que el tiempo les permite, pudiendo obtener cedulas de identidad, certificados, claves \u00fanicas, todo lo que en un aplaza de Justicia se puede brindar a la ciudadan\u00eda en general, por lo tanto nuestros privados de libertad no quedan impedidos de realizar esos tr\u00e1mites\u201d.<\/p>\n<p style=\"text-align: justify;\">Finalmente, se\u00f1alar que en la ocasi\u00f3n las personas asistentes, adem\u00e1s de lo ya mencionado, pudieron recibir asesor\u00eda jur\u00eddica en materia civil y penal por medio de los abogados de la Corporaci\u00f3n de Asistencia Judicial y la Defensor\u00eda Penal P\u00fablica, as\u00ed como tambi\u00e9n conocer e interiorizarse de las prestaciones que realiza Gendarmer\u00eda a trav\u00e9s de su Sistema Postpenitenciario.<\/p>\n<\/div><\/section><\/div><div  style='height:50px' class='hr hr-invisible   avia-builder-el-6  el_after_av_one_full  el_before_av_social_share '><span class='hr-inner ' ><span class='hr-inner-style'><\/span><\/span><\/div><\/p>\n<div  class='av-social-sharing-box  avia-builder-el-7  el_after_av_hr  el_before_av_hr  '><div class='av-share-box'><h5 class='av-share-link-description av-no-toc '>Compartir esta noticia<\/h5><ul class='av-share-box-list noLightbox'><li class='av-share-link av-social-link-facebook' ><a target=\"_blank\" aria-label=\"Compartir en Facebook\" href='https:\/\/www.facebook.com\/sharer.php?u=https:\/\/radiorevelacionfm.cl\/?p=41639&#038;t=Realizan%20Plaza%20de%20Justicia%20y%20DDHH%20en%20c%C3%A1rcel%20de%20Coyhaique' aria-hidden='false' data-av_icon='\ue8f3' data-av_iconfont='entypo-fontello' title='' data-avia-related-tooltip='Compartir en Facebook' rel=\"noopener\"><span class='avia_hidden_link_text'>Compartir en Facebook<\/span><\/a><\/li><li class='av-share-link av-social-link-twitter' ><a target=\"_blank\" aria-label=\"Compartir en Twitter\" href='https:\/\/twitter.com\/share?text=Realizan%20Plaza%20de%20Justicia%20y%20DDHH%20en%20c%C3%A1rcel%20de%20Coyhaique&#038;url=https:\/\/radiorevelacionfm.cl\/?p=41639' aria-hidden='false' data-av_icon='\ue8f1' data-av_iconfont='entypo-fontello' title='' data-avia-related-tooltip='Compartir en Twitter' rel=\"noopener\"><span class='avia_hidden_link_text'>Compartir en Twitter<\/span><\/a><\/li><li class='av-share-link av-social-link-whatsapp' ><a target=\"_blank\" aria-label=\"Compartir en Whatsapp\" href='https:\/\/api.whatsapp.com\/send?text=https:\/\/radiorevelacionfm.cl\/?p=41639' aria-hidden='false' data-av_icon='\uf232' data-av_iconfont='entypo-fontello' title='' data-avia-related-tooltip='Compartir en Whatsapp' rel=\"noopener\"><span class='avia_hidden_link_text'>Compartir en Whatsapp<\/span><\/a><\/li><li class='av-share-link av-social-link-linkedin' ><a target=\"_blank\" aria-label=\"Compartir en LinkedIn\" href='https:\/\/linkedin.com\/shareArticle?mini=true&#038;title=Realizan%20Plaza%20de%20Justicia%20y%20DDHH%20en%20c%C3%A1rcel%20de%20Coyhaique&#038;url=https:\/\/radiorevelacionfm.cl\/?p=41639' aria-hidden='false' data-av_icon='\ue8fc' data-av_iconfont='entypo-fontello' title='' data-avia-related-tooltip='Compartir en LinkedIn' rel=\"noopener\"><span class='avia_hidden_link_text'>Compartir en LinkedIn<\/span><\/a><\/li><li class='av-share-link av-social-link-mail' ><a  aria-label=\"Compartir por correo\" href='mailto:?subject=Realizan%20Plaza%20de%20Justicia%20y%20DDHH%20en%20c%C3%A1rcel%20de%20Coyhaique&#038;body=https:\/\/radiorevelacionfm.cl\/?p=41639' aria-hidden='false' data-av_icon='\ue805' data-av_iconfont='entypo-fontello' title='' data-avia-related-tooltip='Compartir por correo'><span class='avia_hidden_link_text'>Compartir por correo<\/span><\/a><\/li><\/ul><\/div><\/div>\n<div  style='height:50px' class='hr hr-invisible   avia-builder-el-8  el_after_av_social_share  el_before_av_comments_list '><span class='hr-inner ' ><span class='hr-inner-style'><\/span><\/span><\/div>\n<div  class='av-buildercomment  av-blog-meta-html-info-disabled av-blog-meta-tag-disabled  '><\/div>\n","protected":false},"excerpt":{"rendered":"","protected":false},"author":1,"featured_media":41640,"comment_status":"open","ping_status":"open","sticky":false,"template":"","format":"standard","meta":{"footnotes":""},"categories":[55],"tags":[],"class_list":["post-41639","post","type-post","status-publish","format-standard","has-post-thumbnail","hentry","category-justicia"],"jetpack_featured_media_url":"https:\/\/radiorevelacionfm.cl\/wp-content\/uploads\/2024\/04\/img_8813-1_optimized.jpeg","_links":{"self":[{"href":"https:\/\/radiorevelacionfm.cl\/index.php?rest_route=\/wp\/v2\/posts\/41639","targetHints":{"allow":["GET"]}}],"collection":[{"href":"https:\/\/radiorevelacionfm.cl\/index.php?rest_route=\/wp\/v2\/posts"}],"about":[{"href":"https:\/\/radiorevelacionfm.cl\/index.php?rest_route=\/wp\/v2\/types\/post"}],"author":[{"embeddable":true,"href":"https:\/\/radiorevelacionfm.cl\/index.php?rest_route=\/wp\/v2\/users\/1"}],"replies":[{"embeddable":true,"href":"https:\/\/radiorevelacionfm.cl\/index.php?rest_route=%2Fwp%2Fv2%2Fcomments&post=41639"}],"version-history":[{"count":1,"href":"https:\/\/radiorevelacionfm.cl\/index.php?rest_route=\/wp\/v2\/posts\/41639\/revisions"}],"predecessor-version":[{"id":41641,"href":"https:\/\/radiorevelacionfm.cl\/index.php?rest_route=\/wp\/v2\/posts\/41639\/revisions\/41641"}],"wp:featuredmedia":[{"embeddable":true,"href":"https:\/\/radiorevelacionfm.cl\/index.php?rest_route=\/wp\/v2\/media\/41640"}],"wp:attachment":[{"href":"https:\/\/radiorevelacionfm.cl\/index.php?rest_route=%2Fwp%2Fv2%2Fmedia&parent=41639"}],"wp:term":[{"taxonomy":"category","embeddable":true,"href":"https:\/\/radiorevelacionfm.cl\/index.php?rest_route=%2Fwp%2Fv2%2Fcategories&post=41639"},{"taxonomy":"post_tag","embeddable":true,"href":"https:\/\/radiorevelacionfm.cl\/index.php?rest_route=%2Fwp%2Fv2%2Ftags&post=41639"}],"curies":[{"name":"wp","href":"https:\/\/api.w.org\/{rel}","templated":true}]}}