{"id":41636,"date":"2024-04-27T11:30:16","date_gmt":"2024-04-27T14:30:16","guid":{"rendered":"https:\/\/radiorevelacionfm.cl\/?p=41636"},"modified":"2024-04-27T11:30:16","modified_gmt":"2024-04-27T14:30:16","slug":"en-distintas-regiones-se-realizaron-diligencias-intrusivas-en-el-marco-de-la-arista-procultura-del-caso-convenios","status":"publish","type":"post","link":"https:\/\/radiorevelacionfm.cl\/?p=41636","title":{"rendered":"En distintas regiones se realizaron diligencias intrusivas en el marco de la arista Procultura del caso Convenios"},"content":{"rendered":"<div class=\"flex_column av_one_full  flex_column_div av-zero-column-padding first  avia-builder-el-0  el_before_av_one_full  avia-builder-el-first  \" style='border-radius:0px; '><div  class='avia-image-container  av-styling-    avia-builder-el-1  avia-builder-el-no-sibling  avia-align-center '  itemprop=\"image\" itemscope=\"itemscope\" itemtype=\"https:\/\/schema.org\/ImageObject\"  ><div class='avia-image-container-inner'><div class='avia-image-overlay-wrap'><img decoding=\"async\" class='wp-image-41637 avia-img-lazy-loading-not-41637 avia_image' src=\"https:\/\/radiorevelacionfm.cl\/wp-content\/uploads\/2024\/04\/24_04_2024Aysen-1-1.jpeg\" alt='' title='24_04_2024Aysen (1) (1)' height=\"605\" width=\"801\"  itemprop=\"thumbnailUrl\" srcset=\"https:\/\/radiorevelacionfm.cl\/wp-content\/uploads\/2024\/04\/24_04_2024Aysen-1-1.jpeg 801w, https:\/\/radiorevelacionfm.cl\/wp-content\/uploads\/2024\/04\/24_04_2024Aysen-1-1-300x227.jpeg 300w, https:\/\/radiorevelacionfm.cl\/wp-content\/uploads\/2024\/04\/24_04_2024Aysen-1-1-768x580.jpeg 768w, https:\/\/radiorevelacionfm.cl\/wp-content\/uploads\/2024\/04\/24_04_2024Aysen-1-1-705x532.jpeg 705w, https:\/\/radiorevelacionfm.cl\/wp-content\/uploads\/2024\/04\/24_04_2024Aysen-1-1-450x340.jpeg 450w, https:\/\/radiorevelacionfm.cl\/wp-content\/uploads\/2024\/04\/24_04_2024Aysen-1-1-600x453.jpeg 600w\" sizes=\"(max-width: 801px) 100vw, 801px\" \/><\/div><\/div><\/div><\/div>\n<div class=\"flex_column av_one_full  flex_column_div av-zero-column-padding first  avia-builder-el-2  el_after_av_one_full  el_before_av_one_full  column-top-margin\" style='border-radius:0px; '><section class=\"av_textblock_section \"  itemscope=\"itemscope\" itemtype=\"https:\/\/schema.org\/BlogPosting\" itemprop=\"blogPost\" ><div class='avia_textblock  '   itemprop=\"text\" ><p style=\"text-align: center;\"><strong><span style=\"font-size: 18pt;\">En distintas regiones se realizaron diligencias intrusivas en el marco de la arista Procultura del caso Convenios<\/span><\/strong><\/p>\n<div id=\"gtx-trans\" style=\"position: absolute; left: -50px; top: 4.31534px;\">\n<div class=\"gtx-trans-icon\"><\/div>\n<\/div>\n<\/div><\/section><\/div><div class=\"flex_column av_one_full  flex_column_div av-zero-column-padding first  avia-builder-el-4  el_after_av_one_full  el_before_av_hr  column-top-margin\" style='border-radius:0px; '><section class=\"av_textblock_section \"  itemscope=\"itemscope\" itemtype=\"https:\/\/schema.org\/BlogPosting\" itemprop=\"blogPost\" ><div class='avia_textblock  '   itemprop=\"text\" ><p style=\"font-weight: 400; text-align: justify;\"><em>Las cifras involucradas en esta investigaci\u00f3n, como parte de los distintos convenios asignados a ProCultura, bordean los 6 mil millones.<\/em><\/p>\n<p style=\"font-weight: 400; text-align: justify;\">Como parte de la arista Procultura del caso Convenios, un equipo multidisciplinario a cargo del Fiscal Regional de Ays\u00e9n, Carlos Palma Guerra, concret\u00f3 hoy un nuevo d\u00eda de diligencias intrusivas en distintas reparticiones p\u00fablicas de las regiones del \u00d1uble y Biob\u00edo, en el marco de una causa por eventual fraude al fisco y tr\u00e1fico de influencias. El martes tambi\u00e9n se efectuaron diligencias en la Regi\u00f3n de La Araucan\u00eda.<\/p>\n<p style=\"font-weight: 400; text-align: justify;\">Luego de gestiones materializadas hoy, el Fiscal Regional explic\u00f3 que \u201chemos realizado diligencias con \u00f3rdenes judiciales en la Regi\u00f3n de Araucan\u00eda, Biob\u00edo y \u00d1uble, espec\u00edficamente en las comunas de Concepci\u00f3n, Cabrero, Chill\u00e1n y Puc\u00f3n\u201d, las que se suman a las ya realizadas en marzo en la misma Regi\u00f3n del \u00d1uble y la Regi\u00f3n de Magallanes y la Ant\u00e1rtica Chilena.<\/p>\n<p style=\"font-weight: 400; text-align: justify;\">MONTOS<\/p>\n<p style=\"font-weight: 400; text-align: justify;\">Durante esta jornada, el equipo investigativo concurri\u00f3 a dependencias del GORE de \u00d1uble, Serviu y Ministerio de Vivienda y Urbanismo en Concepci\u00f3n. El martes se realizaron diligencias en el GORE del Biob\u00edo.<\/p>\n<p style=\"font-weight: 400; text-align: justify;\">Respecto de las cifras involucradas en esta investigaci\u00f3n, como parte de los distintos convenios asignados a ProCultura, el Fiscal Palma manifest\u00f3 que estas \u201cascienden a un monto cercano los 6 mil millones\u201d.<\/p>\n<p style=\"font-weight: 400; text-align: justify;\">El persecutor penal no descart\u00f3 la realizaci\u00f3n de nuevos allanamientos. \u201cNo descarto nada, como siempre. Es una investigaci\u00f3n que est\u00e1 completamente abierta. Estamos realizando diligencias\u201d.<\/p>\n<p style=\"font-weight: 400; text-align: justify;\">LEVANTANDO EVIDENCIA<\/p>\n<p style=\"font-weight: 400; text-align: justify;\">La autoridad agreg\u00f3 que \u201cestamos levantando evidencia de los distintos servicios p\u00fablicos y entidades privadas que, a juicio nuestro, est\u00e1n relacionadas con los convenios, en el marco de esta investigaci\u00f3n, en las distintas regiones del pa\u00eds. Por lo tanto, bajo esa l\u00f3gica, no se descarta ning\u00fan tipo de diligencias como tomas de declaraciones o eventualmente, otras medidas intrusivas\u201d.<\/p>\n<p style=\"font-weight: 400; text-align: justify;\">En tanto, sobre las diligencias efectuadas ayer en Puc\u00f3n, Regi\u00f3n de La Araucan\u00eda, el Fiscal Regional explic\u00f3 que tienen relaci\u00f3n con que \u201chab\u00edan evidencias que se encontraban en casas de particulares y que formaban parte de aquellas que estim\u00e1bamos necesarias hab\u00eda que incautar\u201d.<\/p>\n<p style=\"font-weight: 400; text-align: justify;\">El equipo investigativo de esta causa est\u00e1 integrado por funcionarios de la Fiscal\u00eda de Alta Complejidad de la Fiscal\u00eda Regional de Ays\u00e9n, una Fuerza de Tarea con dedicaci\u00f3n exclusiva de la Brigada Investigadora Anticorrupci\u00f3n y la Brigada Investigadora del Cibercrimen Concepci\u00f3n y el apoyo de la Brigada de Delitos Econ\u00f3micos de Concepci\u00f3n.<\/p>\n<\/div><\/section><\/div><\/p>\n<div  style='height:50px' class='hr hr-invisible   avia-builder-el-6  el_after_av_one_full  el_before_av_social_share '><span class='hr-inner ' ><span class='hr-inner-style'><\/span><\/span><\/div>\n<div  class='av-social-sharing-box  avia-builder-el-7  el_after_av_hr  el_before_av_hr  '><div class='av-share-box'><h5 class='av-share-link-description av-no-toc '>Compartir esta noticia<\/h5><ul class='av-share-box-list noLightbox'><li class='av-share-link av-social-link-facebook' ><a target=\"_blank\" aria-label=\"Compartir en Facebook\" href='https:\/\/www.facebook.com\/sharer.php?u=https:\/\/radiorevelacionfm.cl\/?p=41636&#038;t=En%20distintas%20regiones%20se%20realizaron%20diligencias%20intrusivas%20en%20el%20marco%20de%20la%20arista%20Procultura%20del%20caso%20Convenios' aria-hidden='false' data-av_icon='\ue8f3' data-av_iconfont='entypo-fontello' title='' data-avia-related-tooltip='Compartir en Facebook' rel=\"noopener\"><span class='avia_hidden_link_text'>Compartir en Facebook<\/span><\/a><\/li><li class='av-share-link av-social-link-twitter' ><a target=\"_blank\" aria-label=\"Compartir en Twitter\" href='https:\/\/twitter.com\/share?text=En%20distintas%20regiones%20se%20realizaron%20diligencias%20intrusivas%20en%20el%20marco%20de%20la%20arista%20Procultura%20del%20caso%20Convenios&#038;url=https:\/\/radiorevelacionfm.cl\/?p=41636' aria-hidden='false' data-av_icon='\ue8f1' data-av_iconfont='entypo-fontello' title='' data-avia-related-tooltip='Compartir en Twitter' rel=\"noopener\"><span class='avia_hidden_link_text'>Compartir en Twitter<\/span><\/a><\/li><li class='av-share-link av-social-link-whatsapp' ><a target=\"_blank\" aria-label=\"Compartir en Whatsapp\" href='https:\/\/api.whatsapp.com\/send?text=https:\/\/radiorevelacionfm.cl\/?p=41636' aria-hidden='false' data-av_icon='\uf232' data-av_iconfont='entypo-fontello' title='' data-avia-related-tooltip='Compartir en Whatsapp' rel=\"noopener\"><span class='avia_hidden_link_text'>Compartir en Whatsapp<\/span><\/a><\/li><li class='av-share-link av-social-link-linkedin' ><a target=\"_blank\" aria-label=\"Compartir en LinkedIn\" href='https:\/\/linkedin.com\/shareArticle?mini=true&#038;title=En%20distintas%20regiones%20se%20realizaron%20diligencias%20intrusivas%20en%20el%20marco%20de%20la%20arista%20Procultura%20del%20caso%20Convenios&#038;url=https:\/\/radiorevelacionfm.cl\/?p=41636' aria-hidden='false' data-av_icon='\ue8fc' data-av_iconfont='entypo-fontello' title='' data-avia-related-tooltip='Compartir en LinkedIn' rel=\"noopener\"><span class='avia_hidden_link_text'>Compartir en LinkedIn<\/span><\/a><\/li><li class='av-share-link av-social-link-mail' ><a  aria-label=\"Compartir por correo\" href='mailto:?subject=En%20distintas%20regiones%20se%20realizaron%20diligencias%20intrusivas%20en%20el%20marco%20de%20la%20arista%20Procultura%20del%20caso%20Convenios&#038;body=https:\/\/radiorevelacionfm.cl\/?p=41636' aria-hidden='false' data-av_icon='\ue805' data-av_iconfont='entypo-fontello' title='' data-avia-related-tooltip='Compartir por correo'><span class='avia_hidden_link_text'>Compartir por correo<\/span><\/a><\/li><\/ul><\/div><\/div>\n<div  style='height:50px' class='hr hr-invisible   avia-builder-el-8  el_after_av_social_share  el_before_av_comments_list '><span class='hr-inner ' ><span class='hr-inner-style'><\/span><\/span><\/div>\n<div  class='av-buildercomment  av-blog-meta-html-info-disabled av-blog-meta-tag-disabled  '><\/div>\n","protected":false},"excerpt":{"rendered":"","protected":false},"author":1,"featured_media":41637,"comment_status":"open","ping_status":"open","sticky":false,"template":"","format":"standard","meta":{"footnotes":""},"categories":[55],"tags":[],"class_list":["post-41636","post","type-post","status-publish","format-standard","has-post-thumbnail","hentry","category-justicia"],"jetpack_featured_media_url":"https:\/\/radiorevelacionfm.cl\/wp-content\/uploads\/2024\/04\/24_04_2024Aysen-1-1.jpeg","_links":{"self":[{"href":"https:\/\/radiorevelacionfm.cl\/index.php?rest_route=\/wp\/v2\/posts\/41636","targetHints":{"allow":["GET"]}}],"collection":[{"href":"https:\/\/radiorevelacionfm.cl\/index.php?rest_route=\/wp\/v2\/posts"}],"about":[{"href":"https:\/\/radiorevelacionfm.cl\/index.php?rest_route=\/wp\/v2\/types\/post"}],"author":[{"embeddable":true,"href":"https:\/\/radiorevelacionfm.cl\/index.php?rest_route=\/wp\/v2\/users\/1"}],"replies":[{"embeddable":true,"href":"https:\/\/radiorevelacionfm.cl\/index.php?rest_route=%2Fwp%2Fv2%2Fcomments&post=41636"}],"version-history":[{"count":2,"href":"https:\/\/radiorevelacionfm.cl\/index.php?rest_route=\/wp\/v2\/posts\/41636\/revisions"}],"predecessor-version":[{"id":41707,"href":"https:\/\/radiorevelacionfm.cl\/index.php?rest_route=\/wp\/v2\/posts\/41636\/revisions\/41707"}],"wp:featuredmedia":[{"embeddable":true,"href":"https:\/\/radiorevelacionfm.cl\/index.php?rest_route=\/wp\/v2\/media\/41637"}],"wp:attachment":[{"href":"https:\/\/radiorevelacionfm.cl\/index.php?rest_route=%2Fwp%2Fv2%2Fmedia&parent=41636"}],"wp:term":[{"taxonomy":"category","embeddable":true,"href":"https:\/\/radiorevelacionfm.cl\/index.php?rest_route=%2Fwp%2Fv2%2Fcategories&post=41636"},{"taxonomy":"post_tag","embeddable":true,"href":"https:\/\/radiorevelacionfm.cl\/index.php?rest_route=%2Fwp%2Fv2%2Ftags&post=41636"}],"curies":[{"name":"wp","href":"https:\/\/api.w.org\/{rel}","templated":true}]}}