{"id":41633,"date":"2024-04-25T16:47:25","date_gmt":"2024-04-25T19:47:25","guid":{"rendered":"https:\/\/radiorevelacionfm.cl\/?p=41633"},"modified":"2024-04-25T16:47:25","modified_gmt":"2024-04-25T19:47:25","slug":"ley-40-horas-madres-y-padres-de-ninos-menores-de-12-anos-podran-adelantar-o-retrasar-el-ingreso-al-trabajo","status":"publish","type":"post","link":"https:\/\/radiorevelacionfm.cl\/?p=41633","title":{"rendered":"Ley 40 horas: Madres y padres de ni\u00f1os menores de 12 a\u00f1os podr\u00e1n adelantar o retrasar el ingreso al trabajo"},"content":{"rendered":"<div class=\"flex_column av_one_full  flex_column_div av-zero-column-padding first  avia-builder-el-0  el_before_av_one_full  avia-builder-el-first  \" style='border-radius:0px; '><div  class='avia-image-container  av-styling-    avia-builder-el-1  avia-builder-el-no-sibling  avia-align-center '  itemprop=\"image\" itemscope=\"itemscope\" itemtype=\"https:\/\/schema.org\/ImageObject\"  ><div class='avia-image-container-inner'><div class='avia-image-overlay-wrap'><img decoding=\"async\" class='wp-image-41634 avia-img-lazy-loading-not-41634 avia_image' src=\"https:\/\/radiorevelacionfm.cl\/wp-content\/uploads\/2024\/04\/minitrajara_seremidiaz_construccion-1_optimized.jpg\" alt='' title='minitrajara_seremidiaz_construccion-(1)_optimized' height=\"600\" width=\"850\"  itemprop=\"thumbnailUrl\" srcset=\"https:\/\/radiorevelacionfm.cl\/wp-content\/uploads\/2024\/04\/minitrajara_seremidiaz_construccion-1_optimized.jpg 850w, https:\/\/radiorevelacionfm.cl\/wp-content\/uploads\/2024\/04\/minitrajara_seremidiaz_construccion-1_optimized-300x212.jpg 300w, https:\/\/radiorevelacionfm.cl\/wp-content\/uploads\/2024\/04\/minitrajara_seremidiaz_construccion-1_optimized-768x542.jpg 768w, https:\/\/radiorevelacionfm.cl\/wp-content\/uploads\/2024\/04\/minitrajara_seremidiaz_construccion-1_optimized-260x185.jpg 260w, https:\/\/radiorevelacionfm.cl\/wp-content\/uploads\/2024\/04\/minitrajara_seremidiaz_construccion-1_optimized-705x498.jpg 705w, https:\/\/radiorevelacionfm.cl\/wp-content\/uploads\/2024\/04\/minitrajara_seremidiaz_construccion-1_optimized-450x318.jpg 450w, https:\/\/radiorevelacionfm.cl\/wp-content\/uploads\/2024\/04\/minitrajara_seremidiaz_construccion-1_optimized-600x424.jpg 600w\" sizes=\"(max-width: 850px) 100vw, 850px\" \/><\/div><\/div><\/div><\/div><div class=\"flex_column av_one_full  flex_column_div av-zero-column-padding first  avia-builder-el-2  el_after_av_one_full  el_before_av_one_full  column-top-margin\" style='border-radius:0px; '><section class=\"av_textblock_section \"  itemscope=\"itemscope\" itemtype=\"https:\/\/schema.org\/BlogPosting\" itemprop=\"blogPost\" ><div class='avia_textblock  '   itemprop=\"text\" ><p style=\"text-align: center;\"><span style=\"font-size: 18pt;\"><b>Ley 40 horas: Madres y padres de ni\u00f1os menores de 12 a\u00f1os podr\u00e1n adelantar o retrasar el ingreso al trabajo<\/b><\/span><\/p>\n<div id=\"gtx-trans\" style=\"position: absolute; left: -50px; top: 4.31534px;\">\n<div class=\"gtx-trans-icon\"><\/div>\n<\/div>\n<\/div><\/section><\/div><div class=\"flex_column av_one_full  flex_column_div av-zero-column-padding first  avia-builder-el-4  el_after_av_one_full  el_before_av_hr  column-top-margin\" style='border-radius:0px; '><section class=\"av_textblock_section \"  itemscope=\"itemscope\" itemtype=\"https:\/\/schema.org\/BlogPosting\" itemprop=\"blogPost\" ><div class='avia_textblock  '   itemprop=\"text\" ><p class=\"v1gmail-MsoListParagraph\" style=\"text-align: justify;\"><i>La ley establece el derecho para que madres, padres y cuidadores de ni\u00f1os menores de 12 a\u00f1os puedan diferir el ingreso y salida del trabajo, para, por ejemplo, adecuarlo a los horarios escolares.<\/i><\/p>\n<p class=\"v1MsoNormal\" style=\"text-align: justify;\"><span lang=\"ES-TRAD\">S\u00f3lo dos d\u00edas faltan para que comience la implementaci\u00f3n de la Ley de 40 horas, este viernes 26 de abril. Para permitir la adecuaci\u00f3n de la econom\u00eda y no afectar a las empresas peque\u00f1as y medianas, la norma contempla una gradualidad de cinco a\u00f1os para reducir la jornada laboral de 45 a 40 horas semanales.<\/span><\/p>\n<p class=\"v1MsoNormal\" style=\"text-align: justify;\"><span lang=\"ES-TRAD\">El Seremi del Trabajo y Previsi\u00f3n Social, Rodrigo D\u00edaz Cordaro, se refiri\u00f3 a la gradualidad de la norma y otras medidas que implica la ley de 40 horas, \u00abRecordamos que este viernes 26 de abril de 2024,\u00a0<\/span>de forma obligatoria, la jornada laboral tendr\u00e1 un primer descenso al pasar de 45 a 44 horas semanales. El camino hacia las 40 horas continuar\u00e1 en 2026, cuando en la misma fecha y mes bajar\u00e1 a 42 horas y, luego, en 2028, a 40 horas. La Ley de 40 Horas tambi\u00e9n nos entrega otras medidas muy importantes,\u00a0ya que contempla una serie de modificaciones, como la posibilidad de compensar las horas extraordinarias con hasta cinco d\u00edas de vacaciones o la restricci\u00f3n de uso al art\u00edculo 22 inciso segundo del C\u00f3digo del Trabajo, que regula la exenci\u00f3n de jornada, dej\u00e1ndolo solamente para cargos de alta gerencia o sin jefatura directa dada la naturaleza de su trabajo\u00bb.<\/p>\n<p class=\"v1MsoNormal\" style=\"text-align: justify;\">Hay otras innovaciones que introduce la ley. Una es que incorpora el derecho, para trabajadores que son madres, padres o cuidadores de ni\u00f1os de hasta 12 a\u00f1os, de adecuar la jornada laboral con bandas horarias. Es decir, podr\u00e1n anticipar o retrasar hasta en una hora el comienzo de sus labores, lo que determinar\u00e1 tambi\u00e9n el horario de salida al final de la jornada.<\/p>\n<p class=\"v1MsoNormal\" style=\"text-align: justify;\">En este sentido, la Ministra de Trabajo y Previsi\u00f3n Social, Jeannette Jara mencion\u00f3, \u00abEsta es una de las innovaciones m\u00e1s importantes que se aprobaron en la Ley, porque contempla mecanismos que promueven la corresponsabilidad de los cuidados, permitiendo bandas de ingreso y salida diferida del trabajo como un derecho que le asiste a los padres, madres o personas que tengan ni\u00f1os y ni\u00f1as a su cuidado\u00bb, manifest\u00f3.<\/p>\n<p class=\"v1MsoNormal\" style=\"text-align: justify;\">El Seremi Rodrigo D\u00edaz detall\u00f3 al respecto, \u00abCon las particularidades que tenemos en nuestra Regi\u00f3n de Ays\u00e9n, esta medida ser\u00e1 muy valorada ya que busca permitir una mejor conciliaci\u00f3n de la vida laboral, familiar y personal, pues madres, padres y cuidadores de ni\u00f1os menores de 12 a\u00f1os podr\u00e1n adecuar su ingreso o salida a los horarios escolares. Por ejemplo, si un trabajador o trabajadora ingresa por contrato a las 9.00 horas y sale a las 17.00 horas, podr\u00e1 adelantar el ingreso a las 8.00 y retirarse a las 16.00; o bien, retrasar la entrada a las 10.00 y salir a las 18.00. Para hacer uso de este derecho, deber\u00e1 entregar un certificado de nacimiento o la sentencia judicial que le entregue el cuidado del ni\u00f1o o ni\u00f1a\u00bb, puntualiz\u00f3 la autoridad regional laboral.<\/p>\n<p class=\"v1MsoNormal\" style=\"text-align: justify;\"><b><u>\u00bfC\u00f3mo se ejerce el derecho?<\/u><\/b><\/p>\n<p class=\"v1MsoNormal\" style=\"text-align: justify;\">Para ejercer este derecho se deber\u00e1 entregar al empleador el respectivo certificado de nacimiento o la sentencia que le otorgue el cuidado personal de un ni\u00f1o o ni\u00f1a menor de 12 a\u00f1os. El empleador no podr\u00e1 negarse, salvo que el funcionamiento de la empresa sea en un horario que no permita anticipar o postergar la jornada de trabajo. Por ejemplo, en atenci\u00f3n de servicios de urgencia, trabajos por turnos, entre otros. Si ambos padres son trabajadores, cualquiera de ellos podr\u00e1 obtener el beneficio, a elecci\u00f3n de la madre.<\/p>\n<p class=\"v1MsoNormal\" style=\"text-align: justify;\"><b><u>Ley de 40 horas<\/u><\/b><\/p>\n<p class=\"v1MsoNormal\" style=\"text-align: justify;\">La Ley de 40 Horas establece que las empresas pueden reducir la jornada a 40 horas desde ya, de forma voluntaria y anticipada, sin esperar la gradualidad de cinco a\u00f1os se\u00f1alada. En dicho caso, podr\u00e1n acceder a otras regulaciones de la Ley de 40 horas, como, por ejemplo, acordar con los trabajadores que la jornada se distribuya en cuatro d\u00edas de trabajo por tres de descanso, conocida como 4\u00d73, lo que es una innovaci\u00f3n adoptada tambi\u00e9n en otros pa\u00edses.<\/p>\n<p class=\"v1MsoNormal\" style=\"text-align: justify;\">En el caso de anticiparse a la reducci\u00f3n, las empresas pueden postular al \u00abSello 40 Horas\u00bb en\u00a0<a href=\"http:\/\/www.mintrab.gob.cl\/certificacion-empresas-40-horas\" target=\"_blank\" rel=\"noopener noreferrer\">www.mintrab.gob.cl\/certificacion-empresas-40-horas<\/a>, que consiste en un reconocimiento p\u00fablico, de car\u00e1cter promocional, que otorga gratuitamente el Ministerio del Trabajo y Previsi\u00f3n Social, como una acci\u00f3n concreta de fomento al trabajo decente y al desarrollo de un buen vivir.<\/p>\n<p class=\"v1MsoNormal\" style=\"text-align: justify;\">La Ley de 40 Horas fue despachada por el Congreso en abril del a\u00f1o pasado y promulgada el mismo mes por el Presidente Gabriel Boric.<\/p>\n<\/div><\/section><\/div><div  style='height:50px' class='hr hr-invisible   avia-builder-el-6  el_after_av_one_full  el_before_av_social_share '><span class='hr-inner ' ><span class='hr-inner-style'><\/span><\/span><\/div><\/p>\n<div  class='av-social-sharing-box  avia-builder-el-7  el_after_av_hr  el_before_av_hr  '><div class='av-share-box'><h5 class='av-share-link-description av-no-toc '>Compartir esta noticia<\/h5><ul class='av-share-box-list noLightbox'><li class='av-share-link av-social-link-facebook' ><a target=\"_blank\" aria-label=\"Compartir en Facebook\" href='https:\/\/www.facebook.com\/sharer.php?u=https:\/\/radiorevelacionfm.cl\/?p=41633&#038;t=Ley%2040%20horas%3A%20Madres%20y%20padres%20de%20ni%C3%B1os%20menores%20de%2012%20a%C3%B1os%20podr%C3%A1n%20adelantar%20o%20retrasar%20el%20ingreso%20al%20trabajo' aria-hidden='false' data-av_icon='\ue8f3' data-av_iconfont='entypo-fontello' title='' data-avia-related-tooltip='Compartir en Facebook' rel=\"noopener\"><span class='avia_hidden_link_text'>Compartir en Facebook<\/span><\/a><\/li><li class='av-share-link av-social-link-twitter' ><a target=\"_blank\" aria-label=\"Compartir en Twitter\" href='https:\/\/twitter.com\/share?text=Ley%2040%20horas%3A%20Madres%20y%20padres%20de%20ni%C3%B1os%20menores%20de%2012%20a%C3%B1os%20podr%C3%A1n%20adelantar%20o%20retrasar%20el%20ingreso%20al%20trabajo&#038;url=https:\/\/radiorevelacionfm.cl\/?p=41633' aria-hidden='false' data-av_icon='\ue8f1' data-av_iconfont='entypo-fontello' title='' data-avia-related-tooltip='Compartir en Twitter' rel=\"noopener\"><span class='avia_hidden_link_text'>Compartir en Twitter<\/span><\/a><\/li><li class='av-share-link av-social-link-whatsapp' ><a target=\"_blank\" aria-label=\"Compartir en Whatsapp\" href='https:\/\/api.whatsapp.com\/send?text=https:\/\/radiorevelacionfm.cl\/?p=41633' aria-hidden='false' data-av_icon='\uf232' data-av_iconfont='entypo-fontello' title='' data-avia-related-tooltip='Compartir en Whatsapp' rel=\"noopener\"><span class='avia_hidden_link_text'>Compartir en Whatsapp<\/span><\/a><\/li><li class='av-share-link av-social-link-linkedin' ><a target=\"_blank\" aria-label=\"Compartir en LinkedIn\" href='https:\/\/linkedin.com\/shareArticle?mini=true&#038;title=Ley%2040%20horas%3A%20Madres%20y%20padres%20de%20ni%C3%B1os%20menores%20de%2012%20a%C3%B1os%20podr%C3%A1n%20adelantar%20o%20retrasar%20el%20ingreso%20al%20trabajo&#038;url=https:\/\/radiorevelacionfm.cl\/?p=41633' aria-hidden='false' data-av_icon='\ue8fc' data-av_iconfont='entypo-fontello' title='' data-avia-related-tooltip='Compartir en LinkedIn' rel=\"noopener\"><span class='avia_hidden_link_text'>Compartir en LinkedIn<\/span><\/a><\/li><li class='av-share-link av-social-link-mail' ><a  aria-label=\"Compartir por correo\" href='mailto:?subject=Ley%2040%20horas%3A%20Madres%20y%20padres%20de%20ni%C3%B1os%20menores%20de%2012%20a%C3%B1os%20podr%C3%A1n%20adelantar%20o%20retrasar%20el%20ingreso%20al%20trabajo&#038;body=https:\/\/radiorevelacionfm.cl\/?p=41633' aria-hidden='false' data-av_icon='\ue805' data-av_iconfont='entypo-fontello' title='' data-avia-related-tooltip='Compartir por correo'><span class='avia_hidden_link_text'>Compartir por correo<\/span><\/a><\/li><\/ul><\/div><\/div>\n<div  style='height:50px' class='hr hr-invisible   avia-builder-el-8  el_after_av_social_share  el_before_av_comments_list '><span class='hr-inner ' ><span class='hr-inner-style'><\/span><\/span><\/div>\n<div  class='av-buildercomment  av-blog-meta-html-info-disabled av-blog-meta-tag-disabled  '><\/div>\n","protected":false},"excerpt":{"rendered":"","protected":false},"author":1,"featured_media":41634,"comment_status":"open","ping_status":"open","sticky":false,"template":"","format":"standard","meta":{"footnotes":""},"categories":[56],"tags":[],"class_list":["post-41633","post","type-post","status-publish","format-standard","has-post-thumbnail","hentry","category-trabajo"],"jetpack_featured_media_url":"https:\/\/radiorevelacionfm.cl\/wp-content\/uploads\/2024\/04\/minitrajara_seremidiaz_construccion-1_optimized.jpg","_links":{"self":[{"href":"https:\/\/radiorevelacionfm.cl\/index.php?rest_route=\/wp\/v2\/posts\/41633","targetHints":{"allow":["GET"]}}],"collection":[{"href":"https:\/\/radiorevelacionfm.cl\/index.php?rest_route=\/wp\/v2\/posts"}],"about":[{"href":"https:\/\/radiorevelacionfm.cl\/index.php?rest_route=\/wp\/v2\/types\/post"}],"author":[{"embeddable":true,"href":"https:\/\/radiorevelacionfm.cl\/index.php?rest_route=\/wp\/v2\/users\/1"}],"replies":[{"embeddable":true,"href":"https:\/\/radiorevelacionfm.cl\/index.php?rest_route=%2Fwp%2Fv2%2Fcomments&post=41633"}],"version-history":[{"count":1,"href":"https:\/\/radiorevelacionfm.cl\/index.php?rest_route=\/wp\/v2\/posts\/41633\/revisions"}],"predecessor-version":[{"id":41635,"href":"https:\/\/radiorevelacionfm.cl\/index.php?rest_route=\/wp\/v2\/posts\/41633\/revisions\/41635"}],"wp:featuredmedia":[{"embeddable":true,"href":"https:\/\/radiorevelacionfm.cl\/index.php?rest_route=\/wp\/v2\/media\/41634"}],"wp:attachment":[{"href":"https:\/\/radiorevelacionfm.cl\/index.php?rest_route=%2Fwp%2Fv2%2Fmedia&parent=41633"}],"wp:term":[{"taxonomy":"category","embeddable":true,"href":"https:\/\/radiorevelacionfm.cl\/index.php?rest_route=%2Fwp%2Fv2%2Fcategories&post=41633"},{"taxonomy":"post_tag","embeddable":true,"href":"https:\/\/radiorevelacionfm.cl\/index.php?rest_route=%2Fwp%2Fv2%2Ftags&post=41633"}],"curies":[{"name":"wp","href":"https:\/\/api.w.org\/{rel}","templated":true}]}}