{"id":41631,"date":"2024-04-25T12:09:06","date_gmt":"2024-04-25T15:09:06","guid":{"rendered":"https:\/\/radiorevelacionfm.cl\/?p=41631"},"modified":"2024-04-25T12:09:06","modified_gmt":"2024-04-25T15:09:06","slug":"pib-regional-aysen-fue-la-segunda-region-que-mas-se-expandio-en-2023","status":"publish","type":"post","link":"https:\/\/radiorevelacionfm.cl\/?p=41631","title":{"rendered":"PIB Regional: Ays\u00e9n fue la segunda regi\u00f3n que m\u00e1s se expandi\u00f3 en 2023"},"content":{"rendered":"<div class=\"flex_column av_one_full  flex_column_div av-zero-column-padding first  avia-builder-el-0  el_before_av_one_full  avia-builder-el-first  \" style='border-radius:0px; '><div  class='avia-image-container  av-styling-    avia-builder-el-1  avia-builder-el-no-sibling  avia-align-center '  itemprop=\"image\" itemscope=\"itemscope\" itemtype=\"https:\/\/schema.org\/ImageObject\"  ><div class='avia-image-container-inner'><div class='avia-image-overlay-wrap'><img decoding=\"async\" class='wp-image-39864 avia-img-lazy-loading-not-39864 avia_image' src=\"https:\/\/radiorevelacionfm.cl\/wp-content\/uploads\/2024\/02\/Pesca-artesanal-1-1-1.jpg\" alt='' title='Pesca artesanal 1 (1) (1)' height=\"600\" width=\"900\"  itemprop=\"thumbnailUrl\" srcset=\"https:\/\/radiorevelacionfm.cl\/wp-content\/uploads\/2024\/02\/Pesca-artesanal-1-1-1.jpg 900w, https:\/\/radiorevelacionfm.cl\/wp-content\/uploads\/2024\/02\/Pesca-artesanal-1-1-1-300x200.jpg 300w, https:\/\/radiorevelacionfm.cl\/wp-content\/uploads\/2024\/02\/Pesca-artesanal-1-1-1-768x512.jpg 768w, https:\/\/radiorevelacionfm.cl\/wp-content\/uploads\/2024\/02\/Pesca-artesanal-1-1-1-705x470.jpg 705w, https:\/\/radiorevelacionfm.cl\/wp-content\/uploads\/2024\/02\/Pesca-artesanal-1-1-1-450x300.jpg 450w, https:\/\/radiorevelacionfm.cl\/wp-content\/uploads\/2024\/02\/Pesca-artesanal-1-1-1-600x400.jpg 600w\" sizes=\"(max-width: 900px) 100vw, 900px\" \/><\/div><\/div><\/div><\/div><div class=\"flex_column av_one_full  flex_column_div av-zero-column-padding first  avia-builder-el-2  el_after_av_one_full  el_before_av_one_full  column-top-margin\" style='border-radius:0px; '><section class=\"av_textblock_section \"  itemscope=\"itemscope\" itemtype=\"https:\/\/schema.org\/BlogPosting\" itemprop=\"blogPost\" ><div class='avia_textblock  '   itemprop=\"text\" ><p style=\"text-align: center;\"><span style=\"font-size: 18pt;\"><strong>PIB Regional: Ays\u00e9n fue la segunda regi\u00f3n que m\u00e1s se expandi\u00f3 en 2023<\/strong><\/span><\/p>\n<div id=\"gtx-trans\" style=\"position: absolute; left: -50px; top: 4.31534px;\">\n<div class=\"gtx-trans-icon\"><\/div>\n<\/div>\n<\/div><\/section><\/div><div class=\"flex_column av_one_full  flex_column_div av-zero-column-padding first  avia-builder-el-4  el_after_av_one_full  el_before_av_hr  column-top-margin\" style='border-radius:0px; '><section class=\"av_textblock_section \"  itemscope=\"itemscope\" itemtype=\"https:\/\/schema.org\/BlogPosting\" itemprop=\"blogPost\" ><div class='avia_textblock  '   itemprop=\"text\" ><p style=\"text-align: justify;\"><em>Recientemente el Banco Central de Chile, entreg\u00f3 el resultado del PIB Regional 2023, donde se concreta una expansi\u00f3n en la econom\u00eda referida a 11 de las 16 regiones de nuestro pa\u00eds. En total, la econom\u00eda chilena creci\u00f3 un 0.2% durante ese per\u00edodo, evidenciando que la Regi\u00f3n de Ays\u00e9n con un crecimiento del 3.8% fue la segunda regi\u00f3n con mayor crecimiento para el a\u00f1o 2023.<\/em><\/p>\n<p style=\"text-align: justify;\">Cuando hablamos de indicadores econ\u00f3micos, el PIB emerge como uno de los bar\u00f3metros m\u00e1s importantes para medir la salud de nuestra econom\u00eda. Un aumento, puede indicar crecimiento econ\u00f3mico, mientras que un resultado adverso, puede traducirse en una recesi\u00f3n. El Martes 23 de abril, el Banco Central, present\u00f3 el PIB Regional a\u00f1o 2023, evidenciando una expansi\u00f3n de la econom\u00eda en 11 de las 16 regiones que componen nuestro pa\u00eds. Mientras que el consumo de los hogares, decreci\u00f3 en todo el territorio nacional.<\/p>\n<p style=\"text-align: justify;\">La regi\u00f3n que present\u00f3 mayor crecimiento fue B\u00edoB\u00edo, seguida de la regi\u00f3n de Ays\u00e9n. En el caso de nuestra regi\u00f3n, los resultados de la pesca y la industria manufacturera explicaron el alza de 3,8%, lo que fue compensado en parte por la miner\u00eda. Resultados altamente positivos para la Regi\u00f3n de Ays\u00e9n, posicion\u00e1ndonos como uno de los mayores crecimientos del PIB Regional. Entre los datos destacan que el crecimiento de este 2023 es el mayor de los \u00faltimos 5 a\u00f1os. Dentro de los sectores con mayor proporci\u00f3n dentro del producto interno bruto, destacan; pesca, administraci\u00f3n p\u00fablica y servicios personales.<\/p>\n<p style=\"text-align: justify;\">El Seremi de Econom\u00eda; Felipe Rojas Pizarro, relev\u00f3 la importancia del litoral de Ays\u00e9n: \u201cNuestro territorio tuvo un gran crecimiento y cuando observamos cu\u00e1les son las razones, asoma la pesca destacando la acuicultura, y la industria manufacturera. En ese contexto, lo que sucede en el litoral es altamente relevante, porque sin duda es un verdadero polo productivo. La zona costera de nuestra regi\u00f3n aporta fuerte y decididamente al desarrollo, con el trabajo de hombres y mujeres que con mucho esfuerzo se han convertido en pilares fundamentales de la econom\u00eda regional. Claro, todo tiene matices y en este caso, el consumo particular ha tenido una disminuci\u00f3n, que es un fen\u00f3meno ocurrido en todas las regiones, pero esperamos que ese declive cambie y se reactive esa \u00e1rea durante este 2024\u201d.<\/p>\n<p style=\"text-align: justify;\">Por su parte el Representante territorial del Consejo del Salm\u00f3n, Juan Luis Amen\u00e1bar, valor\u00f3 los datos recientemente proporcionados por el Banco Central; \u201cEsto da cuenta nuevamente de la relevancia de nuestra Industria, junto a la pesca en la regi\u00f3n de Ays\u00e9n, con m\u00e1s del 31% del total del PIB. Y en t\u00e9rminos comparativos, la pesca y acuicultura refleja un aumento del 10,9% respecto al a\u00f1o anterior en t\u00e9rminos econ\u00f3micos, cifra que refleja el compromiso que tenemos de seguir contribuyendo con desarrollo y mayores aportes a los gobiernos locales de la regi\u00f3n, a trav\u00e9s del creciente encadenamiento productivo que se genera a trav\u00e9s de nuestros proveedores de servicios, que en su gran mayor\u00eda son Pymes locales, del comercio y turismo asociados. Todo ello se traduce en mejor calidad de vida y estabilidad para los habitantes de Ays\u00e9n, en particular de su litoral. Somos conscientes de la gran responsabilidad que tenemos como Industria y de los grandes desaf\u00edos que tenemos a futuro para seguir en esta senda del crecimiento sostenible del sur de Chile\u201d.<\/p>\n<p style=\"text-align: justify;\">La Seremi de Gobierno Tatiana Pl\u00e1, coment\u00f3 que \u201cComo gobierno valoramos enormemente el resultado de del PIB regional 2023, entregado por el Banco Central, y el crecimiento de un 3.8% que muestra nuestra regi\u00f3n de Ays\u00e9n y que la posiciona como la segunda regi\u00f3n con mayor crecimiento a nivel nacional. Esto demuestra que las pol\u00edticas econ\u00f3micas que ha instaurado el gobierno del Presidente Gabriel Boric han ido por la senda correcta y que la supuesta recesi\u00f3n econ\u00f3mica no solo no sucedi\u00f3, sino que nos hemos recuperado. Llevamos ya ocho meses en este proceso de recuperaci\u00f3n de la actividad econ\u00f3mica y de crecimiento, lo que nos lleva a afirmar que este a\u00f1o 2024 va a ser un a\u00f1o de crecimiento claramente mayor a los a\u00f1os recientes\u201d.<\/p>\n<p style=\"text-align: justify;\">Seg\u00fan las cifras, donde menos baj\u00f3 el consumo de los hogares en 2023 fue en las regiones de\u00a0Antofagasta con un 3,9%, seguida por Arica y Parinacota con un 4%. Luego siguen Ays\u00e9n con 4,1%,\u00a0Tarapac\u00e1 con un descenso de 4,2%\u00a0y finalmente Magallanes con 4,4%. En resumen, la econom\u00eda chilena creci\u00f3 0,2% durante el 2023, mientras que el consumo de los diferentes hogares del pa\u00eds, apunt\u00f3 a un descenso de 5,2, porcentaje que fue negativo en todas y cada una de las regiones de nuestro pa\u00eds.<\/p>\n<\/div><\/section><\/div><div  style='height:50px' class='hr hr-invisible   avia-builder-el-6  el_after_av_one_full  el_before_av_social_share '><span class='hr-inner ' ><span class='hr-inner-style'><\/span><\/span><\/div><\/p>\n<div  class='av-social-sharing-box  avia-builder-el-7  el_after_av_hr  el_before_av_hr  '><div class='av-share-box'><h5 class='av-share-link-description av-no-toc '>Compartir esta noticia<\/h5><ul class='av-share-box-list noLightbox'><li class='av-share-link av-social-link-facebook' ><a target=\"_blank\" aria-label=\"Compartir en Facebook\" href='https:\/\/www.facebook.com\/sharer.php?u=https:\/\/radiorevelacionfm.cl\/?p=41631&#038;t=PIB%20Regional%3A%20Ays%C3%A9n%20fue%20la%20segunda%20regi%C3%B3n%20que%20m%C3%A1s%20se%20expandi%C3%B3%20en%202023' aria-hidden='false' data-av_icon='\ue8f3' data-av_iconfont='entypo-fontello' title='' data-avia-related-tooltip='Compartir en Facebook' rel=\"noopener\"><span class='avia_hidden_link_text'>Compartir en Facebook<\/span><\/a><\/li><li class='av-share-link av-social-link-twitter' ><a target=\"_blank\" aria-label=\"Compartir en Twitter\" href='https:\/\/twitter.com\/share?text=PIB%20Regional%3A%20Ays%C3%A9n%20fue%20la%20segunda%20regi%C3%B3n%20que%20m%C3%A1s%20se%20expandi%C3%B3%20en%202023&#038;url=https:\/\/radiorevelacionfm.cl\/?p=41631' aria-hidden='false' data-av_icon='\ue8f1' data-av_iconfont='entypo-fontello' title='' data-avia-related-tooltip='Compartir en Twitter' rel=\"noopener\"><span class='avia_hidden_link_text'>Compartir en Twitter<\/span><\/a><\/li><li class='av-share-link av-social-link-whatsapp' ><a target=\"_blank\" aria-label=\"Compartir en Whatsapp\" href='https:\/\/api.whatsapp.com\/send?text=https:\/\/radiorevelacionfm.cl\/?p=41631' aria-hidden='false' data-av_icon='\uf232' data-av_iconfont='entypo-fontello' title='' data-avia-related-tooltip='Compartir en Whatsapp' rel=\"noopener\"><span class='avia_hidden_link_text'>Compartir en Whatsapp<\/span><\/a><\/li><li class='av-share-link av-social-link-linkedin' ><a target=\"_blank\" aria-label=\"Compartir en LinkedIn\" href='https:\/\/linkedin.com\/shareArticle?mini=true&#038;title=PIB%20Regional%3A%20Ays%C3%A9n%20fue%20la%20segunda%20regi%C3%B3n%20que%20m%C3%A1s%20se%20expandi%C3%B3%20en%202023&#038;url=https:\/\/radiorevelacionfm.cl\/?p=41631' aria-hidden='false' data-av_icon='\ue8fc' data-av_iconfont='entypo-fontello' title='' data-avia-related-tooltip='Compartir en LinkedIn' rel=\"noopener\"><span class='avia_hidden_link_text'>Compartir en LinkedIn<\/span><\/a><\/li><li class='av-share-link av-social-link-mail' ><a  aria-label=\"Compartir por correo\" href='mailto:?subject=PIB%20Regional%3A%20Ays%C3%A9n%20fue%20la%20segunda%20regi%C3%B3n%20que%20m%C3%A1s%20se%20expandi%C3%B3%20en%202023&#038;body=https:\/\/radiorevelacionfm.cl\/?p=41631' aria-hidden='false' data-av_icon='\ue805' data-av_iconfont='entypo-fontello' title='' data-avia-related-tooltip='Compartir por correo'><span class='avia_hidden_link_text'>Compartir por correo<\/span><\/a><\/li><\/ul><\/div><\/div>\n<div  style='height:50px' class='hr hr-invisible   avia-builder-el-8  el_after_av_social_share  el_before_av_comments_list '><span class='hr-inner ' ><span class='hr-inner-style'><\/span><\/span><\/div>\n<div  class='av-buildercomment  av-blog-meta-html-info-disabled av-blog-meta-tag-disabled  '><\/div>\n","protected":false},"excerpt":{"rendered":"","protected":false},"author":1,"featured_media":39864,"comment_status":"open","ping_status":"open","sticky":false,"template":"","format":"standard","meta":{"footnotes":""},"categories":[37],"tags":[],"class_list":["post-41631","post","type-post","status-publish","format-standard","has-post-thumbnail","hentry","category-economia"],"jetpack_featured_media_url":"https:\/\/radiorevelacionfm.cl\/wp-content\/uploads\/2024\/02\/Pesca-artesanal-1-1-1.jpg","_links":{"self":[{"href":"https:\/\/radiorevelacionfm.cl\/index.php?rest_route=\/wp\/v2\/posts\/41631","targetHints":{"allow":["GET"]}}],"collection":[{"href":"https:\/\/radiorevelacionfm.cl\/index.php?rest_route=\/wp\/v2\/posts"}],"about":[{"href":"https:\/\/radiorevelacionfm.cl\/index.php?rest_route=\/wp\/v2\/types\/post"}],"author":[{"embeddable":true,"href":"https:\/\/radiorevelacionfm.cl\/index.php?rest_route=\/wp\/v2\/users\/1"}],"replies":[{"embeddable":true,"href":"https:\/\/radiorevelacionfm.cl\/index.php?rest_route=%2Fwp%2Fv2%2Fcomments&post=41631"}],"version-history":[{"count":1,"href":"https:\/\/radiorevelacionfm.cl\/index.php?rest_route=\/wp\/v2\/posts\/41631\/revisions"}],"predecessor-version":[{"id":41632,"href":"https:\/\/radiorevelacionfm.cl\/index.php?rest_route=\/wp\/v2\/posts\/41631\/revisions\/41632"}],"wp:featuredmedia":[{"embeddable":true,"href":"https:\/\/radiorevelacionfm.cl\/index.php?rest_route=\/wp\/v2\/media\/39864"}],"wp:attachment":[{"href":"https:\/\/radiorevelacionfm.cl\/index.php?rest_route=%2Fwp%2Fv2%2Fmedia&parent=41631"}],"wp:term":[{"taxonomy":"category","embeddable":true,"href":"https:\/\/radiorevelacionfm.cl\/index.php?rest_route=%2Fwp%2Fv2%2Fcategories&post=41631"},{"taxonomy":"post_tag","embeddable":true,"href":"https:\/\/radiorevelacionfm.cl\/index.php?rest_route=%2Fwp%2Fv2%2Ftags&post=41631"}],"curies":[{"name":"wp","href":"https:\/\/api.w.org\/{rel}","templated":true}]}}