{"id":41627,"date":"2024-04-24T21:20:53","date_gmt":"2024-04-25T00:20:53","guid":{"rendered":"https:\/\/radiorevelacionfm.cl\/?p=41627"},"modified":"2024-04-24T21:20:53","modified_gmt":"2024-04-25T00:20:53","slug":"mas-de-un-95-de-avance-presentan-viviendas-para-familias-del-comite-proyecto-joven-de-balmaceda","status":"publish","type":"post","link":"https:\/\/radiorevelacionfm.cl\/?p=41627","title":{"rendered":"M\u00e1s de un 95% de avance presentan viviendas para familias del comit\u00e9 \u201cProyecto Joven\u201d de Balmaceda"},"content":{"rendered":"<div class=\"flex_column av_one_full  flex_column_div av-zero-column-padding first  avia-builder-el-0  el_before_av_one_full  avia-builder-el-first  \" style='border-radius:0px; '><div  class='avia-image-container  av-styling-    avia-builder-el-1  avia-builder-el-no-sibling  avia-align-center '  itemprop=\"image\" itemscope=\"itemscope\" itemtype=\"https:\/\/schema.org\/ImageObject\"  ><div class='avia-image-container-inner'><div class='avia-image-overlay-wrap'><img decoding=\"async\" class='wp-image-41629 avia-img-lazy-loading-not-41629 avia_image' src=\"https:\/\/radiorevelacionfm.cl\/wp-content\/uploads\/2024\/04\/viviendas-comitE-proyecto-joven-balmaceda-1_optimized.jpeg\" alt='' title='viviendas-comit\u00c9-proyecto-joven-balmaceda-(1)_optimized' height=\"600\" width=\"895\"  itemprop=\"thumbnailUrl\" srcset=\"https:\/\/radiorevelacionfm.cl\/wp-content\/uploads\/2024\/04\/viviendas-comitE-proyecto-joven-balmaceda-1_optimized.jpeg 895w, https:\/\/radiorevelacionfm.cl\/wp-content\/uploads\/2024\/04\/viviendas-comitE-proyecto-joven-balmaceda-1_optimized-300x201.jpeg 300w, https:\/\/radiorevelacionfm.cl\/wp-content\/uploads\/2024\/04\/viviendas-comitE-proyecto-joven-balmaceda-1_optimized-768x515.jpeg 768w, https:\/\/radiorevelacionfm.cl\/wp-content\/uploads\/2024\/04\/viviendas-comitE-proyecto-joven-balmaceda-1_optimized-705x473.jpeg 705w, https:\/\/radiorevelacionfm.cl\/wp-content\/uploads\/2024\/04\/viviendas-comitE-proyecto-joven-balmaceda-1_optimized-450x302.jpeg 450w, https:\/\/radiorevelacionfm.cl\/wp-content\/uploads\/2024\/04\/viviendas-comitE-proyecto-joven-balmaceda-1_optimized-600x402.jpeg 600w\" sizes=\"(max-width: 895px) 100vw, 895px\" \/><\/div><\/div><\/div><\/div><div class=\"flex_column av_one_full  flex_column_div av-zero-column-padding first  avia-builder-el-2  el_after_av_one_full  el_before_av_one_full  column-top-margin\" style='border-radius:0px; '><section class=\"av_textblock_section \"  itemscope=\"itemscope\" itemtype=\"https:\/\/schema.org\/BlogPosting\" itemprop=\"blogPost\" ><div class='avia_textblock  '   itemprop=\"text\" ><p style=\"text-align: center;\"><strong><span style=\"font-size: 18pt;\">M\u00e1s de un 95% de avance presentan viviendas para familias del comit\u00e9 \u201cProyecto Joven\u201d de Balmaceda <\/span><\/strong><\/p>\n<div id=\"gtx-trans\" style=\"position: absolute; left: -50px; top: 4.31534px;\">\n<div class=\"gtx-trans-icon\"><\/div>\n<\/div>\n<\/div><\/section><\/div><div class=\"flex_column av_one_full  flex_column_div av-zero-column-padding first  avia-builder-el-4  el_after_av_one_full  el_before_av_hr  column-top-margin\" style='border-radius:0px; '><section class=\"av_textblock_section \"  itemscope=\"itemscope\" itemtype=\"https:\/\/schema.org\/BlogPosting\" itemprop=\"blogPost\" ><div class='avia_textblock  '   itemprop=\"text\" ><p style=\"text-align: justify;\">M\u00e1s de un 95% de avance presenta la construcci\u00f3n de las 96 viviendas para familias del comit\u00e9 \u201cProyecto Joven\u201d de Balmaceda, obra que es ejecutada por la empresa Entre R\u00edos y que fue visitada este martes por la Seremi de Vivienda y Urbanismo, Paulina Ruz Delf\u00edn; el Director del Serviu, Victor Contreras, dirigentes y representantes de la Entidad Patrocinante AES Consultores.<\/p>\n<p style=\"text-align: justify;\">El proyecto habitacional, que es el m\u00e1s grande que se ha desarrollado en la localidad, se logr\u00f3 materializar gracias a un llamado especial realizado por el Ministerio de Vivienda durante el a\u00f1o 2022. Luego, el a\u00f1o pasado, se concret\u00f3 el traspaso de terrenos de parte del Serviu y la posterior entrega de subsidios por parte del Minvu, sumando m\u00e1s de 8 mil millones de pesos. Con esos recursos, m\u00e1s el ahorro de las familias, a fines de marzo de 2023 parti\u00f3 la intervenci\u00f3n en las manzanas 41, 44 y 47, ubicadas frente al sector del aeropuerto.<\/p>\n<p style=\"text-align: justify;\">Tras constatar en terreno el estado de las obras, la Seremi de Vivienda, Paulina Ruz, destac\u00f3 el avance que presenta la ejecuci\u00f3n del proyecto, que es parte de los objetivos del Gobierno y que se suma a otras obras que se siguen haciendo realidad en diferentes comunas de la regi\u00f3n. \u201cNuestro desaf\u00edo en el Plan de Emergencia Habitacional es llegar con mil 293 viviendas a la regi\u00f3n Ays\u00e9n. Para nosotros eso es un piso, y un ejemplo de ello es el avance significativo que vemos hoy en esta obra, la cual va a entregar 96 nuevas viviendas para familias de Balmaceda. Esto implica un compromiso por parte del Ministerio de Vivienda y Urbanismo en la regi\u00f3n de Ays\u00e9n, por descentralizar el beneficio del Estado, pero tambi\u00e9n garantizar a las familias el derecho a la vivienda digna y adecuada como corresponde, con pertinencia territorial y con los m\u00e1s altos est\u00e1ndares de calidad\u201d, afirm\u00f3.<\/p>\n<p style=\"text-align: justify;\">Tambi\u00e9n la presidenta del comit\u00e9 \u201cProyecto Joven\u201d, Katherine Zuleta, manifest\u00f3 su alegr\u00eda y su satisfacci\u00f3n al ver que est\u00e1n cada vez m\u00e1s cerca de la casa propia. \u201cSoy la presidenta del comit\u00e9 de Vivienda Proyecto Joven y estoy a cargo de 96 familias. Hoy vinimos a recorrer las viviendas para ver la base que tiene la constructora y estamos muy felices, ya que se ha cumplido los tiempos como corresponden. Y agradecido de la Seremi de Vivienda, la se\u00f1orita Paulina, porque cada compromiso que ha hecho con nosotros est\u00e1 siendo cumplido. Muchas gracias\u201d, manifest\u00f3.<\/p>\n<p style=\"text-align: justify;\">Similares palabras tuvo el Director del Serviu, V\u00edctor Contrereras, quien destac\u00f3 las 96 viviendas como parte integral de la gesti\u00f3n del Gobierno en el territorio. \u201cEsto permite tambi\u00e9n que las familias se puedan establecer en sectores que se van complementando con otros servicios, que pueden optar, por ejemplo, a los trabajos que est\u00e1 haciendo otro ministerio ac\u00e1 en la regi\u00f3n. Entonces dan acceso y permiten que se descentralice toda la gesti\u00f3n que est\u00e1 haciendo el Gobierno\u201d, precis\u00f3.<\/p>\n<p style=\"text-align: justify;\">El nuevo conjunto habitacional de Balmaceda contempla 93 nuevas viviendas de 50, 4 metros cuadrados y 3 viviendas de 64,7 m2 de superficie. La empresa \u201cEntre R\u00edos\u201d tiene un plazo de ejecuci\u00f3n de 550 d\u00edas, por lo que las obras deber\u00edan estar terminadas en el mes de septiembre de este a\u00f1o.<\/p>\n<\/div><\/section><\/div><div  style='height:50px' class='hr hr-invisible   avia-builder-el-6  el_after_av_one_full  el_before_av_social_share '><span class='hr-inner ' ><span class='hr-inner-style'><\/span><\/span><\/div><\/p>\n<div  class='av-social-sharing-box  avia-builder-el-7  el_after_av_hr  el_before_av_hr  '><div class='av-share-box'><h5 class='av-share-link-description av-no-toc '>Compartir esta noticia<\/h5><ul class='av-share-box-list noLightbox'><li class='av-share-link av-social-link-facebook' ><a target=\"_blank\" aria-label=\"Compartir en Facebook\" href='https:\/\/www.facebook.com\/sharer.php?u=https:\/\/radiorevelacionfm.cl\/?p=41627&#038;t=M%C3%A1s%20de%20un%2095%25%20de%20avance%20presentan%20viviendas%20para%20familias%20del%20comit%C3%A9%20%E2%80%9CProyecto%20Joven%E2%80%9D%20de%20Balmaceda' aria-hidden='false' data-av_icon='\ue8f3' data-av_iconfont='entypo-fontello' title='' data-avia-related-tooltip='Compartir en Facebook' rel=\"noopener\"><span class='avia_hidden_link_text'>Compartir en Facebook<\/span><\/a><\/li><li class='av-share-link av-social-link-twitter' ><a target=\"_blank\" aria-label=\"Compartir en Twitter\" href='https:\/\/twitter.com\/share?text=M%C3%A1s%20de%20un%2095%25%20de%20avance%20presentan%20viviendas%20para%20familias%20del%20comit%C3%A9%20%E2%80%9CProyecto%20Joven%E2%80%9D%20de%20Balmaceda&#038;url=https:\/\/radiorevelacionfm.cl\/?p=41627' aria-hidden='false' data-av_icon='\ue8f1' data-av_iconfont='entypo-fontello' title='' data-avia-related-tooltip='Compartir en Twitter' rel=\"noopener\"><span class='avia_hidden_link_text'>Compartir en Twitter<\/span><\/a><\/li><li class='av-share-link av-social-link-whatsapp' ><a target=\"_blank\" aria-label=\"Compartir en Whatsapp\" href='https:\/\/api.whatsapp.com\/send?text=https:\/\/radiorevelacionfm.cl\/?p=41627' aria-hidden='false' data-av_icon='\uf232' data-av_iconfont='entypo-fontello' title='' data-avia-related-tooltip='Compartir en Whatsapp' rel=\"noopener\"><span class='avia_hidden_link_text'>Compartir en Whatsapp<\/span><\/a><\/li><li class='av-share-link av-social-link-linkedin' ><a target=\"_blank\" aria-label=\"Compartir en LinkedIn\" href='https:\/\/linkedin.com\/shareArticle?mini=true&#038;title=M%C3%A1s%20de%20un%2095%25%20de%20avance%20presentan%20viviendas%20para%20familias%20del%20comit%C3%A9%20%E2%80%9CProyecto%20Joven%E2%80%9D%20de%20Balmaceda&#038;url=https:\/\/radiorevelacionfm.cl\/?p=41627' aria-hidden='false' data-av_icon='\ue8fc' data-av_iconfont='entypo-fontello' title='' data-avia-related-tooltip='Compartir en LinkedIn' rel=\"noopener\"><span class='avia_hidden_link_text'>Compartir en LinkedIn<\/span><\/a><\/li><li class='av-share-link av-social-link-mail' ><a  aria-label=\"Compartir por correo\" href='mailto:?subject=M%C3%A1s%20de%20un%2095%25%20de%20avance%20presentan%20viviendas%20para%20familias%20del%20comit%C3%A9%20%E2%80%9CProyecto%20Joven%E2%80%9D%20de%20Balmaceda&#038;body=https:\/\/radiorevelacionfm.cl\/?p=41627' aria-hidden='false' data-av_icon='\ue805' data-av_iconfont='entypo-fontello' title='' data-avia-related-tooltip='Compartir por correo'><span class='avia_hidden_link_text'>Compartir por correo<\/span><\/a><\/li><\/ul><\/div><\/div>\n<div  style='height:50px' class='hr hr-invisible   avia-builder-el-8  el_after_av_social_share  el_before_av_comments_list '><span class='hr-inner ' ><span class='hr-inner-style'><\/span><\/span><\/div>\n<div  class='av-buildercomment  av-blog-meta-html-info-disabled av-blog-meta-tag-disabled  '><\/div>\n","protected":false},"excerpt":{"rendered":"","protected":false},"author":1,"featured_media":41629,"comment_status":"open","ping_status":"open","sticky":false,"template":"","format":"standard","meta":{"footnotes":""},"categories":[57],"tags":[],"class_list":["post-41627","post","type-post","status-publish","format-standard","has-post-thumbnail","hentry","category-vivienda"],"jetpack_featured_media_url":"https:\/\/radiorevelacionfm.cl\/wp-content\/uploads\/2024\/04\/viviendas-comitE-proyecto-joven-balmaceda-1_optimized.jpeg","_links":{"self":[{"href":"https:\/\/radiorevelacionfm.cl\/index.php?rest_route=\/wp\/v2\/posts\/41627","targetHints":{"allow":["GET"]}}],"collection":[{"href":"https:\/\/radiorevelacionfm.cl\/index.php?rest_route=\/wp\/v2\/posts"}],"about":[{"href":"https:\/\/radiorevelacionfm.cl\/index.php?rest_route=\/wp\/v2\/types\/post"}],"author":[{"embeddable":true,"href":"https:\/\/radiorevelacionfm.cl\/index.php?rest_route=\/wp\/v2\/users\/1"}],"replies":[{"embeddable":true,"href":"https:\/\/radiorevelacionfm.cl\/index.php?rest_route=%2Fwp%2Fv2%2Fcomments&post=41627"}],"version-history":[{"count":1,"href":"https:\/\/radiorevelacionfm.cl\/index.php?rest_route=\/wp\/v2\/posts\/41627\/revisions"}],"predecessor-version":[{"id":41630,"href":"https:\/\/radiorevelacionfm.cl\/index.php?rest_route=\/wp\/v2\/posts\/41627\/revisions\/41630"}],"wp:featuredmedia":[{"embeddable":true,"href":"https:\/\/radiorevelacionfm.cl\/index.php?rest_route=\/wp\/v2\/media\/41629"}],"wp:attachment":[{"href":"https:\/\/radiorevelacionfm.cl\/index.php?rest_route=%2Fwp%2Fv2%2Fmedia&parent=41627"}],"wp:term":[{"taxonomy":"category","embeddable":true,"href":"https:\/\/radiorevelacionfm.cl\/index.php?rest_route=%2Fwp%2Fv2%2Fcategories&post=41627"},{"taxonomy":"post_tag","embeddable":true,"href":"https:\/\/radiorevelacionfm.cl\/index.php?rest_route=%2Fwp%2Fv2%2Ftags&post=41627"}],"curies":[{"name":"wp","href":"https:\/\/api.w.org\/{rel}","templated":true}]}}