{"id":41624,"date":"2024-04-25T11:05:11","date_gmt":"2024-04-25T14:05:11","guid":{"rendered":"https:\/\/radiorevelacionfm.cl\/?p=41624"},"modified":"2024-04-25T11:09:47","modified_gmt":"2024-04-25T14:09:47","slug":"autoridades-y-dirigentes-as-valoran-alianza-estrategica-que-permitio-desarrollar-la-segunda-escuela-de-formacion-social-herramientas-de-liderazgo-comunitario","status":"publish","type":"post","link":"https:\/\/radiorevelacionfm.cl\/?p=41624","title":{"rendered":"Autoridades y dirigentes\/as de Ays\u00e9n valoran alianza estrat\u00e9gica que permiti\u00f3 desarrollar la segunda escuela de formaci\u00f3n social \u00abHerramientas de Liderazgo Comunitario\u201d"},"content":{"rendered":"<div class=\"flex_column av_one_full  flex_column_div av-zero-column-padding first  avia-builder-el-0  el_before_av_one_full  avia-builder-el-first  \" style='border-radius:0px; '><div  class='avia-image-container  av-styling-    avia-builder-el-1  avia-builder-el-no-sibling  avia-align-center '  itemprop=\"image\" itemscope=\"itemscope\" itemtype=\"https:\/\/schema.org\/ImageObject\"  ><div class='avia-image-container-inner'><div class='avia-image-overlay-wrap'><img decoding=\"async\" class='wp-image-41625 avia-img-lazy-loading-not-41625 avia_image' src=\"https:\/\/radiorevelacionfm.cl\/wp-content\/uploads\/2024\/04\/FOTO-1-47-1-1.jpeg\" alt='' title='FOTO 1 (47) (1) (1)' height=\"600\" width=\"941\"  itemprop=\"thumbnailUrl\" srcset=\"https:\/\/radiorevelacionfm.cl\/wp-content\/uploads\/2024\/04\/FOTO-1-47-1-1.jpeg 941w, https:\/\/radiorevelacionfm.cl\/wp-content\/uploads\/2024\/04\/FOTO-1-47-1-1-300x191.jpeg 300w, https:\/\/radiorevelacionfm.cl\/wp-content\/uploads\/2024\/04\/FOTO-1-47-1-1-768x490.jpeg 768w, https:\/\/radiorevelacionfm.cl\/wp-content\/uploads\/2024\/04\/FOTO-1-47-1-1-705x450.jpeg 705w, https:\/\/radiorevelacionfm.cl\/wp-content\/uploads\/2024\/04\/FOTO-1-47-1-1-450x287.jpeg 450w, https:\/\/radiorevelacionfm.cl\/wp-content\/uploads\/2024\/04\/FOTO-1-47-1-1-600x383.jpeg 600w\" sizes=\"(max-width: 941px) 100vw, 941px\" \/><\/div><\/div><\/div><\/div>\n<div class=\"flex_column av_one_full  flex_column_div av-zero-column-padding first  avia-builder-el-2  el_after_av_one_full  el_before_av_one_full  column-top-margin\" style='border-radius:0px; '><section class=\"av_textblock_section \"  itemscope=\"itemscope\" itemtype=\"https:\/\/schema.org\/BlogPosting\" itemprop=\"blogPost\" ><div class='avia_textblock  '   itemprop=\"text\" ><p style=\"text-align: center;\"><strong><span style=\"font-size: 18pt;\">Autoridades y dirigentes\/as de Ays\u00e9n valoran alianza estrat\u00e9gica que permiti\u00f3 desarrollar la segunda escuela de formaci\u00f3n social \u00abHerramientas de Liderazgo Comunitario\u201d<\/span><\/strong><\/p>\n<div id=\"gtx-trans\" style=\"position: absolute; left: -50px; top: 4.31534px;\">\n<div class=\"gtx-trans-icon\"><\/div>\n<\/div>\n<\/div><\/section><\/div><div class=\"flex_column av_one_full  flex_column_div av-zero-column-padding first  avia-builder-el-4  el_after_av_one_full  el_before_av_hr  column-top-margin\" style='border-radius:0px; '><section class=\"av_textblock_section \"  itemscope=\"itemscope\" itemtype=\"https:\/\/schema.org\/BlogPosting\" itemprop=\"blogPost\" ><div class='avia_textblock  '   itemprop=\"text\" ><p style=\"text-align: justify;\"><em>La alianza estrat\u00e9gica se estableci\u00f3 entre la Divisi\u00f3n de Organizaciones Sociales de la Secretar\u00eda General de Gobierno, SEGEGOB, y la Unidad de Organizaciones Comunitarias, perteneciente a la DIDECO de la Municipalidad de Ays\u00e9n. <\/em><\/p>\n<p style=\"text-align: justify;\">Con una gran asistencia y participaci\u00f3n de dirigentes sociales, se llev\u00f3 a cabo la segunda escuela de formaci\u00f3n social denominada \u00abHerramientas de Liderazgo Comunitario\u201d, dictada por nuestra Divisi\u00f3n de Organizaciones Sociales de la Segegob, en la Casa de la Cultura de la Municipalidad de Ays\u00e9n, instancia en la cual las y los participantes pudieron obtener diversos instrumentos comunicacionales para as\u00ed tener mayor capacidad persuasiva para con sus organizaciones.<\/p>\n<p style=\"text-align: justify;\">\u201cComo Segegob, estamos muy contentos de haber generado una alianza estrat\u00e9gica con la Direcci\u00f3n de Desarrollo Comunitario de la Municipalidad de Ays\u00e9n, quienes han buscado este trabajo colaborativo para poder entregar herramientas y capacitar de manera integral a las distintas organizaciones comunitarias de Ays\u00e9n. Esta alianza estrat\u00e9gica comenz\u00f3 en enero y ya se ha proyectado un trabajo conjunto por todo el a\u00f1o 2024, que busca realizar 11 escuelas de formaci\u00f3n social a las dirigencias de la comuna de Ays\u00e9n y que abarcar\u00e1 tanto territorio continental como insular\u201d, asever\u00f3 la seremi de Gobierno, Tatiana Pl\u00e1 \u00c1lvarez.<\/p>\n<p style=\"text-align: justify;\">La vocera de gobierno se\u00f1al\u00f3 que hasta la fecha llevan realizadas 2 escuelas de formaci\u00f3n social, \u201cMujeres Lideresas\u201d y \u201cHerramientas de Liderazgo Comunitario\u201d-con fechas pr\u00f3ximas ya convenidas- donde han participado m\u00e1s 30 personas, tanto dirigentas\u00a0 como dirigentes,\u00a0 socios,\u00a0 e incluso j\u00f3venes que se est\u00e1n iniciando en el trabajo dirigencial o, simplemente, que han querido instruirse para as\u00ed contar con mayor conocimiento y herramientas.<\/p>\n<p style=\"text-align: justify;\">El alcalde de la Municipalidad de Ays\u00e9n, Julio Uribe, quien se hizo presente durante la capacitaci\u00f3n, se mostr\u00f3 muy conforme con la realizaci\u00f3n de la escuela de formaci\u00f3n social y con el inter\u00e9s de capacitarse, que muestran las y los dirigentes de la comuna. \u201cEs muy importante para nosotros como municipio el poder estar haciendo esta alianza estrat\u00e9gica con la Secretar\u00eda General de Gobierno. Hoy d\u00eda estamos en una escuela de formaci\u00f3n, pero nosotros hemos desarrollado un trabajo m\u00e1s all\u00e1, que es el fortalecimiento de las organizaciones -que es tambi\u00e9n con un proyecto de la SEREMI de Gobierno- pero hoy d\u00eda vemos que nuestros vecinos tambi\u00e9n est\u00e1n enfocados en su dirigencia, en aprender de liderazgo. Creo que a trav\u00e9s de la relatora, esta escuela ha dejado muy conforme a los vecinos y para nosotros como municipio el fortalecer nuestras organizaciones es lo m\u00e1s importante, porque desde ah\u00ed nosotros generamos comunidad, alianza y podemos postular a m\u00e1s proyectos y organizar a todas nuestras comunidades. As\u00ed que el hecho de que nuestros vecinos est\u00e9n interesados en capacitarse es maravilloso, y vamos a tener as\u00ed una mejor comuna\u201d.<\/p>\n<p style=\"text-align: justify;\">\u201cEl taller que se est\u00e1 impartiendo hoy en Puerto Ays\u00e9n es un espacio bastante importante, dado que son estrategias que se le entregan a las personas, justamente para poder trabajar de manera mucho m\u00e1s efectiva con su organizaciones sociales y territoriales, por lo tanto me parece que este tipo de actividades que est\u00e1 haciendo el Gobierno son importantes para todos quienes somos dirigentes y que cada d\u00eda vamos aprendiendo m\u00e1s acerca de c\u00f3mo podemos trabajar con nuestras comunidades, organizarnos de mejor forma, hacer que la gente participe m\u00e1s y una serie de otros temas que nos interesan,\u00a0 como canalizar la informaci\u00f3n hacia las instituciones p\u00fablicas, organizaciones privadas y finalmente poder avanzar como comunidad\u201d, afirm\u00f3 Domingo Quidel Vel\u00e1squez, presidente del Comit\u00e9 Campesino La Barra de Puerto Ays\u00e9n.<\/p>\n<p style=\"text-align: justify;\">Ana Nahuelqu\u00edn, presidenta Club Adulto Mayor \u201cDejando Huellas\u201d de Puerto Ays\u00e9n, particip\u00f3 de la escuela de formaci\u00f3n social y se mostr\u00f3 muy agradecida por la experiencia. \u201cyo hace tiempo que necesitaba una escuela como esta, as\u00ed que lo valoro mucho, porque estoy aprendiendo de esto y no hab\u00eda tenido la\u00a0 oportunidad de venir a esta escuela, porque yo llegu\u00e9 a ser presidenta de un club de adulto mayor despu\u00e9s de jubilarme y ahora soy presidenta del club, entonces esto yo lo encuentro genial, as\u00ed puedo aprender a hablarle a los socios de mi club, porque ellos son sensibles, entonces esta escuela me ha ayudado mucho\u201d coment\u00f3 la presidenta del Club Adulto Mayor \u201cDejando Huellas\u201d.<\/p>\n<p style=\"text-align: justify;\">La malla program\u00e1tica de la Divisi\u00f3n de Organizaciones Sociales 2022-2026 contempla cinco m\u00f3dulos: Chile Organizado, Chile Participativo, Chile Sustentable, Chile Igualitario y Chile que Cuida y Protege, que a su vez est\u00e1n divididos en sub tem\u00e1ticas. Si perteneces a alguna organizaci\u00f3n y te interesa obtener m\u00e1s informaci\u00f3n sobre nuestra oferta program\u00e1tica, puedes acercarte a las oficinas de la Divisi\u00f3n de las Organizaciones Sociales, ubicadas en Avenida Ogana 798, Coyhaique, o llamar al n\u00famero fijo 67- 2217533.<\/p>\n<\/div><\/section><\/div><div  style='height:50px' class='hr hr-invisible   avia-builder-el-6  el_after_av_one_full  el_before_av_social_share '><span class='hr-inner ' ><span class='hr-inner-style'><\/span><\/span><\/div><\/p>\n<div  class='av-social-sharing-box  avia-builder-el-7  el_after_av_hr  el_before_av_hr  '><div class='av-share-box'><h5 class='av-share-link-description av-no-toc '>Compartir esta noticia<\/h5><ul class='av-share-box-list noLightbox'><li class='av-share-link av-social-link-facebook' ><a target=\"_blank\" aria-label=\"Compartir en Facebook\" href='https:\/\/www.facebook.com\/sharer.php?u=https:\/\/radiorevelacionfm.cl\/?p=41624&#038;t=Autoridades%20y%20dirigentes%2Fas%20de%20Ays%C3%A9n%20valoran%20alianza%20estrat%C3%A9gica%20que%20permiti%C3%B3%20desarrollar%20la%20segunda%20escuela%20de%20formaci%C3%B3n%20social%20%C2%ABHerramientas%20de%20Liderazgo%20Comunitario%E2%80%9D' aria-hidden='false' data-av_icon='\ue8f3' data-av_iconfont='entypo-fontello' title='' data-avia-related-tooltip='Compartir en Facebook' rel=\"noopener\"><span class='avia_hidden_link_text'>Compartir en Facebook<\/span><\/a><\/li><li class='av-share-link av-social-link-twitter' ><a target=\"_blank\" aria-label=\"Compartir en Twitter\" href='https:\/\/twitter.com\/share?text=Autoridades%20y%20dirigentes%2Fas%20de%20Ays%C3%A9n%20valoran%20alianza%20estrat%C3%A9gica%20que%20permiti%C3%B3%20desarrollar%20la%20segunda%20escuela%20de%20formaci%C3%B3n%20social%20%C2%ABHerramientas%20de%20Liderazgo%20Comunitario%E2%80%9D&#038;url=https:\/\/radiorevelacionfm.cl\/?p=41624' aria-hidden='false' data-av_icon='\ue8f1' data-av_iconfont='entypo-fontello' title='' data-avia-related-tooltip='Compartir en Twitter' rel=\"noopener\"><span class='avia_hidden_link_text'>Compartir en Twitter<\/span><\/a><\/li><li class='av-share-link av-social-link-whatsapp' ><a target=\"_blank\" aria-label=\"Compartir en Whatsapp\" href='https:\/\/api.whatsapp.com\/send?text=https:\/\/radiorevelacionfm.cl\/?p=41624' aria-hidden='false' data-av_icon='\uf232' data-av_iconfont='entypo-fontello' title='' data-avia-related-tooltip='Compartir en Whatsapp' rel=\"noopener\"><span class='avia_hidden_link_text'>Compartir en Whatsapp<\/span><\/a><\/li><li class='av-share-link av-social-link-linkedin' ><a target=\"_blank\" aria-label=\"Compartir en LinkedIn\" href='https:\/\/linkedin.com\/shareArticle?mini=true&#038;title=Autoridades%20y%20dirigentes%2Fas%20de%20Ays%C3%A9n%20valoran%20alianza%20estrat%C3%A9gica%20que%20permiti%C3%B3%20desarrollar%20la%20segunda%20escuela%20de%20formaci%C3%B3n%20social%20%C2%ABHerramientas%20de%20Liderazgo%20Comunitario%E2%80%9D&#038;url=https:\/\/radiorevelacionfm.cl\/?p=41624' aria-hidden='false' data-av_icon='\ue8fc' data-av_iconfont='entypo-fontello' title='' data-avia-related-tooltip='Compartir en LinkedIn' rel=\"noopener\"><span class='avia_hidden_link_text'>Compartir en LinkedIn<\/span><\/a><\/li><li class='av-share-link av-social-link-mail' ><a  aria-label=\"Compartir por correo\" href='mailto:?subject=Autoridades%20y%20dirigentes%2Fas%20de%20Ays%C3%A9n%20valoran%20alianza%20estrat%C3%A9gica%20que%20permiti%C3%B3%20desarrollar%20la%20segunda%20escuela%20de%20formaci%C3%B3n%20social%20%C2%ABHerramientas%20de%20Liderazgo%20Comunitario%E2%80%9D&#038;body=https:\/\/radiorevelacionfm.cl\/?p=41624' aria-hidden='false' data-av_icon='\ue805' data-av_iconfont='entypo-fontello' title='' data-avia-related-tooltip='Compartir por correo'><span class='avia_hidden_link_text'>Compartir por correo<\/span><\/a><\/li><\/ul><\/div><\/div>\n<div  style='height:50px' class='hr hr-invisible   avia-builder-el-8  el_after_av_social_share  el_before_av_comments_list '><span class='hr-inner ' ><span class='hr-inner-style'><\/span><\/span><\/div>\n<div  class='av-buildercomment  av-blog-meta-html-info-disabled av-blog-meta-tag-disabled  '><\/div>\n","protected":false},"excerpt":{"rendered":"","protected":false},"author":1,"featured_media":41625,"comment_status":"open","ping_status":"open","sticky":false,"template":"","format":"standard","meta":{"footnotes":""},"categories":[38],"tags":[],"class_list":["post-41624","post","type-post","status-publish","format-standard","has-post-thumbnail","hentry","category-regional"],"jetpack_featured_media_url":"https:\/\/radiorevelacionfm.cl\/wp-content\/uploads\/2024\/04\/FOTO-1-47-1-1.jpeg","_links":{"self":[{"href":"https:\/\/radiorevelacionfm.cl\/index.php?rest_route=\/wp\/v2\/posts\/41624","targetHints":{"allow":["GET"]}}],"collection":[{"href":"https:\/\/radiorevelacionfm.cl\/index.php?rest_route=\/wp\/v2\/posts"}],"about":[{"href":"https:\/\/radiorevelacionfm.cl\/index.php?rest_route=\/wp\/v2\/types\/post"}],"author":[{"embeddable":true,"href":"https:\/\/radiorevelacionfm.cl\/index.php?rest_route=\/wp\/v2\/users\/1"}],"replies":[{"embeddable":true,"href":"https:\/\/radiorevelacionfm.cl\/index.php?rest_route=%2Fwp%2Fv2%2Fcomments&post=41624"}],"version-history":[{"count":4,"href":"https:\/\/radiorevelacionfm.cl\/index.php?rest_route=\/wp\/v2\/posts\/41624\/revisions"}],"predecessor-version":[{"id":41646,"href":"https:\/\/radiorevelacionfm.cl\/index.php?rest_route=\/wp\/v2\/posts\/41624\/revisions\/41646"}],"wp:featuredmedia":[{"embeddable":true,"href":"https:\/\/radiorevelacionfm.cl\/index.php?rest_route=\/wp\/v2\/media\/41625"}],"wp:attachment":[{"href":"https:\/\/radiorevelacionfm.cl\/index.php?rest_route=%2Fwp%2Fv2%2Fmedia&parent=41624"}],"wp:term":[{"taxonomy":"category","embeddable":true,"href":"https:\/\/radiorevelacionfm.cl\/index.php?rest_route=%2Fwp%2Fv2%2Fcategories&post=41624"},{"taxonomy":"post_tag","embeddable":true,"href":"https:\/\/radiorevelacionfm.cl\/index.php?rest_route=%2Fwp%2Fv2%2Ftags&post=41624"}],"curies":[{"name":"wp","href":"https:\/\/api.w.org\/{rel}","templated":true}]}}